{"id":11692,"date":"2023-11-20T11:16:36","date_gmt":"2023-11-20T16:16:36","guid":{"rendered":"https:\/\/www.amchambaq.com\/?p=11692"},"modified":"2023-11-20T11:16:36","modified_gmt":"2023-11-20T16:16:36","slug":"barranquilla-ciudad-modelo-para-la-onu-en-restauracion-del-medio-ambiente","status":"publish","type":"post","link":"https:\/\/www.amchambaq.com\/en\/barranquilla-ciudad-modelo-para-la-onu-en-restauracion-del-medio-ambiente\/","title":{"rendered":"Barranquilla, ciudad modelo para la ONU en restauraci\u00f3n del medio ambiente"},"content":{"rendered":"<div id=\"body\" class=\"content-article size-m\">\n<p>Este martes, el alcalde\u00a0<strong>Jaime Pumarejo<\/strong>\u00a0anunci\u00f3 que Barranquilla es una de las 11 ciudades en el mundo escogidas como modelo de restauraci\u00f3n y preservaci\u00f3n medioambiental por parte del\u00a0<strong>Programa de las Naciones Unidas<\/strong>\u00a0para el\u00a0<strong>Medio Ambiente.<\/strong><\/p>\n<\/div>\n<div id=\"paragraphs\" class=\"content-article paragraphs size-m\">\n<div class=\"field-collection-container clearfix\">\n<div class=\"field field-name-field-contenido-articulos-2 field-type-field-collection field-label-hidden\">\n<div class=\"field-item even\">\n<div class=\"field-collection-view clearfix view-mode-full field-collection-view-final\">\n<div>\n<div class=\"content\">\n<div class=\"paragraphs-items paragraphs-items-field-campos paragraphs-items-field-campos-full paragraphs-items-full\">\n<div class=\"field field-name-field-campos field-type-paragraphs field-label-hidden\">\n<div class=\"field-item even\">\n<div id=\"relacionado-body\">\n<div class=\"box-title\">\n<p>\u201cEs un orgullo que est\u00e9n destacando que vamos en la direcci\u00f3n correcta y estamos haciendo lo que nos corresponde para preservar nuestros mangles y cuerpos de agua\u201d, expres\u00f3 el mandatario distrital.<\/p>\n<p>De acuerdo con Pumarejo, la ciudad fue incluida en este selecto listado por el\u00a0<strong>proceso de restauraci\u00f3n i<\/strong>ntegral de la<strong>\u00a0ci\u00e9naga de Mallorqu\u00edn<\/strong>\u00a0y la creaci\u00f3n del ecoparque que permite la interacci\u00f3n de la ciudadan\u00eda con m\u00e1s de 188 especies de fauna y flora.<\/p>\n<p>De esta manera, la capital del Atl\u00e1ntico se constituye en una de las\u00a0<strong>once capitales del mundo\u00a0<\/strong>que reciben este reconocimiento por implementar proyectos para fortalecer la promoci\u00f3n y compartir conocimientos para la restauraci\u00f3n del medio ambiente.<\/p>\n<p>Esta distinci\u00f3n le abre nuevas puertas de cooperaci\u00f3n internacional a la capital del Atl\u00e1ntico durante los pr\u00f3ximos dos a\u00f1os a trav\u00e9s de este programa de la UNEP, lo que se traduce en nuevos proyectos para la ciudad en conceptos de desarrollo sostenible.<\/p>\n<div class=\"field-item odd\">\n<div class=\"entity entity-paragraphs-item paragraphs-item-descripcion\">\n<div class=\"content\">\n<div class=\"field field-name-field-descripcion field-type-text-long field-label-hidden\">\n<div class=\"field-items\">\n<div class=\"field-item even\">\n<p>El anuncio se realiz\u00f3 en el marco del D\u00eda Mundial de las Ciudades, bajo la direcci\u00f3n de Mirey Atallah, jefa de la Subdivisi\u00f3n de Naturaleza para el Clima, de la divisi\u00f3n de ecosistemas de la UNEP, quien celebr\u00f3 esta iniciativa.<\/p>\n<p>\u201cAdoptar soluciones basadas en la naturaleza en nuestros paisajes urbanos es un compromiso con un futuro m\u00e1s verde y sostenible tanto para los ciudadanos como para las \u00e1reas urbanas que ocupan. La restauraci\u00f3n es la luz que gu\u00eda a las ciudades en su esfuerzo por armonizar con la naturaleza, construyendo comunidades resilientes y pr\u00f3speras que coexistan armoniosamente con el medio ambiente&#8221;, manifest\u00f3 la alta funcionaria.<\/p>\n<p>Al tiempo, el jefe de la Oficina de Relaciones Internacionales, Manuel Trujillo, explic\u00f3 Barranquilla ahora entra a las grandes ligas de ciudades verdes a nivel mundial.<\/p>\n<p>\u201cM\u00e1s que un reconocimiento, es una apuesta que el mundo decide hacerle a nuestra ciudad por su visi\u00f3n a largo plazo donde el desarrollo social, econ\u00f3mico y ambiental confluyen en pro de una mejor calidad de vida para sus habitantes\u201d, enfatiz\u00f3 Trujillo.<\/p>\n<\/div>\n<\/div>\n<\/div>\n<\/div>\n<\/div>\n<\/div>\n<div class=\"field-item even\">\n<div class=\"content-titulo\">\n<div class=\"titulo\"><strong>Ecoparque Mallorqu\u00edn<\/strong><\/div>\n<\/div>\n<\/div>\n<div class=\"field-item odd\">\n<div class=\"entity entity-paragraphs-item paragraphs-item-descripcion\">\n<div class=\"content\">\n<div class=\"field field-name-field-descripcion field-type-text-long field-label-hidden\">\n<div class=\"field-items\">\n<div class=\"field-item even\">\n<p>Ecoparque Mallorqu\u00edn busca recuperar la ci\u00e9naga para generar calidad de vida, turismo y empleo; adem\u00e1s, los barranquilleros y visitantes pueden realizar varias actividades, entre ellas,\u00a0\u00a0avistamiento de aves, practicar deportes n\u00e1uticos, etc.<\/p>\n<p>Otros proyectos que han conectado a la ciudad con la naturaleza son: la recuperaci\u00f3n de ca\u00f1os, la intervenci\u00f3n en la playa Puerto Mocho y el tren tur\u00edstico Las Flores, el Riob\u00fas Karakal\u00ed, la recuperaci\u00f3n de m\u00e1s de 260 parques en toda la ciudad y el Gran Malec\u00f3n.<\/p>\n<\/div>\n<\/div>\n<\/div>\n<\/div>\n<\/div>\n<\/div>\n<\/div>\n<\/div>\n<\/div>\n<\/div>\n<\/div>\n<\/div>\n<\/div>\n<\/div>\n<\/div>\n<\/div>\n<\/div>\n<\/div>","protected":false},"excerpt":{"rendered":"<p>Este martes, el alcalde\u00a0Jaime Pumarejo\u00a0anunci\u00f3 que Barranquilla es una de las 11 ciudades en el mundo escogidas como modelo de restauraci\u00f3n y preservaci\u00f3n medioambiental por parte del\u00a0Programa de las Naciones Unidas\u00a0para el\u00a0Medio Ambiente. \u201cEs un orgullo que est\u00e9n destacando que vamos en la direcci\u00f3n correcta y estamos haciendo lo que nos corresponde para preservar nuestros<\/p>","protected":false},"author":1,"featured_media":11693,"comment_status":"closed","ping_status":"closed","sticky":false,"template":"","format":"standard","meta":{"footnotes":""},"categories":[342,181],"tags":[],"class_list":["post-11692","post","type-post","status-publish","format-standard","has-post-thumbnail","hentry","category-news","category-noticias"],"views":39,"_links":{"self":[{"href":"https:\/\/www.amchambaq.com\/en\/wp-json\/wp\/v2\/posts\/11692","targetHints":{"allow":["GET"]}}],"collection":[{"href":"https:\/\/www.amchambaq.com\/en\/wp-json\/wp\/v2\/posts"}],"about":[{"href":"https:\/\/www.amchambaq.com\/en\/wp-json\/wp\/v2\/types\/post"}],"author":[{"embeddable":true,"href":"https:\/\/www.amchambaq.com\/en\/wp-json\/wp\/v2\/users\/1"}],"replies":[{"embeddable":true,"href":"https:\/\/www.amchambaq.com\/en\/wp-json\/wp\/v2\/comments?post=11692"}],"version-history":[{"count":1,"href":"https:\/\/www.amchambaq.com\/en\/wp-json\/wp\/v2\/posts\/11692\/revisions"}],"predecessor-version":[{"id":11694,"href":"https:\/\/www.amchambaq.com\/en\/wp-json\/wp\/v2\/posts\/11692\/revisions\/11694"}],"wp:featuredmedia":[{"embeddable":true,"href":"https:\/\/www.amchambaq.com\/en\/wp-json\/wp\/v2\/media\/11693"}],"wp:attachment":[{"href":"https:\/\/www.amchambaq.com\/en\/wp-json\/wp\/v2\/media?parent=11692"}],"wp:term":[{"taxonomy":"category","embeddable":true,"href":"https:\/\/www.amchambaq.com\/en\/wp-json\/wp\/v2\/categories?post=11692"},{"taxonomy":"post_tag","embeddable":true,"href":"https:\/\/www.amchambaq.com\/en\/wp-json\/wp\/v2\/tags?post=11692"}],"curies":[{"name":"wp","href":"https:\/\/api.w.org\/{rel}","templated":true}]}}