{"id":11657,"date":"2023-10-26T15:38:58","date_gmt":"2023-10-26T20:38:58","guid":{"rendered":"https:\/\/www.amchambaq.com\/?p=11657"},"modified":"2023-10-26T15:38:58","modified_gmt":"2023-10-26T20:38:58","slug":"comite-de-panam-sports-ratifica-a-b-quilla-como-sede-de-los-panamericanos","status":"publish","type":"post","link":"https:\/\/www.amchambaq.com\/en\/comite-de-panam-sports-ratifica-a-b-quilla-como-sede-de-los-panamericanos\/","title":{"rendered":"Comit\u00e9 de Panam Sports ratifica a B\/quilla como sede de los Panamericanos"},"content":{"rendered":"<p>Buenas noticias. El Comit\u00e9 Ejecutivo de\u00a0<strong>Panam Sports<\/strong>, presidido por el chileno Neven Ilic \u00c1lvarez, ratific\u00f3 a<strong>\u00a0Barranquilla\u00a0<\/strong>como sede de los\u00a0<strong>Juegos Panamericanos 2027<\/strong>, este jueves en Santiago de Chile, gracias a los compromisos y respaldo de la Alcald\u00eda Distrital, la Gobernaci\u00f3n del Atl\u00e1ntico, el Gobierno Nacional y el Comit\u00e9 Ol\u00edmpico Colombiano (COC).<\/p>\n<p>Se estima un costo de aproximadamente de 400 millones de d\u00f3lares. Se preparar\u00e1 una muestra del\u00a0<strong>Carnaval de Barranquilla<\/strong>\u00a0para la clausura de las justas que se vienen desarrollando en territorio chileno.<\/p>\n<p><a href=\"https:\/\/www.elheraldo.co\/\" target=\"_blank\" rel=\"noopener\">EL HERALDO<\/a>\u00a0habl\u00f3 con<strong>\u00a0Ciro Solano<\/strong>, presidente del\u00a0<strong>COC<\/strong>, que confirm\u00f3 la buena nueva.<\/p>\n<div class=\"field field-name-field-preguta field-type-text field-label-above\">\n<p><strong>\u00bfCu\u00e1l es la noticia en estos momentos?\u00a0<\/strong><\/p>\n<p>Ratificada la sede de los Juegos Panamericanos de 2027. Hoy, en sesi\u00f3n del Comit\u00e9 Ejecutivo de Panam Sports, liderado por el chileno Neven Ilic, se tom\u00f3 la determinaci\u00f3n de ratificar a Barranquilla. El d\u00eda de la clausura de Santiago-2023, el Gobierno Nacional, el presidente Gustavo Petro o su ministra de Deporte, Astrid Rodr\u00edguez, y el alcalde de Barranquilla, recibir\u00e1n la bandera de Panam Sport para que sean sede de los pr\u00f3ximos Juegos Panamericanos del 2027.<\/p>\n<div class=\"field field-name-field-preguta field-type-text field-label-above\">\n<p><strong>\u00bfC\u00f3mo se logr\u00f3 llegar a este final feliz?\u00a0<\/strong><\/p>\n<div class=\"field-item odd\">\n<div class=\"field-collection-view clearfix view-mode-full\">\n<div>\n<div class=\"content\">\n<div class=\"field field-name-field-respuesta field-type-text-long field-label-above\">\n<p>Un gran trabajo articulado en cabeza de la ministra Astrid Rodr\u00edguez, con el respaldo del Gobierno Nacional, del alcalde Jaime Pumarejo, de la Gobernaci\u00f3n del Atl\u00e1ntico y el Comit\u00e9 Ol\u00edmpico Colombiano. Tuvimos muchas reuniones en la ciudad de Barranquilla, en la ciudad de Santiago de Chile, en el marco de los Juegos, y se lleg\u00f3 a un acuerdo de pago de las cuotas atrasadas y de verdad que el compromiso es grande, por parte del Gobierno y del Distrito de Barranquilla. Le vamos a cumplir a Panam Sports. Todo este manejo llev\u00f3 a que Panam volviera a tener la confianza en Barranquilla 2027. El primer paso es instalar el Comit\u00e9 Organizador el d\u00eda 16 de noviembre en una sesi\u00f3n en Barranquilla.<\/p>\n<\/div>\n<\/div>\n<\/div>\n<\/div>\n<\/div>\n<div class=\"field-item even\">\n<div class=\"field-collection-view clearfix view-mode-full\">\n<div>\n<div class=\"content\">\n<div class=\"field field-name-field-preguta field-type-text field-label-above\">\n<div class=\"field field-name-field-preguta field-type-text field-label-above\">\n<p><strong>\u00bfHubo alguna comunicaci\u00f3n para Panam Sports de parte del presidente Gustavo Petro, que hasta ahora p\u00fablicamente no ha expresado nada?<\/strong><\/p>\n<div class=\"field-item even\">\n<div class=\"field-collection-view clearfix view-mode-full\">\n<div>\n<div class=\"content\">\n<div class=\"field field-name-field-respuesta field-type-text-long field-label-above\">\n<p>Bueno, la se\u00f1ora ministra siempre estuvo hablando a nombre del Gobierno Nacional, en esto tambi\u00e9n intervino el se\u00f1or Ministro de Hacienda, el doctor Bonilla. Todo el respaldo del Gobierno Nacional se hizo de una forma muy silenciosa y los frutos se est\u00e1n dando, por eso dedico a la sociedad mi agradecimiento tanto al Gobierno Nacional como al Distrito de Barranquilla, y por supuesto tambi\u00e9n a la Gobernaci\u00f3n del Atl\u00e1ntico, que son los tres entes que han apoyado esta gran iniciativa y este gran proyecto para el deporte colombiano y para el pa\u00eds en general.<\/p>\n<\/div>\n<\/div>\n<\/div>\n<\/div>\n<\/div>\n<div class=\"field-item odd\">\n<div class=\"field-collection-view clearfix view-mode-full\">\n<div>\n<div class=\"content\">\n<div class=\"field field-name-field-preguta field-type-text field-label-above\">\n<div class=\"field field-name-field-preguta field-type-text field-label-above\">\n<p><strong>Con todas las reformas que se han hecho, con las nuevas propuestas, \u00bfa cu\u00e1nto estar\u00eda ascendiendo la inversi\u00f3n en los juegos?<\/strong><\/p>\n<div class=\"field-item odd\">\n<div class=\"field-collection-view clearfix view-mode-full\">\n<div>\n<div class=\"content\">\n<div class=\"field field-name-field-respuesta field-type-text-long field-label-above\">\n<p>Bueno, con una reformulaci\u00f3n del presupuesto estamos hablando de aproximadamente 400 millones de d\u00f3lares, eso lo vamos a tocar en la primera reuni\u00f3n. Hay un preacuerdo en eso con el propio presidente Neven Ilic tras su \u00faltima visita a la ciudad, donde se trabaj\u00f3 en una mesa t\u00e9cnica con miembros de la Alcald\u00eda, del Ministerio del Deporte, con miembros de la Gobernaci\u00f3n, y por supuesto por el Comit\u00e9 Ol\u00edmpico Colombiano.<\/p>\n<\/div>\n<\/div>\n<\/div>\n<\/div>\n<\/div>\n<div class=\"field-item even\">\n<div class=\"field-collection-view clearfix view-mode-full field-collection-view-final\">\n<div>\n<div class=\"content\">\n<div class=\"field field-name-field-preguta field-type-text field-label-above\">\n<div class=\"field field-name-field-preguta field-type-text field-label-above\">\n<p><strong>\u00bfSe tiene preparado alg\u00fan tipo de acto en la clausura en Santiago-2023?\u00a0<\/strong><\/p>\n<\/div>\n<div class=\"field field-name-field-respuesta field-type-text-long field-label-above\">\n<div id=\"paragraphs\" class=\"content-article paragraphs size-m\">\n<div class=\"paragraphs-items paragraphs-items-field-contenido-articulo-4 paragraphs-items-field-contenido-articulo-4-full paragraphs-items-full\">\n<div class=\"field field-name-field-contenido-articulo-4 field-type-paragraphs field-label-hidden\">\n<div class=\"field-items\">\n<div class=\"field-item even\">\n<div class=\"entity entity-paragraphs-item paragraphs-item-entrevista\">\n<div class=\"content\">\n<div class=\"field-collection-container clearfix\">\n<div class=\"field field-name-field-entrevista field-type-field-collection field-label-hidden\">\n<div class=\"field-items\">\n<div class=\"field-item even\">\n<div class=\"field-collection-view clearfix view-mode-full field-collection-view-final\">\n<div>\n<div class=\"content\">\n<div class=\"field field-name-field-respuesta field-type-text-long field-label-above\">\n<p>Barranquilla va a traer una muestra del Carnaval, que se va a presentar en la clausura, estamos trabajando eso con la secretaria general, Mar\u00eda M\u00f3nica Hern\u00e1ndez. Estamos a toda la la carrera para mostrarle a Am\u00e9rica la grandeza de nuestra patria, a trav\u00e9s de nuestro folclor, y qu\u00e9 m\u00e1s que hacer una muestra del Carnaval de Barranquilla.<\/p>\n<\/div>\n<\/div>\n<\/div>\n<\/div>\n<\/div>\n<\/div>\n<\/div>\n<\/div>\n<\/div>\n<\/div>\n<\/div>\n<\/div>\n<\/div>\n<\/div>\n<\/div>\n<div id=\"redes\" class=\"redes-compartir\"><\/div>\n<\/div>\n<\/div>\n<\/div>\n<\/div>\n<\/div>\n<\/div>\n<\/div>\n<div class=\"field field-name-field-respuesta field-type-text-long field-label-above\"><\/div>\n<\/div>\n<\/div>\n<\/div>\n<\/div>\n<\/div>\n<\/div>\n<div class=\"field field-name-field-respuesta field-type-text-long field-label-above\"><\/div>\n<\/div>\n<\/div>\n<\/div>\n<\/div>\n<\/div>\n<\/div>\n<div class=\"field field-name-field-respuesta field-type-text-long field-label-above\"><\/div>\n<\/div>\n<div class=\"field field-name-field-respuesta field-type-text-long field-label-above\"><\/div>","protected":false},"excerpt":{"rendered":"<p>Buenas noticias. El Comit\u00e9 Ejecutivo de\u00a0Panam Sports, presidido por el chileno Neven Ilic \u00c1lvarez, ratific\u00f3 a\u00a0Barranquilla\u00a0como sede de los\u00a0Juegos Panamericanos 2027, este jueves en Santiago de Chile, gracias a los compromisos y respaldo de la Alcald\u00eda Distrital, la Gobernaci\u00f3n del Atl\u00e1ntico, el Gobierno Nacional y el Comit\u00e9 Ol\u00edmpico Colombiano (COC). Se estima un costo de<\/p>","protected":false},"author":1,"featured_media":11658,"comment_status":"closed","ping_status":"closed","sticky":false,"template":"","format":"standard","meta":{"footnotes":""},"categories":[342,181],"tags":[],"class_list":["post-11657","post","type-post","status-publish","format-standard","has-post-thumbnail","hentry","category-news","category-noticias"],"views":43,"_links":{"self":[{"href":"https:\/\/www.amchambaq.com\/en\/wp-json\/wp\/v2\/posts\/11657","targetHints":{"allow":["GET"]}}],"collection":[{"href":"https:\/\/www.amchambaq.com\/en\/wp-json\/wp\/v2\/posts"}],"about":[{"href":"https:\/\/www.amchambaq.com\/en\/wp-json\/wp\/v2\/types\/post"}],"author":[{"embeddable":true,"href":"https:\/\/www.amchambaq.com\/en\/wp-json\/wp\/v2\/users\/1"}],"replies":[{"embeddable":true,"href":"https:\/\/www.amchambaq.com\/en\/wp-json\/wp\/v2\/comments?post=11657"}],"version-history":[{"count":1,"href":"https:\/\/www.amchambaq.com\/en\/wp-json\/wp\/v2\/posts\/11657\/revisions"}],"predecessor-version":[{"id":11659,"href":"https:\/\/www.amchambaq.com\/en\/wp-json\/wp\/v2\/posts\/11657\/revisions\/11659"}],"wp:featuredmedia":[{"embeddable":true,"href":"https:\/\/www.amchambaq.com\/en\/wp-json\/wp\/v2\/media\/11658"}],"wp:attachment":[{"href":"https:\/\/www.amchambaq.com\/en\/wp-json\/wp\/v2\/media?parent=11657"}],"wp:term":[{"taxonomy":"category","embeddable":true,"href":"https:\/\/www.amchambaq.com\/en\/wp-json\/wp\/v2\/categories?post=11657"},{"taxonomy":"post_tag","embeddable":true,"href":"https:\/\/www.amchambaq.com\/en\/wp-json\/wp\/v2\/tags?post=11657"}],"curies":[{"name":"wp","href":"https:\/\/api.w.org\/{rel}","templated":true}]}}