{"id":11651,"date":"2023-10-24T14:44:13","date_gmt":"2023-10-24T19:44:13","guid":{"rendered":"https:\/\/www.amchambaq.com\/?p=11651"},"modified":"2023-10-24T14:44:13","modified_gmt":"2023-10-24T19:44:13","slug":"camara-colombo-americana-invita-a-los-ciudadanos-a-participar-activamente-en-elecciones-regionales","status":"publish","type":"post","link":"https:\/\/www.amchambaq.com\/en\/camara-colombo-americana-invita-a-los-ciudadanos-a-participar-activamente-en-elecciones-regionales\/","title":{"rendered":"C\u00e1mara Colombo Americana invita a los ciudadanos a participar activamente en elecciones regionales"},"content":{"rendered":"<p>La C\u00e1mara de Comercio Colombo Americana, AmCham Colombia, invita a todos los colombianos a participar activamente en las pr\u00f3ximas elecciones para escoger Alcaldes, Gobernadores, Concejales y Diputados y as\u00ed hacer uso de su derecho a elegir las personas m\u00e1s adecuadas para trabajar mancomunadamente entre el sector p\u00fablico y privado y generar crecimiento y viabilidad para el pa\u00eds.<\/p>\n<p>AmCham Colombia resalta que la democracia se fortalece con nuestra participaci\u00f3n. El futuro de Colombia se construir\u00e1 con la puesta en marcha de planes de Gobierno que impulsen la generaci\u00f3n de oportunidades, empleo formal en especial para j\u00f3venes y mujeres, desarrollo productivo y mayor aprovechamiento de las opciones de internacionalizaci\u00f3n. El trabajo formal creado por el tejido empresarial y la articulaci\u00f3n p\u00fablico-privada ser\u00e1n esenciales para el progreso de los colombianos y enfrentar los desaf\u00edos econ\u00f3micos que tiene el pa\u00eds.<\/p>\n<p>En esta \u00faltima semana antes de la apertura de las urnas el pr\u00f3ximo 29 de octubre, es importante que todos podamos revisar con detenimiento las propuestas de los candidatos a las corporaciones mencionadas y hacer la mejor elecci\u00f3n por el bien de todos.<\/p>","protected":false},"excerpt":{"rendered":"<p>La C\u00e1mara de Comercio Colombo Americana, AmCham Colombia, invita a todos los colombianos a participar activamente en las pr\u00f3ximas elecciones para escoger Alcaldes, Gobernadores, Concejales y Diputados y as\u00ed hacer uso de su derecho a elegir las personas m\u00e1s adecuadas para trabajar mancomunadamente entre el sector p\u00fablico y privado y generar crecimiento y viabilidad para<\/p>","protected":false},"author":1,"featured_media":11652,"comment_status":"closed","ping_status":"closed","sticky":false,"template":"","format":"standard","meta":{"footnotes":""},"categories":[342,181],"tags":[],"class_list":["post-11651","post","type-post","status-publish","format-standard","has-post-thumbnail","hentry","category-news","category-noticias"],"views":32,"_links":{"self":[{"href":"https:\/\/www.amchambaq.com\/en\/wp-json\/wp\/v2\/posts\/11651","targetHints":{"allow":["GET"]}}],"collection":[{"href":"https:\/\/www.amchambaq.com\/en\/wp-json\/wp\/v2\/posts"}],"about":[{"href":"https:\/\/www.amchambaq.com\/en\/wp-json\/wp\/v2\/types\/post"}],"author":[{"embeddable":true,"href":"https:\/\/www.amchambaq.com\/en\/wp-json\/wp\/v2\/users\/1"}],"replies":[{"embeddable":true,"href":"https:\/\/www.amchambaq.com\/en\/wp-json\/wp\/v2\/comments?post=11651"}],"version-history":[{"count":1,"href":"https:\/\/www.amchambaq.com\/en\/wp-json\/wp\/v2\/posts\/11651\/revisions"}],"predecessor-version":[{"id":11653,"href":"https:\/\/www.amchambaq.com\/en\/wp-json\/wp\/v2\/posts\/11651\/revisions\/11653"}],"wp:featuredmedia":[{"embeddable":true,"href":"https:\/\/www.amchambaq.com\/en\/wp-json\/wp\/v2\/media\/11652"}],"wp:attachment":[{"href":"https:\/\/www.amchambaq.com\/en\/wp-json\/wp\/v2\/media?parent=11651"}],"wp:term":[{"taxonomy":"category","embeddable":true,"href":"https:\/\/www.amchambaq.com\/en\/wp-json\/wp\/v2\/categories?post=11651"},{"taxonomy":"post_tag","embeddable":true,"href":"https:\/\/www.amchambaq.com\/en\/wp-json\/wp\/v2\/tags?post=11651"}],"curies":[{"name":"wp","href":"https:\/\/api.w.org\/{rel}","templated":true}]}}