{"id":11648,"date":"2023-10-23T10:08:38","date_gmt":"2023-10-23T15:08:38","guid":{"rendered":"https:\/\/www.amchambaq.com\/?p=11648"},"modified":"2023-10-23T10:08:38","modified_gmt":"2023-10-23T15:08:38","slug":"zonas-francas-a-exportar-por-conviccion-y-no-por-obligacion","status":"publish","type":"post","link":"https:\/\/www.amchambaq.com\/en\/zonas-francas-a-exportar-por-conviccion-y-no-por-obligacion\/","title":{"rendered":"Zonas francas, a exportar por \u201cconvicci\u00f3n y no por obligaci\u00f3n\u201d"},"content":{"rendered":"<p>Las\u00a0<strong>zonas francas en Colombia<\/strong>\u00a0se les abri\u00f3 el panorama para el pr\u00f3ximo a\u00f1o.<\/p>\n<p>s\u00ed lo considera Analdex que despu\u00e9s de la decisi\u00f3n de\u00a0<strong>la Corte Constitucional<\/strong>\u00a0de no atar la tarifa de renta de 20% con planes de internacionalizaci\u00f3n a los usuarios de zonas francas, calificados antes del 13 de diciembre de 2022, permite tener un camino m\u00e1s claro de cara al pr\u00f3ximo a\u00f1o.<\/p>\n<p>&#8220;Es un mensaje de tranquilidad para que las zonas francas puedan exportar por convicci\u00f3n y no por obligaci\u00f3n, y que 2024 sea un a\u00f1o a\u00fan m\u00e1s exitoso de lo que viene siendo el 2023 para estos lugares de tributaci\u00f3n especial&#8221;, dijo Javier D\u00edaz, presidente de Analdex, gremio que re\u00fane a las empresas del comercio exterior del pa\u00eds.<\/p>\n<p>La firma legal\u00a0<strong>G\u00f3mez Pinz\u00f3n<\/strong>\u00a0present\u00f3 una demanda en contra del art\u00edculo 11 de la \u00faltima reforma tributaria, y en la que\u00a0<strong>Analdex\u00a0<\/strong>coadyuv\u00f3 la acci\u00f3n constitucional, la Corte Constitucional tom\u00f3 una decisi\u00f3n importante a principios de octubre.<\/p>\n<p>Esta decisi\u00f3n se refiere a la relaci\u00f3n\u00a0<strong>entre la tasa de impuesto sobre la renta y los planes de internacionalizaci\u00f3n<\/strong>\u00a0para empresas ubicadas en zonas francas que obtuvieron su calificaci\u00f3n antes del 13 de diciembre de 2022.<\/p>\n<p>La Corte determin\u00f3 que\u00a0<strong>las empresas en estas zonas francas no est\u00e1n obligadas a cumplir un requisito de exportaciones<\/strong>, ni suscribir un plan de internacionalizaci\u00f3n para beneficiarse de una tarifa preferencial del 20% en su impuesto sobre la renta.<\/p>\n<p>\u201cNos percatamos que se estaba dando una violaci\u00f3n del principio de confianza legitima, porque al atar la tarifa de renta del 20% al cumplimiento de requisitos de exportaci\u00f3n, se violan las obligaciones de Colombia en el marco del acuerdo de la Organizaci\u00f3n Mundial del Comercio, lo que resultaba imprevisible para los usuarios de zona franca\u201d, agreg\u00f3 Javier D\u00edaz.<\/p>\n<p><strong>Nicol\u00e1s Potdevin, socio de G\u00f3mez Pinz\u00f3n Abogados,<\/strong>\u00a0a\u00f1adi\u00f3 que \u201chay varias zonas francas que no ten\u00edan vocaci\u00f3n exportadora, por lo que esta regla del Ministerio de Comercio, Industria y Turismo, iba a perjudicar a este tipo de zonas. As\u00ed mismo, hubo una extralimitaci\u00f3n del Congreso, al delegar en el Ejecutivo la definici\u00f3n de un elemento esencial del tributo\u201d.<\/p>\n<p>Seg\u00fan cifras del Departamento Nacional de Estad\u00edsticas\u00a0<strong>(Dane)<\/strong>, entre enero y agosto de 2023, las exportaciones de las zonas francas\u00a0<strong>aumentaron 17,3%<\/strong>, al registrar US$2.361 millones. En este periodo, all\u00ed resalta que<strong>\u00a0Estados Unidos increment\u00f3 26,8% sus compras a zonas francas colombianas<\/strong>, al pasar de US$665,4 millones en 2022 a US$843,7 millones en 2023.<\/p>\n<p>Algunos de los productos m\u00e1s exportados desde las zonas francas del pa\u00eds fueron los bienes de las industrias alimentarias; bebidas, l\u00edquidos alcoh\u00f3licos y vinagre; tabaco y suced\u00e1neos del tabaco; productos de pl\u00e1stico y sus manufacturas; caucho y sus manufacturas, y productos de metales comunes y manufacturas de estos metales.<\/p>\n<p><strong>Marcela Barrios<\/strong>, vicepresidente de\u00a0<strong>la Zona Franca Barranquilla<\/strong>, en un reciente encuentro de exportadores de Analdex dijo en Barranquilla, que uno de los objetivos es que el a\u00f1o 2023 atraiga m\u00e1s clientes; adem\u00e1s de continuar con la expansi\u00f3n del \u00e1rea de Galapa de Zona Franca Sof\u00eda y de Zona Franca Barranquilla.<\/p>\n<p><strong>&#8220;Nosotros superamos la media nacional<\/strong>\u00a0y seguimos con una tendencia positiva de las exportaciones. Nosotros somos industriales y el hecho que tengamos la vocaci\u00f3n de vender al mercado internacional nos muestra que continuaremos creciendo. La log\u00edstica se mantuvo teniendo en cuenta lo que se aprob\u00f3 en la reforma tributaria&#8221;.<\/p>","protected":false},"excerpt":{"rendered":"<p>Las\u00a0zonas francas en Colombia\u00a0se les abri\u00f3 el panorama para el pr\u00f3ximo a\u00f1o. s\u00ed lo considera Analdex que despu\u00e9s de la decisi\u00f3n de\u00a0la Corte Constitucional\u00a0de no atar la tarifa de renta de 20% con planes de internacionalizaci\u00f3n a los usuarios de zonas francas, calificados antes del 13 de diciembre de 2022, permite tener un camino m\u00e1s<\/p>","protected":false},"author":1,"featured_media":11649,"comment_status":"closed","ping_status":"closed","sticky":false,"template":"","format":"standard","meta":{"footnotes":""},"categories":[342,181],"tags":[],"class_list":["post-11648","post","type-post","status-publish","format-standard","has-post-thumbnail","hentry","category-news","category-noticias"],"views":65,"_links":{"self":[{"href":"https:\/\/www.amchambaq.com\/en\/wp-json\/wp\/v2\/posts\/11648","targetHints":{"allow":["GET"]}}],"collection":[{"href":"https:\/\/www.amchambaq.com\/en\/wp-json\/wp\/v2\/posts"}],"about":[{"href":"https:\/\/www.amchambaq.com\/en\/wp-json\/wp\/v2\/types\/post"}],"author":[{"embeddable":true,"href":"https:\/\/www.amchambaq.com\/en\/wp-json\/wp\/v2\/users\/1"}],"replies":[{"embeddable":true,"href":"https:\/\/www.amchambaq.com\/en\/wp-json\/wp\/v2\/comments?post=11648"}],"version-history":[{"count":1,"href":"https:\/\/www.amchambaq.com\/en\/wp-json\/wp\/v2\/posts\/11648\/revisions"}],"predecessor-version":[{"id":11650,"href":"https:\/\/www.amchambaq.com\/en\/wp-json\/wp\/v2\/posts\/11648\/revisions\/11650"}],"wp:featuredmedia":[{"embeddable":true,"href":"https:\/\/www.amchambaq.com\/en\/wp-json\/wp\/v2\/media\/11649"}],"wp:attachment":[{"href":"https:\/\/www.amchambaq.com\/en\/wp-json\/wp\/v2\/media?parent=11648"}],"wp:term":[{"taxonomy":"category","embeddable":true,"href":"https:\/\/www.amchambaq.com\/en\/wp-json\/wp\/v2\/categories?post=11648"},{"taxonomy":"post_tag","embeddable":true,"href":"https:\/\/www.amchambaq.com\/en\/wp-json\/wp\/v2\/tags?post=11648"}],"curies":[{"name":"wp","href":"https:\/\/api.w.org\/{rel}","templated":true}]}}