{"id":11601,"date":"2023-10-04T15:16:47","date_gmt":"2023-10-04T20:16:47","guid":{"rendered":"https:\/\/www.amchambaq.com\/?p=11601"},"modified":"2023-10-04T15:16:47","modified_gmt":"2023-10-04T20:16:47","slug":"analdex-proyecta-exportaciones-colombianas-de-usd-50-mil-millones","status":"publish","type":"post","link":"https:\/\/www.amchambaq.com\/en\/analdex-proyecta-exportaciones-colombianas-de-usd-50-mil-millones\/","title":{"rendered":"Analdex proyecta exportaciones colombianas de USD 50 mil millones"},"content":{"rendered":"<p><strong>Los exportadores colombianos<\/strong>\u00a0est\u00e1n inquietos con la disminuci\u00f3n de\u00a0<strong>las ventas de bienes al mundo<\/strong>\u00a0en lo que va de 2023, pero son optimistas.\u00a0<strong>Javier D\u00edaz, presidente Analdex<\/strong>, admiti\u00f3 este mi\u00e9rcoles que es una mala noticia el descenso de las exportaciones para el pa\u00eds.<\/p>\n<div class=\"field-item odd\">\n<div class=\"entity entity-paragraphs-item paragraphs-item-descripcion\">\n<div class=\"content\">\n<div class=\"field field-name-field-descripcion field-type-text-long field-label-hidden\">\n<div class=\"field-items\">\n<div class=\"field-item even\">\n<p>&#8220;Desde\u00a0<strong>diciembre del a\u00f1o pasado<\/strong>\u00a0venimos con ese\u00a0<strong>decrecimiento de nuestras exportaciones<\/strong>, pero si uno quiere mirar con ojos optimistas est\u00e1 mala cifra podr\u00edamos decir que la ca\u00edda de agosto es del 10% que se compara favorablemente con la ca\u00edda de<strong>\u00a0julio del 30%<\/strong>.\u00a0Estamos como dejando atr\u00e1s esa disminuci\u00f3n Y empezamos un proceso de recuperaci\u00f3n y uno espera que en este segundo semestre sea un poco \u00a0m\u00e1s positivo y podamos terminar el a\u00f1o con unas exportaciones cercanas a los\u00a0<strong>50.000 millones de d\u00f3lares<\/strong>&#8220;, dijo Javier D\u00edaz, presidente de Analdex en el XXII Encuentro Portuario Industrial del Caribe en Barranquilla.<\/p>\n<\/div>\n<\/div>\n<\/div>\n<\/div>\n<\/div>\n<\/div>\n<div class=\"field-item even\">\n<div id=\"relacionado-body\">\n<div class=\"box-title\">\n<p>Javier D\u00edaz estuvo en el conversatorio\u00a0<strong>Perspectivas econ\u00f3micas y potencial de la regi\u00f3n Caribe como plataforma internacionalizaci\u00f3n<\/strong>, junto al exministro de Comercio y Hacienda del gobierno del presidente Iv\u00e1n Duque M\u00e1rquez,\u00a0<strong>Jos\u00e9 Manuel Restrepo<\/strong>, hoy rector de la Universidad EIA.<\/p>\n<p>Sobre c\u00f3mo\u00a0<strong>Atl\u00e1ntico<\/strong>\u00a0ha mostrado desde Barranquilla un comportamiento positivo en sus exportaciones, Javier D\u00edaz destac\u00f3 que ha logrado una mayor diversificaci\u00f3n a pesar lo que arrastra la ca\u00edda en precios del primer semestre del<strong>\u00a0combustible, petr\u00f3leo, carb\u00f3n, ferro, n\u00edquel<\/strong>. &#8220;Esto es parte de la desaceleraci\u00f3n de la econom\u00eda mundial, pero surgen nuevos productos como el Atl\u00e1ntico. Aparecen las ventas de ventanas que se est\u00e1n exportando a Estados Unidos, eso le permite sostenerse y hay otra serie de productos y bienes que son diferentes al sector minero energ\u00e9tico que le permiten al Atl\u00e1ntico buscar una tasa de crecimiento positiva&#8221;.<\/p>\n<p>Sobre la coyuntura internacional, el presidente de Analdex precis\u00f3 la alta tasa de inter\u00e9s, el decrecimiento de las econom\u00edas en el mundo ha golpeado el consumo global que ha ca\u00eddo y, para un pa\u00eds peque\u00f1o como Colombia, &#8220;la venta internacional es muy importante&#8221;.<\/p>\n<p>Por eso Javier D\u00edaz consider\u00f3 que el\u00a0<strong>Gobierno nacional<\/strong>\u00a0puede ayudar con el manejo de los mensajes que env\u00eda a los inversionistas y al mundo. &#8220;No han sido los mejores y han creado incertidumbre y crean par\u00e1lisis en las inversiones. Y creo que eso no es positivo. Estas son se\u00f1ales que se deben y se necesitan que sean claras en la actividad comercial y mucho m\u00e1s positiva no es lo adecuado subir aranceles porque le quita competitividad al extranjero&#8221;.<\/p>\n<p><strong>Sandra Carvajal<\/strong>, directora de la oficina de<strong>\u00a0Analdex en el Caribe<\/strong>, aprovech\u00f3 la apertura del XXII Encuentro Portuario Industrial del Caribe para\u00a0rendir un homenaje p\u00f3stumo a la periodista\u00a0<strong>Lupe Mouthon Mej\u00eda<\/strong>, editora de\u00a0<strong>EL HERALDO<\/strong>\u00a0y quien falleci\u00f3 el s\u00e1bado.<\/p>\n<p>Sandra Carvajal destac\u00f3 la calidad de\u00a0<strong>Lupe Mouthon<\/strong>\u00a0para difundir las informaciones econ\u00f3micas del sector y que fue ganadora el\u00a0<a href=\"https:\/\/www.elheraldo.co\/economia\/el-heraldo-recibe-premio-nacional-de-exportaciones-analdex-y-procolombia-872825\" rel=\"nofollow\">Premio Nacional de Periodismo Analdex<\/a>.<\/p>\n<p>En el panel Plan de Internacional y Comercio Exterior de Zonas Francas, en el que estuvieron\u00a0<strong>Manuel Herrera,<\/strong>\u00a0gerente Zona Franca Cayena; Marcela Barrios, vicepresidenta ejecutiva de Zona Franca Barranquilla,\u00a0<strong>Ledys Morelli Castro<\/strong>, gerente corporativa del\u00a0<strong>Grupo Daabon\u00a0<\/strong>\u00a0y Diego Rengifo Garc\u00eda, vicepresidente de Analdex, analizaron las condiciones de Colombia.<\/p>\n<p><strong>Marcela Barrios<\/strong>\u00a0destac\u00f3 que hay regulaciones pendientes y de responsabilidad del Gobierno nacional para aspectos como el\u00a0<strong>comercio electr\u00f3nico y las interacciones con reg\u00edmenes y comercializadores internacionales.<\/strong><\/p>\n<p>Tomado de: EL HERALDO<\/p>\n<\/div>\n<\/div>\n<\/div>","protected":false},"excerpt":{"rendered":"<p>Los exportadores colombianos\u00a0est\u00e1n inquietos con la disminuci\u00f3n de\u00a0las ventas de bienes al mundo\u00a0en lo que va de 2023, pero son optimistas.\u00a0Javier D\u00edaz, presidente Analdex, admiti\u00f3 este mi\u00e9rcoles que es una mala noticia el descenso de las exportaciones para el pa\u00eds. &#8220;Desde\u00a0diciembre del a\u00f1o pasado\u00a0venimos con ese\u00a0decrecimiento de nuestras exportaciones, pero si uno quiere mirar con<\/p>","protected":false},"author":1,"featured_media":11602,"comment_status":"closed","ping_status":"closed","sticky":false,"template":"","format":"standard","meta":{"footnotes":""},"categories":[342,181],"tags":[],"class_list":["post-11601","post","type-post","status-publish","format-standard","has-post-thumbnail","hentry","category-news","category-noticias"],"views":41,"_links":{"self":[{"href":"https:\/\/www.amchambaq.com\/en\/wp-json\/wp\/v2\/posts\/11601","targetHints":{"allow":["GET"]}}],"collection":[{"href":"https:\/\/www.amchambaq.com\/en\/wp-json\/wp\/v2\/posts"}],"about":[{"href":"https:\/\/www.amchambaq.com\/en\/wp-json\/wp\/v2\/types\/post"}],"author":[{"embeddable":true,"href":"https:\/\/www.amchambaq.com\/en\/wp-json\/wp\/v2\/users\/1"}],"replies":[{"embeddable":true,"href":"https:\/\/www.amchambaq.com\/en\/wp-json\/wp\/v2\/comments?post=11601"}],"version-history":[{"count":1,"href":"https:\/\/www.amchambaq.com\/en\/wp-json\/wp\/v2\/posts\/11601\/revisions"}],"predecessor-version":[{"id":11603,"href":"https:\/\/www.amchambaq.com\/en\/wp-json\/wp\/v2\/posts\/11601\/revisions\/11603"}],"wp:featuredmedia":[{"embeddable":true,"href":"https:\/\/www.amchambaq.com\/en\/wp-json\/wp\/v2\/media\/11602"}],"wp:attachment":[{"href":"https:\/\/www.amchambaq.com\/en\/wp-json\/wp\/v2\/media?parent=11601"}],"wp:term":[{"taxonomy":"category","embeddable":true,"href":"https:\/\/www.amchambaq.com\/en\/wp-json\/wp\/v2\/categories?post=11601"},{"taxonomy":"post_tag","embeddable":true,"href":"https:\/\/www.amchambaq.com\/en\/wp-json\/wp\/v2\/tags?post=11601"}],"curies":[{"name":"wp","href":"https:\/\/api.w.org\/{rel}","templated":true}]}}