{"id":11589,"date":"2023-10-02T08:35:19","date_gmt":"2023-10-02T13:35:19","guid":{"rendered":"https:\/\/www.amchambaq.com\/?p=11589"},"modified":"2023-10-02T08:35:19","modified_gmt":"2023-10-02T13:35:19","slug":"atlantico-un-departamento-que-le-ha-sacado-provecho-a-los-tlc","status":"publish","type":"post","link":"https:\/\/www.amchambaq.com\/en\/atlantico-un-departamento-que-le-ha-sacado-provecho-a-los-tlc\/","title":{"rendered":"Atl\u00e1ntico, un departamento que le ha sacado provecho a los TLC"},"content":{"rendered":"<p><strong>Juan Carlos D\u00edaz Tarud\u00a0<\/strong>tiene una fotograf\u00eda que la describe con nitidez para revelar c\u00f3mo su empresa est\u00e1 aprovechando el<strong>\u00a0Tratado de Libre Comercio (TLC)\u00a0<\/strong>de\u00a0<strong>Colombia\u00a0<\/strong>y\u00a0<strong>Estados Unidos<\/strong>. En una de sus visitas a la costa este de\u00a0<strong>U.S. airports<\/strong>\u00a0por la Florida y las ciudades de\u00a0<strong>Miami<\/strong>, Savannah, Georgia y Nueva York, observ\u00f3 que los d\u00edas de ventas y compras grandes en las cadenas de almacenes se despacha todo en bolsas de papel.<\/p>\n<p>A D\u00edaz Tarud le daba vueltas en la cabeza que su empresa, la que hab\u00eda comprado a su padre y que en m\u00e1s de dos d\u00e9cadas sostuvo dos l\u00edneas de negocios: la imprenta\u00a0<strong>industrial\u00a0<\/strong>y la de chances de loter\u00eda, ten\u00eda que dar un salto.<\/p>\n<p>El joven\u00a0<strong>empresario\u00a0<\/strong>de 35 a\u00f1os reconoc\u00eda que con el desarrollo de la tecnolog\u00eda, las actividades principales podr\u00edan reducirse. Si la empresa en m\u00e1s de 18 a\u00f1os compraba papel como materia prima para atender el mercado interno, se pregunt\u00f3 \u00bfpor qu\u00e9 no fabricaba bolsas para venderlas en el\u00a0<strong>exterior<\/strong>?<\/p>\n<p>Estaba muy enterado del sector y vio una oportunidad con su creatividad. \u201cPens\u00f3 hasta en imprimir etiquetas adhesivas\u201d, cuenta<strong>\u00a0Antonio David,<\/strong>\u00a0gerente de\u00a0<strong>Ditar SA.<\/strong><\/p>\n<p>Y esa imagen de las bolsas de papel cargadas por clientes estadounidenses, m\u00e1s la\u00a0<strong>normatividad\u00a0<\/strong>nacional e internacional que motiv\u00f3 a los pa\u00edses a desestimular el uso del\u00a0<strong>pl\u00e1stico\u00a0<\/strong>y ser amigables con el medio ambiente en aspectos como la disminuci\u00f3n de la huella de\u00a0<strong>carbono<\/strong>,\u00a0 llev\u00f3 a la transformaci\u00f3n de su organizaci\u00f3n.<\/p>\n<p>Ditar SA hace parte de ese relato de las empresas nacidas e instaladas en\u00a0<strong>Barranquilla\u00a0<\/strong>y el\u00a0<strong>Atl\u00e1ntico\u00a0<\/strong>que est\u00e1n aprovechando los tratados comerciales.<\/p>\n<p>Al cumplirse los primeros diez a\u00f1os de la firma de Colombia de los<strong>\u00a0Tratados de Libre Comercio (TLC)<\/strong>\u00a0con los Estados Unidos y\u00a0<strong>Europa<\/strong>, el desempe\u00f1o de las\u00a0<strong>exportaciones\u00a0<\/strong>del Atl\u00e1ntico con destino a esos mercados muestra resultados interesantes.<\/p>\n<p>De acuerdo con un informe del<strong>\u00a0Centro de Pensamiento de la Universidad EIA<\/strong>, los resultados son consecuencia del repunte de las exportaciones no minero energ\u00e9ticas en los \u00faltimos a\u00f1os y, muy especialmente, de las ventas industriales.<\/p>\n<p>En los per\u00edodos de vigencia de los\u00a0<strong>Tratados de Libre Comercio (TLC)<\/strong>\u00a0con Estados Unidos y la\u00a0<strong>Uni\u00f3n Europea (UE)<\/strong>, las\u00a0<strong>ventas\u00a0<\/strong>externas totales del Atl\u00e1ntico lograron un incremento anual promedio del 14,5 % y 7,7 %, respectivamente.<\/p>\n<p>Las subpartidas arancelarias con\u00a0<strong>oferta\u00a0<\/strong>para\u00a0<strong>Estados Unidos\u00a0<\/strong>pasaron de 307 a 349 subpartidas y para la\u00a0<strong>Uni\u00f3n Europea<\/strong>\u00a0crecieron de 126 a 303.<\/p>\n<p>Sa\u00fal Pineda Hoyos, exviceministro de Desarrollo Empresarial y director del Centro de Pensamiento de la Universidad EIA, precis\u00f3 que, con los resultados de las ventas al exterior, las empresas que no pertenecen a las actividades no minero energ\u00e9ticas en el departamento del Atl\u00e1ntico y que realmente se benefician de los TLC tiene empresas de peso como\u00a0<strong>Tecnoglass<\/strong>, con sus l\u00edneas de negocio de puertas, ventanas y sus marcos, bastidores y umbrales, de aluminio, y\u00a0<strong>Sempertex<\/strong>.<\/p>\n<p>\u201cAtl\u00e1ntico y\u00a0<strong>Barranquilla\u00a0<\/strong>han alcanzado productividad y competitividad en segmentos como el de puertas, ventanas y sus marcos, as\u00ed como el de\u00a0<strong>art\u00edculos\u00a0<\/strong>y accesorios para\u00a0<strong>fiestas\u00a0<\/strong>y celebraciones, que han aprovechado la generaci\u00f3n de econom\u00edas de escala en el mercado interno para proyectarse en los mercados internacionales\u201d, dijo Pineda.<\/p>\n<p>Las ventas al exterior experimentaron un crecimiento promedio anual del 14,6 % en el\u00a0<strong>mercado\u00a0<\/strong>de\u00a0<strong>Estados Unidos<\/strong>\u00a0(2012-2022) y del 6,3 % en el de la Uni\u00f3n Europea (2013-2022). En el per\u00edodo m\u00e1s reciente, al comparar el primer semestre de 2023 con el primer semestre del a\u00f1o anterior, se observa un aumento del 46,5 % y una disminuci\u00f3n del 52,9 % en las exportaciones en ambos mercados.<\/p>\n<div class=\"field-item odd\">\n<div class=\"entity entity-paragraphs-item paragraphs-item-descripcion\">\n<div class=\"content\">\n<div class=\"field field-name-field-descripcion field-type-text-long field-label-hidden\">\n<div class=\"field-items\">\n<div class=\"field-item even\">\n<p>En el balance global de las\u00a0<strong>exportaciones\u00a0<\/strong>no minero energ\u00e9ticas del Atl\u00e1ntico, se\u00f1al\u00f3 el Centro de Pensamiento de la Universidad EIA que es evidente que los montos exportados presentan un potencial a\u00fan por aprovechar. Mientras que las exportaciones no minero energ\u00e9ticas pasaron de 193 a 757 millones de d\u00f3lares en el mercado de los Estados Unidos durante el per\u00edodo 2012\u20132022, con destino a la Uni\u00f3n Europea s\u00f3lo crecieron de 120 a 209 millones de\u00a0<strong>d\u00f3lares\u00a0<\/strong>en el per\u00edodo 2013\u20132022.<\/p>\n<\/div>\n<\/div>\n<\/div>\n<\/div>\n<\/div>\n<\/div>\n<div class=\"field-item even\">\n<div class=\"content-imagen\">\n<div class=\"image\" data-bg-desk=\"https:\/\/www.elheraldo.co\/sites\/default\/files\/styles\/width_1180\/public\/articulo\/2023\/09\/30\/exportaciones_de_atlantico_a_estados_unidos_segun_sector.jpg?itok=ht50gwbH\" data-bg-mob=\"https:\/\/www.elheraldo.co\/sites\/default\/files\/styles\/414x780\/public\/articulo\/2023\/09\/30\/exportaciones_de_atlantico_a_estados_unidos_segun_sector.jpg?itok=cwlyXcN2\"><picture><source srcset=\"https:\/\/www.elheraldo.co\/sites\/default\/files\/styles\/width_820\/public\/articulo\/2023\/09\/30\/exportaciones_de_atlantico_a_estados_unidos_segun_sector.jpg?itok=7yQgg_ov\" media=\"(min-width: 1180px)\" \/><source srcset=\"https:\/\/www.elheraldo.co\/sites\/default\/files\/styles\/width_768\/public\/articulo\/2023\/09\/30\/exportaciones_de_atlantico_a_estados_unidos_segun_sector.jpg?itok=0VVlV7Od\" media=\"(min-width: 768px)\" \/><source srcset=\"https:\/\/www.elheraldo.co\/sites\/default\/files\/styles\/width_414\/public\/articulo\/2023\/09\/30\/exportaciones_de_atlantico_a_estados_unidos_segun_sector.jpg?itok=jrR_KZ8X\" media=\"(max-width: 767px)\" \/><\/picture><\/div>\n<div data-bg-desk=\"https:\/\/www.elheraldo.co\/sites\/default\/files\/styles\/width_1180\/public\/articulo\/2023\/09\/30\/exportaciones_de_atlantico_a_estados_unidos_segun_sector.jpg?itok=ht50gwbH\" data-bg-mob=\"https:\/\/www.elheraldo.co\/sites\/default\/files\/styles\/414x780\/public\/articulo\/2023\/09\/30\/exportaciones_de_atlantico_a_estados_unidos_segun_sector.jpg?itok=cwlyXcN2\">\n<div class=\"field-item odd\">\n<div class=\"content-titulo\">\n<div class=\"titulo\"><strong>Exigencia del mercado<\/strong><\/div>\n<\/div>\n<\/div>\n<div class=\"field-item even\">\n<div class=\"entity entity-paragraphs-item paragraphs-item-descripcion\">\n<div class=\"content\">\n<div class=\"field field-name-field-descripcion field-type-text-long field-label-hidden\">\n<div class=\"field-items\">\n<div class=\"field-item even\">\n<p>Entrar a<strong>\u00a0Estados Unidos\u00a0<\/strong>con un producto requiere de una estructura en el que la seguridad es de los m\u00e1s exigentes.<\/p>\n<p>Una empresa industrial y con intenciones de entrar al\u00a0<strong>comercio exterior<\/strong>\u00a0establecida en\u00a0<strong>Barranquilla\u00a0<\/strong>recibi\u00f3 la visita de uno de los ejecutivos de Lacoste, la marca de prendas de vestir masculina. La presencia del directivo de la marca creada en Francia era verificar las posibilidades de tener como proveedor a la empresa local.<\/p>\n<p>Sus intenciones iban en serio con su presencia en la sede de la\u00a0<strong>manufactura\u00a0<\/strong>barranquillera. Cuentan que el ejecutivo cuando entr\u00f3 a las instalaciones lo primero que vio en la oficina fue un certificado enmarcado, en grande de Basc (Business Alliance For Secure Commerce). Su reacci\u00f3n fue inmediata, en medio de la tensi\u00f3n, los nervios y la expectativa del empresario barranquillero que lo guiaba. \u201cCuenten que est\u00e1n llamados a ser proveedores nuestros\u201d, dijo el ejecutivo extranjero.<\/p>\n<p><strong>Alberto Vives de la Espriella<\/strong>, gerente de\u00a0<strong>Andi\u00a0<\/strong>en\u00a0<strong>Atl\u00e1ntico\u00a0<\/strong>y\u00a0<strong>Magdalena<\/strong>, explica que con un caso como el de esa empresa barranquillera se pone en la cima dimensionar los beneficios de tener una certificaci\u00f3n internacional para una empresa sin importar su tama\u00f1o.<\/p>\n<p>Siete de estos requisitos para exportar para una empresa son tener el registro para certificado y determinaci\u00f3n de origen, clasificaci\u00f3n arancelaria, solicitud de vistos buenos, t\u00e9rminos de negociaci\u00f3n internacional, procedimiento aduanero de exportaci\u00f3n de bienes y reintegro de\u00a0<strong>divisas<\/strong>.<\/p>\n<p><strong>Odette Garc\u00eda<\/strong>, directora de mercado de\u00a0<strong>Ditar<\/strong>, destaca que el proceso exportador a Estados Unidos, es calificado como \u201cun destino cr\u00edtico\u201d, por la seguridad, calidad y competitividad, \u201cDitar ha trabajado y capacitado su recurso humano, que en conjunto con entes internacionales se ha obtenido certificaciones y est\u00e1ndares en nuestros procesos que nos exigen para cumplir con requisitos exigidos por el mercado americano, certificaciones como BASC, FSC, ISO9000\u201d.<\/p>\n<p>De tres millones de bolsas de papel diarias que produc\u00eda\u00a0<strong>Ditar\u00a0<\/strong>antes de la pandemia han pasado a 25 millones al mes. Y la inversi\u00f3n en maquinaria ha elevado la producci\u00f3n a 28 millones de soluciones cada 30 d\u00edas, precis\u00f3 el gerente\u00a0<strong>Antonio David.<\/strong><\/p>\n<p>Otros\u00a0<strong>productos industriales<\/strong>\u00a0que han mostrado buenos desempe\u00f1os durante la vigencia del\u00a0<strong>TLC\u00a0<\/strong>y desde el Atl\u00e1ntico son la ropa de tocador, de cocina, tejido con bucles, de tipo para toalla, de algod\u00f3n; las placas y hojas lisas de vidrio colado o laminado; los acumuladores el\u00e9ctricos de plomo, y los perfiles huecos de aleaciones de\u00a0<strong>aluminio<\/strong>.<\/p>\n<div class=\"field-item even\">\n<div class=\"content-titulo\">\n<div class=\"titulo\"><strong>M\u00e1s competitividad<\/strong><\/div>\n<\/div>\n<\/div>\n<div class=\"field-item odd\">\n<div class=\"entity entity-paragraphs-item paragraphs-item-descripcion\">\n<div class=\"content\">\n<div class=\"field field-name-field-descripcion field-type-text-long field-label-hidden\">\n<div class=\"field-items\">\n<div class=\"field-item even\">\n<p>El desaf\u00edo de la productividad y la competitividad para exportar es una tarea pendiente para la mayor parte del\u00a0<strong>tejido empresarial<\/strong>\u00a0de Atl\u00e1ntico, afirm\u00f3\u00a0<strong>Sa\u00fal Pineda Hoyos.<\/strong><\/p>\n<p>El exviceministro explica que laa mayor\u00eda de las peque\u00f1as, medianas y grandes empresas de la regi\u00f3n, con las excepciones ya mencionadas, siguen considerando el mercado interno como la principal fuente de su rentabilidad \u201cy, por esa raz\u00f3n, solo exportan aquellos excedentes que les permiten absorber sus costos fijos\u201d.<\/p>\n<p>La internacionalizaci\u00f3n exportadora de las empresas de la regi\u00f3n, agrega Sa\u00fal Pineda Hoyos, debe estar sustentada en varias acciones conjuntas de las instituciones regionales con el gobierno nacional. Entre ellas, el escalamiento del programa F\u00e1bricas de Productividad, que en Atl\u00e1ntico ha contado con el liderazgo de la C\u00e1mara de Comercio de Barranquilla (CCB).<\/p>\n<p>En un primer ciclo del programa de las F\u00e1bricas de Productividad la\u00a0<strong>CCB\u00a0<\/strong>promedi\u00f3 que en 148 empresas intervenidas, el 32% mejor\u00f3 en los indicadores de productividad.<\/p>\n<p>La regi\u00f3n Caribe cuenta con nueve zonas francas que adem\u00e1s son estrat\u00e9gicas, pero que plantea el reto con el cambio de normativa por el actual gobierno del presidente\u00a0<strong>Gustavo Petro<\/strong>\u00a0y de la \u201craz\u00f3n social\u201d para convertirlos en poderosas plataformas exportadoras con\u00a0<strong>Tratados de Libre Comercio<\/strong>\u00a0con Estados Unidos.<\/p>\n<\/div>\n<\/div>\n<\/div>\n<\/div>\n<\/div>\n<\/div>\n<div class=\"field-item even\">\n<div class=\"box-title\">\n<div class=\"field-item even\">\n<div class=\"entity entity-paragraphs-item paragraphs-item-descripcion\">\n<div class=\"content\">\n<div class=\"field field-name-field-descripcion field-type-text-long field-label-hidden\">\n<div class=\"field-items\">\n<div class=\"field-item even\">\n<p>\u201cEs una gran oportunidad para la regi\u00f3n, las compa\u00f1\u00edas nacionales y extranjeras que quieran ubicar sus operaciones o relocalizarlas para estar cerca de un mercado de m\u00e1s de 300 millones de consumidores\u201d, afirm\u00f3\u00a0<strong>Manuel Herrera<\/strong>, gerente General de\u00a0<strong>Zona Franca La Cayena.<\/strong><\/p>\n<p>Este a\u00f1o se liberan m\u00e1s de 1.000 nuevas partidas arancelarias, el porcentaje de valor agregado nacional del 35% para denominaci\u00f3n de origen, es el m\u00e1s competitivo de la regi\u00f3n, sumado al costo de mano de obra m\u00e1s competitiva de la regi\u00f3n. Hay mucho espacio para hacer y no menos importante, diversificar nuestras\u00a0<strong>exportaciones<\/strong>\u201d, agreg\u00f3 Manuel Herrera.<\/p>\n<\/div>\n<\/div>\n<\/div>\n<\/div>\n<\/div>\n<\/div>\n<div class=\"field-item odd\">\n<div class=\"shares\"><strong>\u201cUn mayor aprovechamiento\u201d<\/strong><\/div>\n<\/div>\n<div class=\"field-item even\">\n<div class=\"entity entity-paragraphs-item paragraphs-item-descripcion\">\n<div class=\"content\">\n<div class=\"field field-name-field-descripcion field-type-text-long field-label-hidden\">\n<div class=\"field-items\">\n<div class=\"field-item even\">\n<p>En medio del debate sem\u00e1ntico al interior del\u00a0<strong>Gobierno\u00a0<\/strong>sobre la renegociaci\u00f3n o revisi\u00f3n de estos tratados, el rector de la Universidad EIA,\u00a0<strong>Jos\u00e9 Manuel Restrepo<\/strong>, quien fue adem\u00e1s ministro de Comercio y de Hacienda durante el periodo presidencial de\u00a0<strong>Iv\u00e1n Duque<\/strong>, asegur\u00f3 que no debe perderse de vista la tarea de un mayor aprovechamiento de las oportunidades que al departamento del Atl\u00e1ntico se le ofrecen en los sectores\u00a0<strong>industrial<\/strong>,\u00a0<strong>agr\u00edcola\u00a0<\/strong>y de servicios, con el objetivo de acceder a esos mercados.<\/p>\n<p>\u201cEs muy pertinente la iniciativa del ministro de Comercio,\u00a0<strong>Germ\u00e1n Uma\u00f1a<\/strong>, de revisar los tratados en el marco de las Comisiones Administradoras, que son los escenarios en los cuales se puede obtener una mayor facilitaci\u00f3n de acceso a mercados, como se ha venido haciendo a\u00f1o tras a\u00f1o en las relaciones con Estados Unidos y Europa\u201d.<\/p>\n<\/div>\n<\/div>\n<\/div>\n<\/div>\n<\/div>\n<\/div>\n<\/div>\n<\/div>\n<\/div>\n<\/div>\n<\/div>\n<\/div>\n<\/div>\n<\/div>\n<\/div>\n<\/div>\n<\/div>","protected":false},"excerpt":{"rendered":"<p>Juan Carlos D\u00edaz Tarud\u00a0tiene una fotograf\u00eda que la describe con nitidez para revelar c\u00f3mo su empresa est\u00e1 aprovechando el\u00a0Tratado de Libre Comercio (TLC)\u00a0de\u00a0Colombia\u00a0y\u00a0Estados Unidos. En una de sus visitas a la costa este de\u00a0EE. UU.\u00a0por la Florida y las ciudades de\u00a0Miami, Savannah, Georgia y Nueva York, observ\u00f3 que los d\u00edas de ventas y compras grandes<\/p>","protected":false},"author":1,"featured_media":11590,"comment_status":"closed","ping_status":"closed","sticky":false,"template":"","format":"standard","meta":{"footnotes":""},"categories":[342,181],"tags":[],"class_list":["post-11589","post","type-post","status-publish","format-standard","has-post-thumbnail","hentry","category-news","category-noticias"],"views":37,"_links":{"self":[{"href":"https:\/\/www.amchambaq.com\/en\/wp-json\/wp\/v2\/posts\/11589","targetHints":{"allow":["GET"]}}],"collection":[{"href":"https:\/\/www.amchambaq.com\/en\/wp-json\/wp\/v2\/posts"}],"about":[{"href":"https:\/\/www.amchambaq.com\/en\/wp-json\/wp\/v2\/types\/post"}],"author":[{"embeddable":true,"href":"https:\/\/www.amchambaq.com\/en\/wp-json\/wp\/v2\/users\/1"}],"replies":[{"embeddable":true,"href":"https:\/\/www.amchambaq.com\/en\/wp-json\/wp\/v2\/comments?post=11589"}],"version-history":[{"count":1,"href":"https:\/\/www.amchambaq.com\/en\/wp-json\/wp\/v2\/posts\/11589\/revisions"}],"predecessor-version":[{"id":11591,"href":"https:\/\/www.amchambaq.com\/en\/wp-json\/wp\/v2\/posts\/11589\/revisions\/11591"}],"wp:featuredmedia":[{"embeddable":true,"href":"https:\/\/www.amchambaq.com\/en\/wp-json\/wp\/v2\/media\/11590"}],"wp:attachment":[{"href":"https:\/\/www.amchambaq.com\/en\/wp-json\/wp\/v2\/media?parent=11589"}],"wp:term":[{"taxonomy":"category","embeddable":true,"href":"https:\/\/www.amchambaq.com\/en\/wp-json\/wp\/v2\/categories?post=11589"},{"taxonomy":"post_tag","embeddable":true,"href":"https:\/\/www.amchambaq.com\/en\/wp-json\/wp\/v2\/tags?post=11589"}],"curies":[{"name":"wp","href":"https:\/\/api.w.org\/{rel}","templated":true}]}}