{"id":11518,"date":"2023-09-05T11:37:05","date_gmt":"2023-09-05T16:37:05","guid":{"rendered":"https:\/\/www.amchambaq.com\/?p=11518"},"modified":"2023-09-05T11:37:05","modified_gmt":"2023-09-05T16:37:05","slug":"colombia-tendria-que-importar-gas-por-estrechez-del-mercado-promigas","status":"publish","type":"post","link":"https:\/\/www.amchambaq.com\/en\/colombia-tendria-que-importar-gas-por-estrechez-del-mercado-promigas\/","title":{"rendered":"Colombia tendr\u00eda que importar gas por estrechez del mercado: Promigas"},"content":{"rendered":"<p>Colombia pas\u00f3 de la abundancia a la escasez del gas natural. As\u00ed lo manifest\u00f3 Juan Manuel Rojas, presidente de Promigas, en el marco de los resultados del sector<strong>\u00a0gas natural<\/strong>\u00a0en\u00a0<strong>Colombia<\/strong>,\u00a0<strong>InfoGas\u00a0<\/strong>2023.<\/p>\n<p>Frente a ello, sostuvo que ante esta coyuntura del hidrocarburo hay una posibilidad real de que Colombia importe gas natural desde Venezuela ante la estrechez del mercado nacional.<\/p>\n<p>El presidente de Promigas tambi\u00e9n resalt\u00f3 que frenar la nueva\u00a0<strong>exploraci\u00f3n<\/strong>, no construir nueva infraestructura de importaci\u00f3n, desmantelar y sustituir la generaci\u00f3n el\u00e9ctrica a\u00a0<strong>gas natural\u00a0<\/strong>por e\u00f3lica e impulsar la electrificaci\u00f3n sustituyendo el consumo de gas natural en los sectores residencial e industrial es un costo excesivo que le costar\u00eda al pa\u00eds unos $112 billones.<\/p>\n<p>En ese sentido, sostuvo que prescindir del\u00a0<strong>gas\u00a0<\/strong>natural le costar\u00eda el pa\u00eds el equivalente a seis reformas tributarias y un alto impacto social negativo.<\/p>\n<p>Rojas expres\u00f3 que un segundo escenario consiste en frenar la nueva\u00a0<strong>exploraci\u00f3n<\/strong>, pero ampliando la infraestructura de importaci\u00f3n y manteniendo la capacidad de generaci\u00f3n el\u00e9ctrica a gas y el consumo de este energ\u00e9tico en\u00a0<strong>industria\u00a0<\/strong>y\u00a0<strong>hogares<\/strong>.<\/p>\n<div class=\"field-item odd\">\n<div class=\"entity entity-paragraphs-item paragraphs-item-descripcion\">\n<div class=\"content\">\n<div class=\"field field-name-field-descripcion field-type-text-long field-label-hidden\">\n<div class=\"field-items\">\n<div class=\"field-item even\">\n<p>\u201cEn este escenario el costo total ser\u00eda de $5,14 billones. Todo esto representar\u00eda un aumento del 25 % en la tarifa final del\u00a0<strong>servicio\u00a0<\/strong>de gas, impactando negativamente a los\u00a0<strong>hogares\u00a0<\/strong>m\u00e1s pobres\u201d, manifest\u00f3 Rojas.<\/p>\n<p>Agreg\u00f3 que una transici\u00f3n energ\u00e9tica debe minimizar impactos negativos sobre nivel de bienestar de grupos m\u00e1s vulnerables.<\/p>\n<\/div>\n<\/div>\n<\/div>\n<\/div>\n<\/div>\n<\/div>\n<div class=\"field-item even\">\n<div class=\"content-imagen\">\n<div class=\"image\" data-bg-desk=\"https:\/\/www.elheraldo.co\/sites\/default\/files\/styles\/width_1180\/public\/articulo\/2023\/09\/05\/fact_sheet_infogas_2023_page-0001.jpg?itok=KkK-2YHz\" data-bg-mob=\"https:\/\/www.elheraldo.co\/sites\/default\/files\/styles\/414x780\/public\/articulo\/2023\/09\/05\/fact_sheet_infogas_2023_page-0001.jpg?itok=-Blvsr1-\"><picture><source srcset=\"https:\/\/www.elheraldo.co\/sites\/default\/files\/styles\/width_820\/public\/articulo\/2023\/09\/05\/fact_sheet_infogas_2023_page-0001.jpg?itok=ooV9tsRh\" media=\"(min-width: 1180px)\" \/><source srcset=\"https:\/\/www.elheraldo.co\/sites\/default\/files\/styles\/width_768\/public\/articulo\/2023\/09\/05\/fact_sheet_infogas_2023_page-0001.jpg?itok=9IesVlLv\" media=\"(min-width: 768px)\" \/><source srcset=\"https:\/\/www.elheraldo.co\/sites\/default\/files\/styles\/width_414\/public\/articulo\/2023\/09\/05\/fact_sheet_infogas_2023_page-0001.jpg?itok=qaH8aBmK\" media=\"(max-width: 767px)\" \/><\/picture><\/div>\n<div data-bg-desk=\"https:\/\/www.elheraldo.co\/sites\/default\/files\/styles\/width_1180\/public\/articulo\/2023\/09\/05\/fact_sheet_infogas_2023_page-0001.jpg?itok=KkK-2YHz\" data-bg-mob=\"https:\/\/www.elheraldo.co\/sites\/default\/files\/styles\/414x780\/public\/articulo\/2023\/09\/05\/fact_sheet_infogas_2023_page-0001.jpg?itok=-Blvsr1-\">\n<p>\u201cDe ah\u00ed que se requiere trabajo articulado del sector para sentar las bases para una transici\u00f3n ordenada, responsable y sostenible, que permita facilitar acceso de m\u00e1s comunidades al gas natural en las cuales cerca de 2 millones de\u00a0<strong>hogares\u00a0<\/strong>a\u00fan usan\u00a0<strong>le\u00f1a\u00a0<\/strong>para sus necesidades de energ\u00eda\u201d, expuso el presidente de\u00a0<strong>Promigas<\/strong>.<\/p>\n<p>En materia de resultados, al cierre de 2022,\u00a0<strong>Colombia\u00a0<\/strong>super\u00f3 los 11 millones de usuarios conectados a este servicio, alcanzando una cobertura cercana al 70 %.<\/p>\n<p>De estos, cerca de 10,8 millones son hogares, de los cuales el 85 % pertenece a los estratos 1, 2 y 3, quienes utilizan el gas principalmente para cocci\u00f3n de alimentos o calentamiento de agua.<\/p>\n<p>Alrededor de 210 mil usuarios corresponden a clientes comerciales e industriales, quienes lo usan para sus procesos productivos.<\/p>\n<p>En los \u00faltimos a\u00f1os, el 10 % de la energ\u00eda el\u00e9ctrica consumida en el pa\u00eds se gener\u00f3 en termoel\u00e9ctricas, aportando confiabilidad al sistema energ\u00e9tico ante eventos inesperados.<\/p>\n<p>\u201cSe ha identificado que se le podr\u00eda llevar gas natural a m\u00e1s de 366.000 usuarios, aproximadamente 1,7 millones de personas de bajos recursos, a quienes el uso del gas natural contribuir\u00eda en gran medida a mejorar su salud y superar la pobreza\u201d, asegur\u00f3 el presidente de\u00a0<strong>Promigas<\/strong>.<\/p>\n<\/div>\n<\/div>\n<\/div>","protected":false},"excerpt":{"rendered":"<p>Colombia pas\u00f3 de la abundancia a la escasez del gas natural. As\u00ed lo manifest\u00f3 Juan Manuel Rojas, presidente de Promigas, en el marco de los resultados del sector\u00a0gas natural\u00a0en\u00a0Colombia,\u00a0InfoGas\u00a02023. Frente a ello, sostuvo que ante esta coyuntura del hidrocarburo hay una posibilidad real de que Colombia importe gas natural desde Venezuela ante la estrechez del<\/p>","protected":false},"author":1,"featured_media":11519,"comment_status":"closed","ping_status":"closed","sticky":false,"template":"","format":"standard","meta":{"footnotes":""},"categories":[342,181],"tags":[],"class_list":["post-11518","post","type-post","status-publish","format-standard","has-post-thumbnail","hentry","category-news","category-noticias"],"views":29,"_links":{"self":[{"href":"https:\/\/www.amchambaq.com\/en\/wp-json\/wp\/v2\/posts\/11518","targetHints":{"allow":["GET"]}}],"collection":[{"href":"https:\/\/www.amchambaq.com\/en\/wp-json\/wp\/v2\/posts"}],"about":[{"href":"https:\/\/www.amchambaq.com\/en\/wp-json\/wp\/v2\/types\/post"}],"author":[{"embeddable":true,"href":"https:\/\/www.amchambaq.com\/en\/wp-json\/wp\/v2\/users\/1"}],"replies":[{"embeddable":true,"href":"https:\/\/www.amchambaq.com\/en\/wp-json\/wp\/v2\/comments?post=11518"}],"version-history":[{"count":1,"href":"https:\/\/www.amchambaq.com\/en\/wp-json\/wp\/v2\/posts\/11518\/revisions"}],"predecessor-version":[{"id":11520,"href":"https:\/\/www.amchambaq.com\/en\/wp-json\/wp\/v2\/posts\/11518\/revisions\/11520"}],"wp:featuredmedia":[{"embeddable":true,"href":"https:\/\/www.amchambaq.com\/en\/wp-json\/wp\/v2\/media\/11519"}],"wp:attachment":[{"href":"https:\/\/www.amchambaq.com\/en\/wp-json\/wp\/v2\/media?parent=11518"}],"wp:term":[{"taxonomy":"category","embeddable":true,"href":"https:\/\/www.amchambaq.com\/en\/wp-json\/wp\/v2\/categories?post=11518"},{"taxonomy":"post_tag","embeddable":true,"href":"https:\/\/www.amchambaq.com\/en\/wp-json\/wp\/v2\/tags?post=11518"}],"curies":[{"name":"wp","href":"https:\/\/api.w.org\/{rel}","templated":true}]}}