{"id":11507,"date":"2023-08-31T08:23:44","date_gmt":"2023-08-31T13:23:44","guid":{"rendered":"https:\/\/www.amchambaq.com\/?p=11507"},"modified":"2023-08-31T08:23:44","modified_gmt":"2023-08-31T13:23:44","slug":"barranquilla-entre-las-ciudades-con-mejor-desempeno-economico-del-pais","status":"publish","type":"post","link":"https:\/\/www.amchambaq.com\/en\/barranquilla-entre-las-ciudades-con-mejor-desempeno-economico-del-pais\/","title":{"rendered":"Barranquilla, entre las ciudades con mejor desempe\u00f1o econ\u00f3mico del pa\u00eds"},"content":{"rendered":"<p><strong>Barranquilla\u00a0<\/strong>se mantiene como una de las ciudades con mejor<strong>\u00a0desempe\u00f1o econ\u00f3mico<\/strong>\u00a0en el pa\u00eds y se destaca tambi\u00e9n por un nivel de optimismo significativo de los empresarios en relaci\u00f3n con el comportamiento de sus negocios en el segundo semestre del presente a\u00f1o, de acuerdo con los resultados de la<strong>\u00a0Encuesta Ritmo Empresarial (ERE).<\/strong><\/p>\n<div class=\"field-item odd\">\n<div class=\"entity entity-paragraphs-item paragraphs-item-descripcion\">\n<div class=\"content\">\n<div class=\"field field-name-field-descripcion field-type-text-long field-label-hidden\">\n<div class=\"field-items\">\n<div class=\"field-item even\">\n<p>Seg\u00fan dicho ejercicio, el 31 % de los empresarios consultados en la capital del Atl\u00e1ntico report\u00f3 aumento en sus ventas en los primeros seis meses de 2023, siendo este el mejor indicador del pa\u00eds en ese aspecto. A\u00a0<strong>Barranquilla\u00a0<\/strong>le siguieron\u00a0<strong>Bucaramanga\u00a0<\/strong>(30 %),\u00a0<strong>Cali\u00a0<\/strong>(29 %),\u00a0<strong>Medell\u00edn\u00a0<\/strong>(27 %) y\u00a0<strong>Bogot\u00e1\u00a0<\/strong>(21 %).<\/p>\n<p>Barranquilla fue tambi\u00e9n la ciudad con un mayor aumento en la contrataci\u00f3n de empleados en dicho per\u00edodo, a juzgar por lo respondido por el 20 % de los empresarios encuestados que dijo haber vinculado m\u00e1s personal a sus n\u00f3minas en el per\u00edodo analizado. Despu\u00e9s se situaron Cali (19 %), Medell\u00edn (15 %), y Bucaramanga (14 %).<\/p>\n<p>En materia de\u00a0<strong>inversi\u00f3n\u00a0<\/strong>realizada\u00a0<strong>Barranquilla\u00a0<\/strong>mostr\u00f3 igualmente un buen desempe\u00f1o como quiera que el 33 % de los consultados dijo haberlo hecho en el dicho lapso. La ciudad obtuvo el segundo mejor resultado, antecedida por Bucaramanga (43 %) y seguida de Cali (26 %), Bogot\u00e1 (23 %) y Medell\u00edn (21 %).<\/p>\n<p>Al analizar los resultados de la encuesta, el presidente ejecutivo de la\u00a0<strong>C\u00e1mara de Comercio de Barranquilla<\/strong>,\u00a0<strong>Manuel Fern\u00e1ndez Ariza<\/strong>, destac\u00f3 los datos positivos que refleja en cuanto al desempe\u00f1o econ\u00f3mico de la ciudad. Sin embargo, aclar\u00f3 que tambi\u00e9n se observan ya s\u00edntomas de desaceleraci\u00f3n en la econom\u00eda derivados de los cambios de tendencia en los indicadores de ventas y empleo.<\/p>\n<\/div>\n<\/div>\n<\/div>\n<\/div>\n<\/div>\n<\/div>\n<div class=\"field-item even\">\n<div class=\"content-imagen\">\n<div class=\"image\" data-bg-desk=\"https:\/\/www.elheraldo.co\/sites\/default\/files\/styles\/width_1180\/public\/articulo\/2023\/08\/30\/ere-ventas-por-ciudades.jpeg?itok=0O1tnirK\" data-bg-mob=\"https:\/\/www.elheraldo.co\/sites\/default\/files\/styles\/414x780\/public\/articulo\/2023\/08\/30\/ere-ventas-por-ciudades.jpeg?itok=Ttgf4Um1\"><picture><source srcset=\"https:\/\/www.elheraldo.co\/sites\/default\/files\/styles\/width_820\/public\/articulo\/2023\/08\/30\/ere-ventas-por-ciudades.jpeg?itok=Q4zRbCvy\" media=\"(min-width: 1180px)\" \/><source srcset=\"https:\/\/www.elheraldo.co\/sites\/default\/files\/styles\/width_768\/public\/articulo\/2023\/08\/30\/ere-ventas-por-ciudades.jpeg?itok=zLxYunz6\" media=\"(min-width: 768px)\" \/><source srcset=\"https:\/\/www.elheraldo.co\/sites\/default\/files\/styles\/width_414\/public\/articulo\/2023\/08\/30\/ere-ventas-por-ciudades.jpeg?itok=HuLD7yaS\" media=\"(max-width: 767px)\" \/><\/picture><\/div>\n<div data-bg-desk=\"https:\/\/www.elheraldo.co\/sites\/default\/files\/styles\/width_1180\/public\/articulo\/2023\/08\/30\/ere-ventas-por-ciudades.jpeg?itok=0O1tnirK\" data-bg-mob=\"https:\/\/www.elheraldo.co\/sites\/default\/files\/styles\/414x780\/public\/articulo\/2023\/08\/30\/ere-ventas-por-ciudades.jpeg?itok=Ttgf4Um1\">\n<p>\u201cPor ejemplo, aumenta el porcentaje de\u00a0<strong>empresarios\u00a0<\/strong>que reportaron un menor incremento en sus ventas con relaci\u00f3n al comportamiento en semestres anteriores. No obstante, a\u00fan se mantiene un significativo optimismo porque alrededor del 63 % de los empresarios espera que sus ventas aumenten en el segundo semestre de 2023\u201d, resalt\u00f3 Fern\u00e1ndez.<\/p>\n<p>En cuanto al\u00a0<strong>empleo\u00a0<\/strong>tambi\u00e9n se aprecia un cambio de tendencia, pero es interesante que en el primer semestre de este a\u00f1o el 83 % de los empresarios consultados en el Atl\u00e1ntico manifest\u00f3 haber mantenido o aumentado su n\u00f3mina de empleados y ahora, para el segundo semestre espera hacerlo el 95% de quienes participaron en la encuesta.<\/p>\n<p>\u201cEn particular, el 67 % manifest\u00f3 que mantendr\u00e1 su n\u00famero de empleos y otro 28 % dice que lo va a incrementar\u201d, se\u00f1al\u00f3 el presidente de la\u00a0<strong>C\u00e1mara de Comercio de Barranquilla.<\/strong><\/p>\n<p><strong>Manuel Fern\u00e1ndez Ariza<\/strong>, destac\u00f3 adem\u00e1s que la inversi\u00f3n se mantiene alineada con el optimismo empresarial y contin\u00faa con su tendencia ligeramente alcista.<\/p>\n<p>\u201cUn an\u00e1lisis m\u00e1s detenido permite ver que solo el 33% de los empresarios encuestados dijo haber realizado\u00a0<strong>inversiones\u00a0<\/strong>en el primer semestre de este a\u00f1o y se\u00f1ala que la incertidumbre pol\u00edtica y econ\u00f3mica y las altas tasas de inter\u00e9s son las principales razones para no tener proyectos de inversi\u00f3n. En resumen,\u00a0<strong>Atl\u00e1ntico\u00a0<\/strong>y Barranquilla se destacan entre los primeros lugares en desempe\u00f1o econ\u00f3mico y con un nivel de optimismo destacable\u201d, precis\u00f3 Fern\u00e1ndez Ariza.<\/p>\n<p>La<strong>\u00a0Encuesta Ritmo Empresarial (ERE)\u00a0<\/strong>es la consulta de percepci\u00f3n de este tipo m\u00e1s amplia del territorio nacional como quiera que en ella participaron 27 c\u00e1maras de comercio y 7.408 empresarios que representan las zonas de Colombia que aportan el 80 % del producto interno bruto del pa\u00eds y el 80 % del tejido productivo.<\/p>\n<p>La consulta refleja los resultados del primer semestre del 2023 y eval\u00faa el pulso econ\u00f3mico de las empresas y su perspectiva de crecimiento para el\u00a0<strong>segundo semestre\u00a0<\/strong>del a\u00f1o en curso.<\/p>\n<\/div>\n<\/div>\n<\/div>","protected":false},"excerpt":{"rendered":"<p>Barranquilla\u00a0se mantiene como una de las ciudades con mejor\u00a0desempe\u00f1o econ\u00f3mico\u00a0en el pa\u00eds y se destaca tambi\u00e9n por un nivel de optimismo significativo de los empresarios en relaci\u00f3n con el comportamiento de sus negocios en el segundo semestre del presente a\u00f1o, de acuerdo con los resultados de la\u00a0Encuesta Ritmo Empresarial (ERE). Seg\u00fan dicho ejercicio, el 31<\/p>","protected":false},"author":1,"featured_media":11508,"comment_status":"closed","ping_status":"closed","sticky":false,"template":"","format":"standard","meta":{"footnotes":""},"categories":[342,181],"tags":[],"class_list":["post-11507","post","type-post","status-publish","format-standard","has-post-thumbnail","hentry","category-news","category-noticias"],"views":48,"_links":{"self":[{"href":"https:\/\/www.amchambaq.com\/en\/wp-json\/wp\/v2\/posts\/11507","targetHints":{"allow":["GET"]}}],"collection":[{"href":"https:\/\/www.amchambaq.com\/en\/wp-json\/wp\/v2\/posts"}],"about":[{"href":"https:\/\/www.amchambaq.com\/en\/wp-json\/wp\/v2\/types\/post"}],"author":[{"embeddable":true,"href":"https:\/\/www.amchambaq.com\/en\/wp-json\/wp\/v2\/users\/1"}],"replies":[{"embeddable":true,"href":"https:\/\/www.amchambaq.com\/en\/wp-json\/wp\/v2\/comments?post=11507"}],"version-history":[{"count":1,"href":"https:\/\/www.amchambaq.com\/en\/wp-json\/wp\/v2\/posts\/11507\/revisions"}],"predecessor-version":[{"id":11509,"href":"https:\/\/www.amchambaq.com\/en\/wp-json\/wp\/v2\/posts\/11507\/revisions\/11509"}],"wp:featuredmedia":[{"embeddable":true,"href":"https:\/\/www.amchambaq.com\/en\/wp-json\/wp\/v2\/media\/11508"}],"wp:attachment":[{"href":"https:\/\/www.amchambaq.com\/en\/wp-json\/wp\/v2\/media?parent=11507"}],"wp:term":[{"taxonomy":"category","embeddable":true,"href":"https:\/\/www.amchambaq.com\/en\/wp-json\/wp\/v2\/categories?post=11507"},{"taxonomy":"post_tag","embeddable":true,"href":"https:\/\/www.amchambaq.com\/en\/wp-json\/wp\/v2\/tags?post=11507"}],"curies":[{"name":"wp","href":"https:\/\/api.w.org\/{rel}","templated":true}]}}