{"id":11485,"date":"2023-08-23T08:38:01","date_gmt":"2023-08-23T13:38:01","guid":{"rendered":"https:\/\/www.amchambaq.com\/?p=11485"},"modified":"2023-08-23T08:38:01","modified_gmt":"2023-08-23T13:38:01","slug":"ee-uu-y-colombia-inician-mision-promesa-continua-2023-en-la-costa-caribe","status":"publish","type":"post","link":"https:\/\/www.amchambaq.com\/en\/ee-uu-y-colombia-inician-mision-promesa-continua-2023-en-la-costa-caribe\/","title":{"rendered":"EE. UU. y Colombia inician misi\u00f3n \u2018Promesa Continua 2023\u2019 en la Costa Caribe"},"content":{"rendered":"<p>Los Gobiernos de Colombia y\u00a0<strong>Estados Unidos<\/strong>, aliados en una misi\u00f3n humanitaria de gran envergadura, reunir\u00e1n un equipo\u00a0<strong>interdisciplinario\u00a0<\/strong>de m\u00e9dicos e ingenieros militares profesionales que llegar\u00e1n a la\u00a0<strong>Costa\u00a0<\/strong>Car<strong>i<\/strong>be colombiana en un cometido\u00a0de ayuda social para las\u00a0<strong>comunidades\u00a0<\/strong>m\u00e1s necesitadas.<\/p>\n<p>Entre el 20 y el 30 de agosto, este grupo, compuesto por personal militar,\u00a0<strong>profesionales m\u00e9dicos<\/strong>, representantes de la poblaci\u00f3n civil y organizaciones no gubernamentales, se encontrar\u00e1n para\u00a0participar en el intercambio de conocimientos m\u00e9dicos e\u00a0<strong>ingenier\u00eda\u00a0<\/strong>de equipos biom\u00e9dicos con el objetivo de\u00a0consolidar los v\u00ednculos de\u00a0<strong>cooperaci\u00f3n binacional<\/strong>.<\/p>\n<p>As\u00ed las cosas, bajo el nombre de \u2018Promesa Continua 2023\u2019, t\u00edtulo que el Comando Sur de los\u00a0<strong>Estados Unidos\u00a0<\/strong>ha establecido para las misiones que brindan cuidado m\u00e9dico,\u00a0<strong>asistencia humanitaria\u00a0<\/strong>y apoyo c\u00edvico a las comunidades de Am\u00e9rica Latina y el\u00a0<strong>Caribe<\/strong>, el programa espera mejorar la preparaci\u00f3n m\u00e9dica de ambos pa\u00edses a trav\u00e9s del intercambio de experiencias.<\/p>\n<p>El personal militar y los especialistas m\u00e9dicos de\u00a0<strong>Norteam\u00e9rica\u00a0<\/strong>llegar\u00e1n en el buque log\u00edstico USNS Burlington a Santa Marta.<\/p>\n<div class=\"field-item even\">\n<div class=\"content-titulo\">\n<div class=\"titulo\"><strong>Mejoramiento de infraestructura m\u00e9dica<\/strong><\/div>\n<\/div>\n<\/div>\n<div class=\"field-item odd\">\n<div class=\"entity entity-paragraphs-item paragraphs-item-descripcion\">\n<div class=\"content\">\n<div class=\"field field-name-field-descripcion field-type-text-long field-label-hidden\">\n<div class=\"field-items\">\n<div class=\"field-item even\">\n<p>Las actividades a desarrollar no solo estar\u00e1n basadas en el intercambio de\u00a0<strong>experiencias\u00a0<\/strong>y conocimientos para una mejor preparaci\u00f3n m\u00e9dica de los asistentes, sino que tambi\u00e9n busca capacitar en mantenimiento y reparaci\u00f3n de\u00a0<strong>equipos biom\u00e9dicos<\/strong>.<\/p>\n<p>&#8220;Se mejorar\u00e1n infraestructuras de centros m\u00e9dicos y educativos para reforzar el compromiso de ambos gobiernos con el bienestar y el\u00a0<strong>desarrollo sostenible\u00a0<\/strong>de la regi\u00f3n&#8221;, apunta un comunicado oficial del Gobierno en cooperaci\u00f3n con la embajada de\u00a0<strong>Estados Unidos<\/strong>.<\/p>\n<p>Asimismo, el encuentro promete mejorar las\u00a0<strong>capacidades combinadas\u00a0<\/strong>en materia de atenci\u00f3n m\u00e9dica y veterinaria, capacitaciones en primeros auxilios y\u00a0<strong>atenci\u00f3n a desastres<\/strong>.<\/p>\n<p>Las mujeres, a trav\u00e9s de un simposio, tendr\u00e1n tambi\u00e9n una participaci\u00f3n acad\u00e9mica en \u00e1reas relacionadas con la paz y la\u00a0<strong>seguridad\u00a0<\/strong>con el fin de visibilizar la importancia que tiene la equidad de g\u00e9nero y la igualdad de oportunidades en estos\u00a0<strong>aspectos<\/strong>.<\/p>\n<p>Tomado de: EL HERALDO<\/p>\n<\/div>\n<\/div>\n<\/div>\n<\/div>\n<\/div>\n<\/div>","protected":false},"excerpt":{"rendered":"<p>Los Gobiernos de Colombia y\u00a0Estados Unidos, aliados en una misi\u00f3n humanitaria de gran envergadura, reunir\u00e1n un equipo\u00a0interdisciplinario\u00a0de m\u00e9dicos e ingenieros militares profesionales que llegar\u00e1n a la\u00a0Costa\u00a0Caribe colombiana en un cometido\u00a0de ayuda social para las\u00a0comunidades\u00a0m\u00e1s necesitadas. Entre el 20 y el 30 de agosto, este grupo, compuesto por personal militar,\u00a0profesionales m\u00e9dicos, representantes de la poblaci\u00f3n civil<\/p>","protected":false},"author":1,"featured_media":11486,"comment_status":"closed","ping_status":"closed","sticky":false,"template":"","format":"standard","meta":{"footnotes":""},"categories":[342,181],"tags":[],"class_list":["post-11485","post","type-post","status-publish","format-standard","has-post-thumbnail","hentry","category-news","category-noticias"],"views":30,"_links":{"self":[{"href":"https:\/\/www.amchambaq.com\/en\/wp-json\/wp\/v2\/posts\/11485","targetHints":{"allow":["GET"]}}],"collection":[{"href":"https:\/\/www.amchambaq.com\/en\/wp-json\/wp\/v2\/posts"}],"about":[{"href":"https:\/\/www.amchambaq.com\/en\/wp-json\/wp\/v2\/types\/post"}],"author":[{"embeddable":true,"href":"https:\/\/www.amchambaq.com\/en\/wp-json\/wp\/v2\/users\/1"}],"replies":[{"embeddable":true,"href":"https:\/\/www.amchambaq.com\/en\/wp-json\/wp\/v2\/comments?post=11485"}],"version-history":[{"count":1,"href":"https:\/\/www.amchambaq.com\/en\/wp-json\/wp\/v2\/posts\/11485\/revisions"}],"predecessor-version":[{"id":11487,"href":"https:\/\/www.amchambaq.com\/en\/wp-json\/wp\/v2\/posts\/11485\/revisions\/11487"}],"wp:featuredmedia":[{"embeddable":true,"href":"https:\/\/www.amchambaq.com\/en\/wp-json\/wp\/v2\/media\/11486"}],"wp:attachment":[{"href":"https:\/\/www.amchambaq.com\/en\/wp-json\/wp\/v2\/media?parent=11485"}],"wp:term":[{"taxonomy":"category","embeddable":true,"href":"https:\/\/www.amchambaq.com\/en\/wp-json\/wp\/v2\/categories?post=11485"},{"taxonomy":"post_tag","embeddable":true,"href":"https:\/\/www.amchambaq.com\/en\/wp-json\/wp\/v2\/tags?post=11485"}],"curies":[{"name":"wp","href":"https:\/\/api.w.org\/{rel}","templated":true}]}}