{"id":11452,"date":"2023-08-09T08:37:05","date_gmt":"2023-08-09T13:37:05","guid":{"rendered":"https:\/\/www.amchambaq.com\/?p=11452"},"modified":"2023-08-09T08:37:05","modified_gmt":"2023-08-09T13:37:05","slug":"amcham-propone-cinco-ejes-para-impulsar-la-economia","status":"publish","type":"post","link":"https:\/\/www.amchambaq.com\/en\/amcham-propone-cinco-ejes-para-impulsar-la-economia\/","title":{"rendered":"AmCham propone cinco ejes para impulsar la econom\u00eda"},"content":{"rendered":"<p>A un a\u00f1o cumplido de la llegada de Gustavo Petro como primer mandatario del pa\u00eds, la C\u00e1mara de Comercio Colombo Americana, <b>AmCham Colombia<\/b>, present\u00f3 la propuesta de un \u201cgran acuerdo nacional\u201d teniendo como eje cinco l\u00edneas estrat\u00e9gicas para los siguientes 365 de la administraci\u00f3n de Petro.<\/p>\n<p>Si bien, la instituci\u00f3n reiter\u00f3 las disposici\u00f3n de trabajar en conjunto con el Gobierno, tambi\u00e9n plante\u00f3 las soluciones que permitan avanzar en materia de crecimiento, productividad, emprendimiento y empleo en el pa\u00eds.<\/p>\n<p>De acuerdo con el documento enviado por<b>\u00a0la C\u00e1mara al Gobierno se requiere mantener las l\u00edneas de di\u00e1logo entre el sector p\u00fablico y privado<\/b>\u00a0para contribuir en el bienestar de los ciudadanos y construir en las l\u00edneas mencionadas.<\/p>\n<p>Por esta raz\u00f3n, AmCham Colombia recomend\u00f3 en un primer lugar, la creaci\u00f3n de 500.000 nuevos empleos formales de calidad.<\/p>\n<p>Frente a esta primera l\u00ednea, se determin\u00f3 que a trav\u00e9s de un programa nacional se debe establecer una articulaci\u00f3n entre los sectores empresariales con entidades como el Sena,<b>\u00a0el Ministerio de las Tecnolog\u00edas de la Informaci\u00f3n y las Comunicaciones, el Ministerio de Comercio, Industria y Turismo, el Ministerio del Interior,<\/b>\u00a0entre otros, para que en el trabajo conjunto se potencie la generaci\u00f3n de puestos acorde a las vacantes que aportar\u00edan las empresas.<\/p>\n<p><i>\u201cPara lo anterior es indispensable cruzar lo que necesita el sector productivo con la fuerza laboral disponible y el talento existente\u201d,\u00a0<\/i>destac\u00f3 el texto.<\/p>\n<p>En una segunda instancia,<b>\u00a0se propone que se tengan planes de choque para recuperar sectores con mayor desaceleraci\u00f3n.<\/b><\/p>\n<p>Respecto a esta materia, la entidad solicita mantener el esquema de responsabilidad macroecon\u00f3mica, junto con una pol\u00edtica fiscal sostenible y acorde a los lineamientos del Comit\u00e9 Aut\u00f3nomo de la Regla Fiscal (Carf), teniendo un control del gasto p\u00fablico, una eficiencia de recursos y adem\u00e1s el fortalecimiento del recaudo tributario.<\/p>\n<p><b>Seg\u00fan AmCham Colombia, las cifras del comportamiento de la econom\u00eda en el primer semestre mostraron expectativas de crecimiento<\/b>, pero tambi\u00e9n, una tendencia preocupante en algunos sectores que se caracterizan por jalonar la econom\u00eda nacional.<br \/>\nOtro de los ejes que se propone desde la C\u00e1mara de Comercio Colombo Americana es el fortalecimiento e impulso de las exportaciones agr\u00edcolas y del turismo.<\/p>\n<p>Como una tercera clave, se ha identificado que el sector agro del pa\u00eds puede aumentar su comercio internacional con Estados Unidos en un 250% en los pr\u00f3ximos cuatro a\u00f1os, si se logra un enfoque con los productos con ventaja competitiva.<\/p>\n<p>Es de esta manera que plantean centros de excelencia con acciones p\u00fablico-privadas, que\u00a0<b>adem\u00e1s desbloqueen las barreras para adoptar innovaciones<\/b>, en las que tambi\u00e9n se invierta en infraestructura como carreteras y telecomunicaciones que permitan mejorar la conectividad, el acceso y la salida de los productos.<\/p>\n<p>En un cuarto punto se establece que se deben alinear las acciones de la transici\u00f3n energ\u00e9tica y aprovechar las oportunidades en minerales criticos. Es por esto que, proponen que se debe impulsar la formulaci\u00f3n de un<b>\u00a0Nuevo C\u00f3digo Minero, que atienda las necesidades y reduzca las barreras administrativas.<\/b><\/p>\n<p>Finalmente, la quinta estrategia se basa en fortalecer los mecanismos de comunicaci\u00f3n entre ka Fuerza P\u00fablica y los empresarios con el objetivo de prevenir la inseguridad.<br \/>\nRespecto a las propuestas hechas, Mar\u00eda Claudia Lacouture, presidenta de AmCham Colombia, asegur\u00f3 que Colombia se enfrenta a diferentes desaf\u00edos econ\u00f3micos y sociales.<\/p>\n<p><i>\u201cDesde AmCham Colombia proponemos estas acciones con el fin de mantener el rumbo de la econom\u00eda, evitar una mayor desaceleraci\u00f3n y al mismo tiempo generar mayor aprovechamiento de oportunidades en donde hay mayor potencial\u201d,<\/i>\u00a0destac\u00f3.<\/p>\n<p>Tomado de: EL TIEMPO<\/p>","protected":false},"excerpt":{"rendered":"<p>A un a\u00f1o cumplido de la llegada de Gustavo Petro como primer mandatario del pa\u00eds, la C\u00e1mara de Comercio Colombo Americana, AmCham Colombia, present\u00f3 la propuesta de un \u201cgran acuerdo nacional\u201d teniendo como eje cinco l\u00edneas estrat\u00e9gicas para los siguientes 365 de la administraci\u00f3n de Petro. Si bien, la instituci\u00f3n reiter\u00f3 las disposici\u00f3n de trabajar<\/p>","protected":false},"author":1,"featured_media":11453,"comment_status":"closed","ping_status":"closed","sticky":false,"template":"","format":"standard","meta":{"footnotes":""},"categories":[342,181],"tags":[],"class_list":["post-11452","post","type-post","status-publish","format-standard","has-post-thumbnail","hentry","category-news","category-noticias"],"views":23,"_links":{"self":[{"href":"https:\/\/www.amchambaq.com\/en\/wp-json\/wp\/v2\/posts\/11452","targetHints":{"allow":["GET"]}}],"collection":[{"href":"https:\/\/www.amchambaq.com\/en\/wp-json\/wp\/v2\/posts"}],"about":[{"href":"https:\/\/www.amchambaq.com\/en\/wp-json\/wp\/v2\/types\/post"}],"author":[{"embeddable":true,"href":"https:\/\/www.amchambaq.com\/en\/wp-json\/wp\/v2\/users\/1"}],"replies":[{"embeddable":true,"href":"https:\/\/www.amchambaq.com\/en\/wp-json\/wp\/v2\/comments?post=11452"}],"version-history":[{"count":1,"href":"https:\/\/www.amchambaq.com\/en\/wp-json\/wp\/v2\/posts\/11452\/revisions"}],"predecessor-version":[{"id":11454,"href":"https:\/\/www.amchambaq.com\/en\/wp-json\/wp\/v2\/posts\/11452\/revisions\/11454"}],"wp:featuredmedia":[{"embeddable":true,"href":"https:\/\/www.amchambaq.com\/en\/wp-json\/wp\/v2\/media\/11453"}],"wp:attachment":[{"href":"https:\/\/www.amchambaq.com\/en\/wp-json\/wp\/v2\/media?parent=11452"}],"wp:term":[{"taxonomy":"category","embeddable":true,"href":"https:\/\/www.amchambaq.com\/en\/wp-json\/wp\/v2\/categories?post=11452"},{"taxonomy":"post_tag","embeddable":true,"href":"https:\/\/www.amchambaq.com\/en\/wp-json\/wp\/v2\/tags?post=11452"}],"curies":[{"name":"wp","href":"https:\/\/api.w.org\/{rel}","templated":true}]}}