{"id":11449,"date":"2023-08-07T12:12:34","date_gmt":"2023-08-07T17:12:34","guid":{"rendered":"https:\/\/www.amchambaq.com\/?p=11449"},"modified":"2023-08-07T12:12:34","modified_gmt":"2023-08-07T17:12:34","slug":"7-de-agosto-resignificacion-patria-desde-la-libertad-del-mar-caribe","status":"publish","type":"post","link":"https:\/\/www.amchambaq.com\/en\/7-de-agosto-resignificacion-patria-desde-la-libertad-del-mar-caribe\/","title":{"rendered":"7 de agosto, resignificaci\u00f3n patria desde la libertad del Mar Caribe"},"content":{"rendered":"<p>Conocido como el evento que concluy\u00f3 la\u00a0<strong>campa\u00f1a independentista\u00a0<\/strong>y que dio lugar a la proclamaci\u00f3n de la liberaci\u00f3n en el interior del pa\u00eds, el\u00a0<strong>7 de agosto\u00a0<\/strong>al igual que 20 de julio, es una de las\u00a0<strong>fechas conmemorativas\u00a0<\/strong>de la\u00a0<strong>historia patria.<\/strong><\/p>\n<p>Aunque el panorama con estas efem\u00e9rides se sostiene en la perspectiva andina, es decir, hacia la regi\u00f3n interina, en lo que actualmente corresponde a la<strong>\u00a0costa del Caribe colombiana<\/strong>\u00a0y parte de la venezolana tambi\u00e9n se gestaron sus propios<strong>\u00a0movimientos de liberaci\u00f3n.<\/strong><\/p>\n<p>Y es que en la composici\u00f3n de hechos las condiciones de las ciudades portuarias al norte del territorio en posiciones como\u00a0<strong>Cartagena<\/strong>\u00a0de Indias y<strong>\u00a0Maracaibo<\/strong>\u00a0hac\u00edan de estos enclaves estrat\u00e9gicos para el \u00e9xito de la campa\u00f1a libertadora, por lo que el control de las rutas mar\u00edtimas era tan importante como el de las terrestres.<\/p>\n<p>Evidentemente el territorio se vio marcado por el ingreso de los espa\u00f1oles y posteriormente la expulsi\u00f3n de los mismos. En consecuencia con esto, la historia resalta una conmemoraci\u00f3n naval que cumple 200 a\u00f1os, la Batalla del Lago de Maracaibo que fue el\u00a0<strong>24 de julio de 1823.<\/strong><\/p>\n<p>Aunque por calendario esto ocurre 4 a\u00f1os despu\u00e9s de la<strong>\u00a0Batalla de Boyac\u00e1,<\/strong>\u00a0ambas fechas se conectan en sus procesos, ya que la de\u00a0<strong>Boyac\u00e1\u00a0<\/strong>corresponde a la expresi\u00f3n andina liderada por el\u00a0<strong>General Santander<\/strong>, y la segunda a la del Caribe a cargo del\u00a0<strong>Almirante Padilla<\/strong>, avanzando as\u00ed en la liberaci\u00f3n total de la<strong>\u00a0Nueva Granada.<\/strong><\/p>\n<div class=\"field-item even\">\n<div class=\"content-titulo\">\n<div class=\"titulo\"><strong>El Almirante guajiro<\/strong><\/div>\n<\/div>\n<\/div>\n<div class=\"field-item odd\">\n<div class=\"entity entity-paragraphs-item paragraphs-item-descripcion\">\n<div class=\"content\">\n<div class=\"field field-name-field-descripcion field-type-text-long field-label-hidden\">\n<div class=\"field-items\">\n<div class=\"field-item even\">\n<p>Los datos que dan cuenta de la importancia de comprender el Caribe como espacio de hechos son sorprendentes, uno de ellos y que funciona perfecto para iniciar conversaci\u00f3n con el historiador y docente de la Universidad del Atl\u00e1ntico\u00a0<strong>Jorge Conde Calder\u00f3n\u00a0<\/strong>es que Padilla era guajiro.<\/p>\n<p>\u201cLa historiograf\u00eda nos revela varios datos interesantes sobre el Almirante Padilla, dos de ellos es que este era\u00a0 mulato y que hab\u00eda nacido en La Guajira, lo cual lo convierte en un hombre que reconoce muy bien su territorio\u201d.<\/p>\n<p>Sin embargo, algunas de las discusiones que Conde se\u00f1ala es la capacidad militar de Padilla, el docente lo define como un hombre muy capaz en esta \u00e1rea y que lo dej\u00f3 muy claro en las victorias obtenidas y sus registros.<\/p>\n<p>\u201cEn las batallas es fundamental la estrategia, m\u00e1s a\u00fan si es en el mar porque tienes un elemento que puede estar a favor o en contra, y el proceso en el que Padilla con su ej\u00e9rcito se enfrenta a los espa\u00f1oles no lo hace a la ligera sino que se encarga de crear hostigamientos que le dan la victoria\u201d.<\/p>\n<p>En este punto el historiador menciona que las batallas fueron progresivas y que la visi\u00f3n de Padilla estuvo muy enfocada, conseguir peque\u00f1as victorias que le dieran una muy grande fue la clave en la liberaci\u00f3n.<\/p>\n<p>Asimismo, Conde tambi\u00e9n se refiere a que \u201cla importancia de este hecho nos lleva la identificaci\u00f3n de nosotros como sujetos libres, es una guerra luchada y ganada desde ac\u00e1 lo cual nos engrande como regi\u00f3n\u201d.<\/p>\n<div class=\"field-item even\">\n<div class=\"content-titulo\">\n<div class=\"titulo\"><strong>Independencia en el Caribe<\/strong><\/div>\n<\/div>\n<\/div>\n<div class=\"field-item odd\">\n<div class=\"entity entity-paragraphs-item paragraphs-item-descripcion\">\n<div class=\"content\">\n<div class=\"field field-name-field-descripcion field-type-text-long field-label-hidden\">\n<div class=\"field-items\">\n<div class=\"field-item even\">\n<p>Sobre el proceso de independencia en esta regi\u00f3n del pa\u00eds existen muchos momentos importantes que marcaron sin duda la historia, algunos de los m\u00e1s destacados son las\u00a0<strong>gestas libertadoras<\/strong>\u00a0que se hicieron presentes en\u00a0<strong>Mompox, Bol\u00edvar<\/strong>, adem\u00e1s de los hechos presentados en\u00a0<strong>Cartagena.<\/strong><\/p>\n<p>Sin embargo, m\u00e1s pr\u00f3ximo al 7 de agosto se destacan los hostigamientos costeros que dieron lugar a la\u00a0<strong>Batalla del Lago de Maracaibo<\/strong>, la cual lider\u00f3 el Almirante Padilla y dio lugar a la expulsi\u00f3n final de los espa\u00f1ol en el Caribe.<\/p>\n<p><strong>Francisco Eversley,<\/strong>\u00a0doctorante en Historia y l\u00edder del Laboratorio de Historia de la Universidad del Atl\u00e1ntico se refiri\u00f3 a esto como uno de los hechos hist\u00f3ricos m\u00e1s valiosos para el Caribe, ya que se hace menci\u00f3n desde la misma regi\u00f3n equiparando al panorama andino de la historiograf\u00eda.<\/p>\n<p>\u201cLas d\u00e9cadas nos han contado la historia desde el interior del pa\u00eds, que si bien son relatos veraces y v\u00e1lidos son muy distantes a nuestras realidades en el Caribe, y eso ha hecho que nos olvidemos de las otras realidades, que comprenden tambi\u00e9n a territorios como el Pac\u00edfico o la Orinoquia en la que las gestas transcurrieron de manera distinta\u201d.<\/p>\n<p>A prop\u00f3sito de la Batalla del Lago de Maracaibo que enfrent\u00f3 a las escuadras del Almirante Colombiano Jos\u00e9 Padilla y las del Comandante Espa\u00f1ol Laborde, Eversley dijo que.<\/p>\n<p>\u201cAl hablar de la costa es preciso mencionar la navegabilidad. Por eso en este punto encontramos una batalla naval en Maracaibo la cual tras un intenso combate y ante el \u00edmpetu y valent\u00eda de los patriotas criollos, tuvo que capitular y emprender la retirada\u201d.<\/p>\n<p>Seg\u00fan Francisco, este hecho en particular compromete una gran representatividad para la regi\u00f3n, ya que en este no solo vence a los espa\u00f1oles que hab\u00eda causado tanto malestar sino que se proclama la libertad, la cual permite nuevas posibilidades en desarrollo pol\u00edtico y administrativo de la zona.<\/p>\n<div class=\"field-item even\">\n<div class=\"content-titulo\">\n<div class=\"titulo\"><strong>La importancia de las fechas<\/strong><\/div>\n<\/div>\n<\/div>\n<div class=\"field-item odd\">\n<div class=\"entity entity-paragraphs-item paragraphs-item-descripcion\">\n<div class=\"content\">\n<div class=\"field field-name-field-descripcion field-type-text-long field-label-hidden\">\n<div class=\"field-items\">\n<div class=\"field-item even\">\n<p>A prop\u00f3sito de la importancia de estas fechas, su representatividad y la necesidad de darles prioridad en los procesos educativos,\u00a0<strong>Juan Pablo Mestre<\/strong>, docente e investigador universitario mencion\u00f3.<\/p>\n<p>\u201cExisten valores claros en la construcci\u00f3n de la identidad de nosotros como naci\u00f3n, es importante tener en cuenta estas fechas m\u00e1s all\u00e1 simplemente de unas conmemoraciones y de unos elementos, sino que dan cuenta de nuestros procesos y c\u00f3mo nos formamos a partir de esos sucesos\u201d.<\/p>\n<p>Adem\u00e1s de ello, Mestre se refiri\u00f3 a la educaci\u00f3n como un proceso referencia que evidencia c\u00f3mo los hechos que hacen parte de la historia patria se conjugaron para construir la independencia y las conformaciones pol\u00edticas y administrativas en las cuales se viven actualmente.<\/p>\n<p>\u201cDentro de la narrativa estos aportan precisamente a la construcci\u00f3n que llev\u00f3 a la conformaci\u00f3n de la naci\u00f3n colombiana como la conocemos hoy en d\u00eda, de c\u00f3mo todos estos elementos y todos estos hitos hicieron parte de ese proceso de generar este ejercicio pol\u00edtico de naci\u00f3n que tenemos hoy en d\u00eda\u201d.<\/p>\n<p>Finalmente, el investigador a\u00f1ade que la intenci\u00f3n es que estos relatos positivistas no se pierdan entre las<strong>\u00a0nuevas generaciones,<\/strong>\u00a0sino que por el contrario tengan muy presentes todos estos hechos para la construcci\u00f3n del futuro.<\/p>\n<p>\u201cEl gran reto de cada generaci\u00f3n es no olvidar el pasado, es por ello que todos estos acontecimientos funcionan para comprender la composici\u00f3n de nosotros como naci\u00f3n y de ah\u00ed nos da luces para corregir los errores preexistentes en estos esquemas de poder\u201d.<\/p>\n<\/div>\n<\/div>\n<\/div>\n<\/div>\n<\/div>\n<\/div>\n<div class=\"field-item even\">\n<div class=\"content-titulo\">\n<div class=\"titulo\"><strong>Una oportunidad para la reflexi\u00f3n<\/strong><\/div>\n<\/div>\n<\/div>\n<div class=\"field-item odd\">\n<div class=\"entity entity-paragraphs-item paragraphs-item-descripcion\">\n<div class=\"content\">\n<div class=\"field field-name-field-descripcion field-type-text-long field-label-hidden\">\n<div class=\"field-items\">\n<div class=\"field-item even\">\n<p>Culturalmente estas conmemoraciones permiten cohesionar la historia de la naci\u00f3n y de esta forma logran que la poblaci\u00f3n se interese por la historia pol\u00edtica de su pa\u00eds. M\u00e1s que la construcci\u00f3n de monumentos conmemorativos, o la participaci\u00f3n en eventos que celebran estas fechas,\u00a0 como\u00a0 una oportunidad para reflexionar.<\/p>\n<\/div>\n<\/div>\n<\/div>\n<\/div>\n<\/div>\n<\/div>\n<\/div>\n<\/div>\n<\/div>\n<\/div>\n<\/div>\n<\/div>\n<\/div>\n<\/div>\n<\/div>\n<\/div>\n<\/div>\n<\/div>","protected":false},"excerpt":{"rendered":"<p>Conocido como el evento que concluy\u00f3 la\u00a0campa\u00f1a independentista\u00a0y que dio lugar a la proclamaci\u00f3n de la liberaci\u00f3n en el interior del pa\u00eds, el\u00a07 de agosto\u00a0al igual que 20 de julio, es una de las\u00a0fechas conmemorativas\u00a0de la\u00a0historia patria. Aunque el panorama con estas efem\u00e9rides se sostiene en la perspectiva andina, es decir, hacia la regi\u00f3n interina,<\/p>","protected":false},"author":1,"featured_media":11450,"comment_status":"closed","ping_status":"closed","sticky":false,"template":"","format":"standard","meta":{"footnotes":""},"categories":[342,181],"tags":[],"class_list":["post-11449","post","type-post","status-publish","format-standard","has-post-thumbnail","hentry","category-news","category-noticias"],"views":42,"_links":{"self":[{"href":"https:\/\/www.amchambaq.com\/en\/wp-json\/wp\/v2\/posts\/11449","targetHints":{"allow":["GET"]}}],"collection":[{"href":"https:\/\/www.amchambaq.com\/en\/wp-json\/wp\/v2\/posts"}],"about":[{"href":"https:\/\/www.amchambaq.com\/en\/wp-json\/wp\/v2\/types\/post"}],"author":[{"embeddable":true,"href":"https:\/\/www.amchambaq.com\/en\/wp-json\/wp\/v2\/users\/1"}],"replies":[{"embeddable":true,"href":"https:\/\/www.amchambaq.com\/en\/wp-json\/wp\/v2\/comments?post=11449"}],"version-history":[{"count":1,"href":"https:\/\/www.amchambaq.com\/en\/wp-json\/wp\/v2\/posts\/11449\/revisions"}],"predecessor-version":[{"id":11451,"href":"https:\/\/www.amchambaq.com\/en\/wp-json\/wp\/v2\/posts\/11449\/revisions\/11451"}],"wp:featuredmedia":[{"embeddable":true,"href":"https:\/\/www.amchambaq.com\/en\/wp-json\/wp\/v2\/media\/11450"}],"wp:attachment":[{"href":"https:\/\/www.amchambaq.com\/en\/wp-json\/wp\/v2\/media?parent=11449"}],"wp:term":[{"taxonomy":"category","embeddable":true,"href":"https:\/\/www.amchambaq.com\/en\/wp-json\/wp\/v2\/categories?post=11449"},{"taxonomy":"post_tag","embeddable":true,"href":"https:\/\/www.amchambaq.com\/en\/wp-json\/wp\/v2\/tags?post=11449"}],"curies":[{"name":"wp","href":"https:\/\/api.w.org\/{rel}","templated":true}]}}