{"id":11432,"date":"2023-08-04T10:43:01","date_gmt":"2023-08-04T15:43:01","guid":{"rendered":"https:\/\/www.amchambaq.com\/?p=11432"},"modified":"2023-08-04T10:43:01","modified_gmt":"2023-08-04T15:43:01","slug":"colombia-y-ee-uu-crean-centros-en-el-pais-para-tramitar-casos-de-migrantes","status":"publish","type":"post","link":"https:\/\/www.amchambaq.com\/en\/colombia-y-ee-uu-crean-centros-en-el-pais-para-tramitar-casos-de-migrantes\/","title":{"rendered":"Colombia y EE. UU. crean centros en el pa\u00eds para tramitar casos de migrantes"},"content":{"rendered":"<p>Los gobiernos de Colombia y Estados Unidos anunciaron este jueves la<strong>\u00a0instalaci\u00f3n de tres centros\u00a0<\/strong>en Soacha, Medell\u00edn y Cali para que los solicitantes de refugio de Cuba, Hait\u00ed y Venezuela puedan tramitar sus solicitudes como parte de un nuevo plan de\u00a0<strong>movilidad migratoria<\/strong>, inform\u00f3 la Canciller\u00eda colombiana.<\/p>\n<p>Ambas administraciones &#8220;llegaron a un acuerdo para desarrollar, por un per\u00edodo de seis meses, la\u00a0<strong>fase exploratoria\u00a0<\/strong>de la iniciativa &#8216;movilidad segura'&#8221;, agreg\u00f3 la cartera en un comunicado, donde indic\u00f3 que el primero de estos<strong>\u00a0Puntos de Movilidad Segura<\/strong>\u00a0empez\u00f3 a funcionar el 1 de agosto en Medell\u00edn.<\/p>\n<p>En estas tres ciudades, los Puntos de Movilidad Segura estar\u00e1n ubicados en las instalaciones de los\u00a0<strong>Puntos de Atenci\u00f3n y Orientaci\u00f3n<\/strong>\u00a0(PAO) de la Agencia de las Naciones Unidas para los Refugiados (ACNUR) y, los Puntos de Referenciaci\u00f3n y Orientaci\u00f3n (PRO) de la Organizaci\u00f3n Internacional para las Migraciones (OIM), organizaciones que ser\u00e1n las encargadas de\u00a0<strong>procesar las solicitudes<\/strong>.<\/p>\n<p>&#8220;El Gobierno de Colombia\u00a0<strong>no intervendr\u00e1 en el proceso<\/strong>, dado que los asuntos relacionados con las v\u00edas de migraci\u00f3n hacia Estados Unidos son discrecionales de ese Estado y dependen de sus\u00a0<strong>pol\u00edticas migratorias internas<\/strong>&#8220;, agreg\u00f3 la Canciller\u00eda.<\/p>\n<div class=\"field-item odd\">\n<div class=\"entity entity-paragraphs-item paragraphs-item-descripcion\">\n<div class=\"content\">\n<div class=\"field field-name-field-descripcion field-type-text-long field-label-hidden\">\n<div class=\"field-items\">\n<div class=\"field-item even\">\n<p>Adem\u00e1s, este mecanismo no procesar\u00e1 solicitudes de\u00a0<strong>ciudadanos colombianos<\/strong>, sino que ambas partes acordaron que trabajar\u00e1n para expandir las v\u00edas legales para que los ciudadanos colombianos viajen, estudien,<strong>\u00a0vivan y trabajen en los Estados Unidos.<\/strong><\/p>\n<p>Asimismo, anunciaron que en septiembre se reactivar\u00e1 el\u00a0<strong>Grupo de Asuntos Consulares\u00a0<\/strong>Colombia\u2013Estados Unidos, mecanismo binacional creado en 2006 como instancia permanente para dialogar sobre asuntos migratorios,\u00a0<strong>cooperaci\u00f3n judicial<\/strong>, asistencia a detenidos, visas y extradici\u00f3n.<\/p>\n<p>En este nuevo encuentro entre\u00a0<strong>autoridades colombianas<\/strong>\u00a0y estadounidenses se abordar\u00e1n temas como visas de estudiante y trabajadores temporales para que los colombianos tengan\u00a0<strong>opciones\u00a0de viajar\u00a0<\/strong>y quedarse de manera regular.<\/p>\n<p>Por \u00faltimo,\u00a0<strong>Washington\u00a0<\/strong>brindar\u00e1 asistencia t\u00e9cnica y financiera a Bogot\u00e1 para el fortalecimiento de las capacidades de la\u00a0<strong>autoridad migratoria<\/strong>.<\/p>\n<p>El pasado abril\u00a0<strong>Estados Unidos\u00a0<\/strong>anunci\u00f3 que crear\u00eda centros para gestionar las solicitudes de migrantes en Colombia y Guatemala, donde las personas podr\u00e1n acceder a algunas v\u00edas legales de migraci\u00f3n como obtener el\u00a0<strong>estatus de refugiado<\/strong>, programas para reunificaci\u00f3n familiar y\u00a0<strong>permisos laborales<\/strong>.<\/p>\n<p>La\u00a0<strong>expectativa\u00a0<\/strong>es que en esos puntos se puedan evaluar los casos de hasta<strong>\u00a06.000 migrantes al mes<\/strong>, asegur\u00f3 el secretario de Seguridad Nacional, Alejandro Mayorkas, y que tengan un &#8220;impacto significativo en las\u00a0<strong>decisiones migratorias\u00a0<\/strong>en la regi\u00f3n&#8221;.<\/p>\n<p>Este anuncio se enmarca en una bater\u00eda de medidas anunciadas por EE. UU. ante el levantamiento del T\u00edtulo 42 el 11 de mayo. Esa norma permiti\u00f3 m\u00e1s de\u00a0<strong>2,5 millones de expulsiones\u00a0<\/strong>de migrantes desde que entr\u00f3 en vigor en 2020 con el pretexto de la pandemia durante el mandato del expresidente\u00a0<strong>Donald Trump\u00a0<\/strong>(2017-2021).<\/p>\n<p>Tomado de: EL HERALDO<\/p>\n<\/div>\n<\/div>\n<\/div>\n<\/div>\n<\/div>\n<\/div>\n<div class=\"field-item even\">\n<div class=\"box-title\"><\/div>\n<\/div>","protected":false},"excerpt":{"rendered":"<p>Los gobiernos de Colombia y Estados Unidos anunciaron este jueves la\u00a0instalaci\u00f3n de tres centros\u00a0en Soacha, Medell\u00edn y Cali para que los solicitantes de refugio de Cuba, Hait\u00ed y Venezuela puedan tramitar sus solicitudes como parte de un nuevo plan de\u00a0movilidad migratoria, inform\u00f3 la Canciller\u00eda colombiana. Ambas administraciones &#8220;llegaron a un acuerdo para desarrollar, por un<\/p>","protected":false},"author":1,"featured_media":11433,"comment_status":"closed","ping_status":"closed","sticky":false,"template":"","format":"standard","meta":{"footnotes":""},"categories":[342,181],"tags":[],"class_list":["post-11432","post","type-post","status-publish","format-standard","has-post-thumbnail","hentry","category-news","category-noticias"],"views":42,"_links":{"self":[{"href":"https:\/\/www.amchambaq.com\/en\/wp-json\/wp\/v2\/posts\/11432","targetHints":{"allow":["GET"]}}],"collection":[{"href":"https:\/\/www.amchambaq.com\/en\/wp-json\/wp\/v2\/posts"}],"about":[{"href":"https:\/\/www.amchambaq.com\/en\/wp-json\/wp\/v2\/types\/post"}],"author":[{"embeddable":true,"href":"https:\/\/www.amchambaq.com\/en\/wp-json\/wp\/v2\/users\/1"}],"replies":[{"embeddable":true,"href":"https:\/\/www.amchambaq.com\/en\/wp-json\/wp\/v2\/comments?post=11432"}],"version-history":[{"count":1,"href":"https:\/\/www.amchambaq.com\/en\/wp-json\/wp\/v2\/posts\/11432\/revisions"}],"predecessor-version":[{"id":11434,"href":"https:\/\/www.amchambaq.com\/en\/wp-json\/wp\/v2\/posts\/11432\/revisions\/11434"}],"wp:featuredmedia":[{"embeddable":true,"href":"https:\/\/www.amchambaq.com\/en\/wp-json\/wp\/v2\/media\/11433"}],"wp:attachment":[{"href":"https:\/\/www.amchambaq.com\/en\/wp-json\/wp\/v2\/media?parent=11432"}],"wp:term":[{"taxonomy":"category","embeddable":true,"href":"https:\/\/www.amchambaq.com\/en\/wp-json\/wp\/v2\/categories?post=11432"},{"taxonomy":"post_tag","embeddable":true,"href":"https:\/\/www.amchambaq.com\/en\/wp-json\/wp\/v2\/tags?post=11432"}],"curies":[{"name":"wp","href":"https:\/\/api.w.org\/{rel}","templated":true}]}}