{"id":11421,"date":"2023-07-31T08:58:27","date_gmt":"2023-07-31T13:58:27","guid":{"rendered":"https:\/\/www.amchambaq.com\/?p=11421"},"modified":"2023-07-31T08:58:27","modified_gmt":"2023-07-31T13:58:27","slug":"embajador-de-ee-uu-hablo-sobre-exencion-de-visa-para-los-colombianos","status":"publish","type":"post","link":"https:\/\/www.amchambaq.com\/en\/embajador-de-ee-uu-hablo-sobre-exencion-de-visa-para-los-colombianos\/","title":{"rendered":"Embajador de EE. UU. habl\u00f3 sobre exenci\u00f3n de visa para los colombianos"},"content":{"rendered":"<p>Contin\u00faa en negociaci\u00f3n la posibilidad de que\u00a0<strong>Colombia\u00a0<\/strong>entre a formar parte del\u00a0<strong>Programa de Exenci\u00f3n de Visa<\/strong>\u00a0(VWP, por sus siglas en ingl\u00e9s), seg\u00fan dio a conocer el embajador estadounidense\u00a0<strong>Francisco Palmieri<\/strong>\u00a0a medios nacionales la ma\u00f1ana de este lunes 31 de julio.<\/p>\n<p>Esta probabilidad, que se viene contemplando desde el anterior gobierno de<strong>\u00a0Iv\u00e1n Duque<\/strong>, sigue siendo una prioridad importante para el actual mandato de\u00a0<strong>Gustavo Petro<\/strong>, dado que de hacerse realidad, beneficiar\u00eda a cientos de colombianos que podr\u00edan empezar a\u00a0<strong>viajar\u00a0<\/strong>y permanecer por un m\u00e1ximo de 90 d\u00edas en<strong>\u00a0Estados Unidos, sin necesidad de una visa de turismo<\/strong>.<\/p>\n<p>En di\u00e1logo con \u2018Noticias Caracol\u2019, Palmieri asegur\u00f3 que\u00a0contin\u00faan los<strong>\u00a0procesos de negociaci\u00f3n\u00a0<\/strong>que hab\u00edan iniciado en el anterior gobierno para incluir a Colombia en el listado de pa\u00edses con exenci\u00f3n de visa y que, de hecho, ya han comenzado con el an\u00e1lisis para estudiar si el pa\u00eds cumple con los cinco requisitos exigidos para entrar a formar parte del programa.<\/p>\n<p>Estos requerimientos ser\u00edan, seg\u00fan el\u00a0<strong>Departamento de Seguridad Nacional<\/strong>\u00a0(DHS, por sus siglas en ingl\u00e9s): contraterrorismo, cumplimiento de la ley, detecci\u00f3n de viajeros, aplicaci\u00f3n de la ley de inmigraci\u00f3n y documentos de viaje\/identidad.<\/p>\n<p>Cabe resaltar que, hasta ahora, un total de\u00a0<strong>40 pa\u00edses hacen parte del VWP<\/strong>\u00a0con Estados Unidos, y en el caso de\u00a0<strong>Am\u00e9rica Latina<\/strong>, tan solo\u00a0<strong>Chile\u00a0<\/strong>cuenta con dicho beneficio.<\/p>\n<p>Del mismo modo, es importante recordar que, si bien con EE. UU. a\u00fan se ha logrado llegar a un acuerdo,<strong>\u00a0Colombia\u00a0<\/strong>s\u00ed logr\u00f3 la exenci\u00f3n de visa en<strong>\u00a0Reino Unido<\/strong>\u00a0el pasado 9 de noviembre.<\/p>","protected":false},"excerpt":{"rendered":"<p>Contin\u00faa en negociaci\u00f3n la posibilidad de que\u00a0Colombia\u00a0entre a formar parte del\u00a0Programa de Exenci\u00f3n de Visa\u00a0(VWP, por sus siglas en ingl\u00e9s), seg\u00fan dio a conocer el embajador estadounidense\u00a0Francisco Palmieri\u00a0a medios nacionales la ma\u00f1ana de este lunes 31 de julio. Esta probabilidad, que se viene contemplando desde el anterior gobierno de\u00a0Iv\u00e1n Duque, sigue siendo una prioridad importante<\/p>","protected":false},"author":1,"featured_media":11422,"comment_status":"closed","ping_status":"closed","sticky":false,"template":"","format":"standard","meta":{"footnotes":""},"categories":[342,181],"tags":[],"class_list":["post-11421","post","type-post","status-publish","format-standard","has-post-thumbnail","hentry","category-news","category-noticias"],"views":26,"_links":{"self":[{"href":"https:\/\/www.amchambaq.com\/en\/wp-json\/wp\/v2\/posts\/11421","targetHints":{"allow":["GET"]}}],"collection":[{"href":"https:\/\/www.amchambaq.com\/en\/wp-json\/wp\/v2\/posts"}],"about":[{"href":"https:\/\/www.amchambaq.com\/en\/wp-json\/wp\/v2\/types\/post"}],"author":[{"embeddable":true,"href":"https:\/\/www.amchambaq.com\/en\/wp-json\/wp\/v2\/users\/1"}],"replies":[{"embeddable":true,"href":"https:\/\/www.amchambaq.com\/en\/wp-json\/wp\/v2\/comments?post=11421"}],"version-history":[{"count":1,"href":"https:\/\/www.amchambaq.com\/en\/wp-json\/wp\/v2\/posts\/11421\/revisions"}],"predecessor-version":[{"id":11423,"href":"https:\/\/www.amchambaq.com\/en\/wp-json\/wp\/v2\/posts\/11421\/revisions\/11423"}],"wp:featuredmedia":[{"embeddable":true,"href":"https:\/\/www.amchambaq.com\/en\/wp-json\/wp\/v2\/media\/11422"}],"wp:attachment":[{"href":"https:\/\/www.amchambaq.com\/en\/wp-json\/wp\/v2\/media?parent=11421"}],"wp:term":[{"taxonomy":"category","embeddable":true,"href":"https:\/\/www.amchambaq.com\/en\/wp-json\/wp\/v2\/categories?post=11421"},{"taxonomy":"post_tag","embeddable":true,"href":"https:\/\/www.amchambaq.com\/en\/wp-json\/wp\/v2\/tags?post=11421"}],"curies":[{"name":"wp","href":"https:\/\/api.w.org\/{rel}","templated":true}]}}