{"id":11409,"date":"2023-07-27T11:03:37","date_gmt":"2023-07-27T16:03:37","guid":{"rendered":"https:\/\/www.amchambaq.com\/?p=11409"},"modified":"2023-07-27T11:03:37","modified_gmt":"2023-07-27T16:03:37","slug":"asi-avanzan-las-energias-renovables-en-barranquilla","status":"publish","type":"post","link":"https:\/\/www.amchambaq.com\/en\/asi-avanzan-las-energias-renovables-en-barranquilla\/","title":{"rendered":"As\u00ed avanzan las energ\u00edas renovables en Barranquilla"},"content":{"rendered":"<p>La transici\u00f3n energ\u00e9tica y la producci\u00f3n de energ\u00eda limpia es una realidad en Barranquilla. El proyecto, liderado por el alcalde Jaime Pumarejo, contempla el suministro de energ\u00eda verde en colegios y otras instalaciones p\u00fablicas.<\/p>\n<p>Con la iniciativa de paneles solares, la ciudad se alinea con los Objetivos de Desarrollo Sostenible, ODS, de reducir en 51 % las emisiones de gases efecto invernadero para el a\u00f1o 2030 y Barranquilla se ratifica como la ciudad pionera en la transformaci\u00f3n y producci\u00f3n de energ\u00eda limpia, uno de los pilares del Plan de Desarrollo 2020-2023 \u2018Soy Barranquilla\u2019.<\/p>\n<p>El proyecto, que tendr\u00e1 una vigencia de 25 a\u00f1os, permitir\u00e1 ahorros en la facturaci\u00f3n, la generaci\u00f3n de 500 empleos verdes y la reducci\u00f3n de 23.000 toneladas de gases de efecto invernadero.<\/p>\n<p>En palabras de Pumarejo, en Barranquilla le estamos apostando a las energ\u00edas renovables: \u201cEn todos los edificios p\u00fablicos van a ser instalados paneles solares para autogenerar y vamos a hacer dos granjas solares para compensar el alumbrado p\u00fablico y para empezar a venderle a la red interconectada. Es un buen negocio y Barranquilla se asoci\u00f3 con empresas internacionales para hacerlo\u201d.<\/p>\n<p><strong>Avances en energ\u00edas renovables<\/strong><\/p>\n<p>Continuando con el cronograma de actividades en el marco del programa de energ\u00edas renovables de la Alcald\u00eda de Barranquilla, K-yena S.A.S. ha iniciado la implementaci\u00f3n de los proyectos para la producci\u00f3n de energ\u00edas limpias.<\/p>\n<p>En el primero, el proyecto de autogeneraci\u00f3n a peque\u00f1a escala comenz\u00f3 la instalaci\u00f3n de m\u00f3dulos, estructuras, canaletas y cableado en las primeras edificaciones, as\u00ed como la inscripci\u00f3n ante el operador de red de los proyectos y la normalizaci\u00f3n de medida.<\/p>\n<p>Previamente, se cumpli\u00f3 la primera fase, en la que se realiz\u00f3 el levantamiento t\u00e9cnico de las cubiertas y sistemas el\u00e9ctricos que ser\u00e1n intervenidos, previo al proceso de adecuaci\u00f3n y normalizaci\u00f3n de las edificaciones seleccionadas junto con el an\u00e1lisis t\u00e9cnico \u2013 econ\u00f3mico de los proyectos.<\/p>\n<p>La autogeneraci\u00f3n a peque\u00f1a escala beneficiar\u00e1 a los edificios p\u00fablicos, como colegios y otros, con m\u00e1s de 10.000 paneles solares, que permitir\u00e1n ahorrar hasta un 25 % de energ\u00eda y reducir aproximadamente 10 millones kg de di\u00f3xido de carbono al a\u00f1o.<\/p>\n<p>\u201cEs la apuesta de nuestra ciudad para salvaguardar nuestro medio ambiente y planificar con una hoja de ruta a mediano y largo plazo en beneficio de las generaciones futuras\u201d, estim\u00f3 el mandatario de los barranquilleros.<\/p>\n<p><strong>Parque solar a gran escala<\/strong><\/p>\n<p>El segundo gran proyecto de autogeneraci\u00f3n contempla la instalaci\u00f3n de m\u00e1s de 20.000 paneles solares, para suministrar la energ\u00eda que permitir\u00e1 el funcionamiento de todo el alumbrado p\u00fablico de la ciudad y la venta de excedentes de energ\u00eda a la red interconectada, mediante la generaci\u00f3n de m\u00e1s de 10 megavatios.<\/p>\n<p><strong>Proyecto parque e\u00f3lico<\/strong><\/p>\n<p>El proyecto piloto de parque e\u00f3lico costa afuera ser\u00e1, a mediano plazo, el impulso que convertir\u00e1 a Barranquilla en l\u00edder en Latinoam\u00e9rica en la transici\u00f3n energ\u00e9tica.<\/p>\n<p>La Alcald\u00eda de Barranquilla contin\u00faa a la espera de que el Gobierno nacional abra la subasta de las zonas e\u00f3licas costa afuera para participar con Copenhagen Infrastructure Partners (CIP), socio experto en la modernizaci\u00f3n de la industria e\u00f3lica marina, y pedir una zona en la que se puedan producir los primeros 350 megavatios de energ\u00eda e\u00f3lica\u00a0<em>offshore<\/em>, aprovechando las velocidades de entre 9 y 13 metros de viento a los que est\u00e1 expuesta la ciudad en su zona costera, para reducir el costo de la energ\u00eda que consumen los barranquilleros.<\/p>\n<p>Recordemos que Barranquilla hace parte del World Energy Cities Partnership y del World Energy Council, y que estas apuestas le permitir\u00e1n a la ciudad enfocarse en el desarrollo de los proyectos de recuperaci\u00f3n ambiental y desarrollo sostenible que nos sigan proyectando como la primera biodiverciudad de Colombia.<\/p>","protected":false},"excerpt":{"rendered":"<p>La transici\u00f3n energ\u00e9tica y la producci\u00f3n de energ\u00eda limpia es una realidad en Barranquilla. El proyecto, liderado por el alcalde Jaime Pumarejo, contempla el suministro de energ\u00eda verde en colegios y otras instalaciones p\u00fablicas. Con la iniciativa de paneles solares, la ciudad se alinea con los Objetivos de Desarrollo Sostenible, ODS, de reducir en 51<\/p>","protected":false},"author":1,"featured_media":11410,"comment_status":"closed","ping_status":"closed","sticky":false,"template":"","format":"standard","meta":{"footnotes":""},"categories":[342,181],"tags":[],"class_list":["post-11409","post","type-post","status-publish","format-standard","has-post-thumbnail","hentry","category-news","category-noticias"],"views":122,"_links":{"self":[{"href":"https:\/\/www.amchambaq.com\/en\/wp-json\/wp\/v2\/posts\/11409","targetHints":{"allow":["GET"]}}],"collection":[{"href":"https:\/\/www.amchambaq.com\/en\/wp-json\/wp\/v2\/posts"}],"about":[{"href":"https:\/\/www.amchambaq.com\/en\/wp-json\/wp\/v2\/types\/post"}],"author":[{"embeddable":true,"href":"https:\/\/www.amchambaq.com\/en\/wp-json\/wp\/v2\/users\/1"}],"replies":[{"embeddable":true,"href":"https:\/\/www.amchambaq.com\/en\/wp-json\/wp\/v2\/comments?post=11409"}],"version-history":[{"count":1,"href":"https:\/\/www.amchambaq.com\/en\/wp-json\/wp\/v2\/posts\/11409\/revisions"}],"predecessor-version":[{"id":11411,"href":"https:\/\/www.amchambaq.com\/en\/wp-json\/wp\/v2\/posts\/11409\/revisions\/11411"}],"wp:featuredmedia":[{"embeddable":true,"href":"https:\/\/www.amchambaq.com\/en\/wp-json\/wp\/v2\/media\/11410"}],"wp:attachment":[{"href":"https:\/\/www.amchambaq.com\/en\/wp-json\/wp\/v2\/media?parent=11409"}],"wp:term":[{"taxonomy":"category","embeddable":true,"href":"https:\/\/www.amchambaq.com\/en\/wp-json\/wp\/v2\/categories?post=11409"},{"taxonomy":"post_tag","embeddable":true,"href":"https:\/\/www.amchambaq.com\/en\/wp-json\/wp\/v2\/tags?post=11409"}],"curies":[{"name":"wp","href":"https:\/\/api.w.org\/{rel}","templated":true}]}}