{"id":11406,"date":"2023-07-27T08:22:29","date_gmt":"2023-07-27T13:22:29","guid":{"rendered":"https:\/\/www.amchambaq.com\/?p=11406"},"modified":"2023-07-27T08:22:29","modified_gmt":"2023-07-27T13:22:29","slug":"amcham-dice-que-reglamentacion-del-pes-implicaria-doble-tributacion","status":"publish","type":"post","link":"https:\/\/www.amchambaq.com\/en\/amcham-dice-que-reglamentacion-del-pes-implicaria-doble-tributacion\/","title":{"rendered":"AmCham dice que reglamentaci\u00f3n del PES implicar\u00eda doble tributaci\u00f3n"},"content":{"rendered":"<p>La\u00a0<strong>C\u00e1mara Colombo Americana<\/strong>\u00a0envi\u00f3 una carta al ministro de Hacienda,\u00a0<strong>Ricardo Bonilla<\/strong>, en la que le plante\u00f3 una serie de observaciones y propuestas sobre la reglamentaci\u00f3n del impuesto por presencia econ\u00f3mica significativa (PES).<\/p>\n<p>En la comunicaci\u00f3n, AmCham advierte que tal como se est\u00e1 planteando la normativa implicar\u00eda algunas repercusiones para el pa\u00eds, entre ellas una doble tributaci\u00f3n en las transacciones internacionales, lo que va en contra de la tendencia global.<\/p>\n<p>Dentro de las observaciones est\u00e1 que \u201cestablecer un\u00a0<strong>impuesto por PES<\/strong>\u00a0no estar\u00eda en concordancia con las propuestas globales para gravar la econom\u00eda digital, lo que genera una medida unilateral que implicar\u00eda un potencial escenario de doble tributaci\u00f3n en las transacciones internacionales, que es precisamente lo que busca prevenir el BEPS 2.0, el cual se espera est\u00e9 concretado en el 2023, para ser aplicado en el 2024\u201d.<\/p>\n<p>En cuanto a las observaciones sobre el articulado, AmCham Colombia se centra en que teniendo en cuenta que algunos de los t\u00e9rminos incluidos en la definici\u00f3n de\u00a0<strong>servicios digitales<\/strong>\u00a0no est\u00e1n propiamente definidos por la Ley, sino que est\u00e1n referenciados en la misma y definidos por la jurisprudencia o doctrina de la\u00a0<strong>DIAN<\/strong>.<\/p>\n<p>Tambi\u00e9n pide que el formulario de la declaraci\u00f3n de renta est\u00e9 prescrito en\u00a0<strong>espa\u00f1ol e ingl\u00e9s<\/strong>\u00a0para que exista mayor entendimiento, por parte de los sujetos\u00a0<strong>contribuyentes\u00a0<\/strong>que son, principalmente, empresas extranjeras.<\/p>\n<p>En la comunicaci\u00f3n suscrita por\u00a0<strong>AmCham Colombia<\/strong>\u00a0tambi\u00e9n se presentan cinco propuestas de art\u00edculos. El primero de ellos est\u00e1 relacionado con las deducciones de la base gravable.<\/p>\n<p>\u201cTeniendo en cuenta que devoluciones, rebajas, descuentos, etc., pueden generar un menor ingreso, solicitamos que el proyecto contemple este escenario y establezca expresamente la posibilidad de deducir aquellos montos que fueron gravados con el impuesto de renta por devoluciones, deudas manifiestamente perdidas, rebajas o descuentos\u201d.<\/p>\n<p>Otro de los nuevos art\u00edculos que propone es sobre exclusiones de la\u00a0<strong>base gravable<\/strong>, con el fin de que, \u201cpara todos los efectos tributarios, se excluya de la base gravable del impuesto sobre la renta de los individuos y entidades legales con presencia econ\u00f3mica significativa en Colombia, los ingresos recibidos por cuenta de terceros a cualquier t\u00edtulo\u201d.<\/p>\n<p>Finalmente, AmCham Colombia propone que se establezca un per\u00edodo de seis meses de gracia con el objetivo de brindar a los contribuyentes la oportunidad de familiarizarse con la normativa y cumplir plenamente con las obligaciones formales que les son impuestas.<\/p>\n<p>Asimismo, sugiere que durante estos seis meses no se apliquen sanciones ni se generen intereses, considerando que las empresas o individuos sujetos al r\u00e9gimen se encuentran en proceso de cumplimiento.<\/p>","protected":false},"excerpt":{"rendered":"<p>La\u00a0C\u00e1mara Colombo Americana\u00a0envi\u00f3 una carta al ministro de Hacienda,\u00a0Ricardo Bonilla, en la que le plante\u00f3 una serie de observaciones y propuestas sobre la reglamentaci\u00f3n del impuesto por presencia econ\u00f3mica significativa (PES). En la comunicaci\u00f3n, AmCham advierte que tal como se est\u00e1 planteando la normativa implicar\u00eda algunas repercusiones para el pa\u00eds, entre ellas una doble tributaci\u00f3n<\/p>","protected":false},"author":1,"featured_media":11407,"comment_status":"closed","ping_status":"closed","sticky":false,"template":"","format":"standard","meta":{"footnotes":""},"categories":[342,181],"tags":[],"class_list":["post-11406","post","type-post","status-publish","format-standard","has-post-thumbnail","hentry","category-news","category-noticias"],"views":26,"_links":{"self":[{"href":"https:\/\/www.amchambaq.com\/en\/wp-json\/wp\/v2\/posts\/11406","targetHints":{"allow":["GET"]}}],"collection":[{"href":"https:\/\/www.amchambaq.com\/en\/wp-json\/wp\/v2\/posts"}],"about":[{"href":"https:\/\/www.amchambaq.com\/en\/wp-json\/wp\/v2\/types\/post"}],"author":[{"embeddable":true,"href":"https:\/\/www.amchambaq.com\/en\/wp-json\/wp\/v2\/users\/1"}],"replies":[{"embeddable":true,"href":"https:\/\/www.amchambaq.com\/en\/wp-json\/wp\/v2\/comments?post=11406"}],"version-history":[{"count":1,"href":"https:\/\/www.amchambaq.com\/en\/wp-json\/wp\/v2\/posts\/11406\/revisions"}],"predecessor-version":[{"id":11408,"href":"https:\/\/www.amchambaq.com\/en\/wp-json\/wp\/v2\/posts\/11406\/revisions\/11408"}],"wp:featuredmedia":[{"embeddable":true,"href":"https:\/\/www.amchambaq.com\/en\/wp-json\/wp\/v2\/media\/11407"}],"wp:attachment":[{"href":"https:\/\/www.amchambaq.com\/en\/wp-json\/wp\/v2\/media?parent=11406"}],"wp:term":[{"taxonomy":"category","embeddable":true,"href":"https:\/\/www.amchambaq.com\/en\/wp-json\/wp\/v2\/categories?post=11406"},{"taxonomy":"post_tag","embeddable":true,"href":"https:\/\/www.amchambaq.com\/en\/wp-json\/wp\/v2\/tags?post=11406"}],"curies":[{"name":"wp","href":"https:\/\/api.w.org\/{rel}","templated":true}]}}