{"id":11371,"date":"2023-07-17T09:44:59","date_gmt":"2023-07-17T14:44:59","guid":{"rendered":"https:\/\/www.amchambaq.com\/?p=11371"},"modified":"2023-07-17T09:44:59","modified_gmt":"2023-07-17T14:44:59","slug":"caf-desarrollara-una-nueva-estrategia-en-colombia","status":"publish","type":"post","link":"https:\/\/www.amchambaq.com\/en\/caf-desarrollara-una-nueva-estrategia-en-colombia\/","title":{"rendered":"CAF desarrollar\u00e1 una nueva estrategia en Colombia"},"content":{"rendered":"<p>La CAF \u2014banco de Desarrollo de Am\u00e9rica Latina y el Caribe\u2014, present\u00f3 una nueva estrategia para los pr\u00f3ximos cuatro a\u00f1os para\u00a0<strong>Colombia\u00a0<\/strong>que plantea una agenda que ayude al pa\u00eds a salir de la trampa del ingreso medio y a aprovechar sus ventajas competitivas en t\u00e9rminos ambientales, agr\u00edcolas y de<strong>\u00a0talento humano.<\/strong><\/p>\n<p>Esta iniciativa se basa en cuatro pilares (desarrollo rural, apuesta por la equidad, transformaci\u00f3n productiva sostenible y modernizaci\u00f3n institucional) y que tiene como temas transversales la equidad, el g\u00e9nero, la diversidad, la inclusi\u00f3n y la\u00a0<strong>acci\u00f3n clim\u00e1tica.<\/strong><\/p>\n<p>Para lograr los objetivos, el banco financiar\u00e1 programas y\u00a0<strong>proyectos\u00a0<\/strong>de inversi\u00f3n de alta calidad y envergadura que sean trazables y evaluables en t\u00e9rminos de su impacto real, y que ser\u00e1n complementados con apoyo t\u00e9cnico para garantizar una formulaci\u00f3n s\u00f3lida y una ejecuci\u00f3n efectiva.<\/p>\n<p>El presidente ejecutivo de CAF, Sergio D\u00edaz-Granados, dijo que desde su fundaci\u00f3n en 1968, CAF ha apoyado a Colombia financiando programas de desarrollo y proyectos de gran envergadura que han contribuido al progreso socioecon\u00f3mico y a la mejora de la calidad de vida de los colombianos y colombianas.<\/p>\n<p>\u201cCon la nueva estrategia vamos a reforzar nuestra presencia en el pa\u00eds, para que logre superar las brechas hist\u00f3ricas que han ensombrecido los sue\u00f1os de las poblaciones m\u00e1s vulnerables, desde aquellos que viven en zonas rurales con mayores \u00edndices de pobreza, hasta las\u00a0<strong>comunidades \u00e9tnicas<\/strong>, las mujeres, los ni\u00f1os y ni\u00f1as o los trabajadores informales\u201d, dijo Sergio D\u00edaz-Granados.<\/p>\n<div class=\"field-item odd\">\n<div class=\"entity entity-paragraphs-item paragraphs-item-descripcion\">\n<div class=\"content\">\n<div class=\"field field-name-field-descripcion field-type-text-long field-label-hidden\">\n<div class=\"field-items\">\n<div class=\"field-item even\">\n<p>La estrategia que fue presentada el pasado viernes en Bogot\u00e1, est\u00e1 alineada con el\u00a0<strong>Plan de Desarrollo del Gobierno nacional.<\/strong><\/p>\n<p>Por su parte, el ministro de Hacienda, Ricardo Bonilla, record\u00f3 que \u201cdesde su fundaci\u00f3n, CAF ha apoyado a Colombia financiando programas y proyectos de gran envergadura, y fortaleciendo las capacidades en materia t\u00e9cnica y regulatoria para la implementaci\u00f3n de pol\u00edticas p\u00fablicas con alto impacto, convirti\u00e9ndose en uno de los aliados estrat\u00e9gicos para avanzar en el desarrollo sostenible a trav\u00e9s del financiamiento a la Naci\u00f3n y los territorios\u201d.<\/p>\n<p>En los \u00faltimos a\u00f1os, Colombia ha registrado avances en reducci\u00f3n de la pobreza y un crecimiento econ\u00f3mico estable y moderado. Sin embargo, seg\u00fan la CEPAL, sigue estando entre los pa\u00edses latinoamericanos con mayores niveles de pobreza. De acuerdo al\u00a0<strong>DANE<\/strong>, 6,6 millones de personas viven en condiciones de pobreza multidimensional.<\/p>\n<\/div>\n<\/div>\n<\/div>\n<\/div>\n<\/div>\n<\/div>\n<div class=\"field-item even\">\n<div id=\"relacionado-body\">\n<div class=\"box-title\">\n<p>Uno de los pilares de la estrategia es el desarrollo rural para la sustentabilidad y la inclusi\u00f3n que propone trabajar en el fortalecimiento de los v\u00ednculos intra e interregionales, reconociendo las relaciones entre las ciudades y el campo a trav\u00e9s de acciones dirigidas a<strong>\u00a0consolidar los servicios<\/strong>\u00a0y bienes p\u00fablicos, fomentar el rol las ciudades como dinamizadoras del territorio y trabajar por una gesti\u00f3n integral de fronteras con el fin de fomentar la integraci\u00f3n comercial, productiva y social.<\/p>\n<p>La apuesta por la equidad tiene como objetivo contribuir con el cierre de brechas en la calidad de vida de la poblaci\u00f3n, brindar m\u00e1s y mejores oportunidades, y promover el crecimiento de capacidades en las poblaciones con mayores desigualdades a trav\u00e9s de la formaci\u00f3n del capital humano, la contribuci\u00f3n a la generaci\u00f3n de empleo de calidad y el mejoramiento de la cobertura y calidad de la salud.<\/p>\n<p>En transformaci\u00f3n\u00a0<strong>productiva sostenible<\/strong>, entendiendo el potencial de exportaci\u00f3n de bienes y servicios verdes que tiene el pa\u00eds, se enfoca en fortalecer la conectividad f\u00edsica y la funcionalidad log\u00edstica, desarrollar las capacidades del sector privado como medio para alcanzar los ODS, y favorecer la transici\u00f3n energ\u00e9tica y la resiliencia clim\u00e1tica.<\/p>\n<p>Fortalecimiento y modernizaci\u00f3n institucional es la l\u00ednea contribuir\u00e1 en el fortalecimiento de la\u00a0<strong>capacidad\u00a0de gesti\u00f3n\u00a0<\/strong>de los sectores de la administraci\u00f3n p\u00fablica, encargados de formular, articular y ejecutar las pol\u00edticas prioritarias.<\/p>\n<p>Adem\u00e1s, promover\u00e1 acciones dirigidas a la eficiencia en la gesti\u00f3n de las<strong>\u00a0instituciones del Estado<\/strong>, el gobierno digital, la mejora regulatoria y simplificaci\u00f3n de tr\u00e1mites, as\u00ed como el apoyo a los sistemas de transparencia e integridad en la gesti\u00f3n p\u00fablica.<\/p>\n<p>Tomado de: EL HERALDO<\/p>\n<\/div>\n<\/div>\n<\/div>","protected":false},"excerpt":{"rendered":"<p>La CAF \u2014banco de Desarrollo de Am\u00e9rica Latina y el Caribe\u2014, present\u00f3 una nueva estrategia para los pr\u00f3ximos cuatro a\u00f1os para\u00a0Colombia\u00a0que plantea una agenda que ayude al pa\u00eds a salir de la trampa del ingreso medio y a aprovechar sus ventajas competitivas en t\u00e9rminos ambientales, agr\u00edcolas y de\u00a0talento humano. Esta iniciativa se basa en cuatro<\/p>","protected":false},"author":1,"featured_media":11372,"comment_status":"closed","ping_status":"closed","sticky":false,"template":"","format":"standard","meta":{"footnotes":""},"categories":[342,181],"tags":[],"class_list":["post-11371","post","type-post","status-publish","format-standard","has-post-thumbnail","hentry","category-news","category-noticias"],"views":59,"_links":{"self":[{"href":"https:\/\/www.amchambaq.com\/en\/wp-json\/wp\/v2\/posts\/11371","targetHints":{"allow":["GET"]}}],"collection":[{"href":"https:\/\/www.amchambaq.com\/en\/wp-json\/wp\/v2\/posts"}],"about":[{"href":"https:\/\/www.amchambaq.com\/en\/wp-json\/wp\/v2\/types\/post"}],"author":[{"embeddable":true,"href":"https:\/\/www.amchambaq.com\/en\/wp-json\/wp\/v2\/users\/1"}],"replies":[{"embeddable":true,"href":"https:\/\/www.amchambaq.com\/en\/wp-json\/wp\/v2\/comments?post=11371"}],"version-history":[{"count":1,"href":"https:\/\/www.amchambaq.com\/en\/wp-json\/wp\/v2\/posts\/11371\/revisions"}],"predecessor-version":[{"id":11373,"href":"https:\/\/www.amchambaq.com\/en\/wp-json\/wp\/v2\/posts\/11371\/revisions\/11373"}],"wp:featuredmedia":[{"embeddable":true,"href":"https:\/\/www.amchambaq.com\/en\/wp-json\/wp\/v2\/media\/11372"}],"wp:attachment":[{"href":"https:\/\/www.amchambaq.com\/en\/wp-json\/wp\/v2\/media?parent=11371"}],"wp:term":[{"taxonomy":"category","embeddable":true,"href":"https:\/\/www.amchambaq.com\/en\/wp-json\/wp\/v2\/categories?post=11371"},{"taxonomy":"post_tag","embeddable":true,"href":"https:\/\/www.amchambaq.com\/en\/wp-json\/wp\/v2\/tags?post=11371"}],"curies":[{"name":"wp","href":"https:\/\/api.w.org\/{rel}","templated":true}]}}