{"id":11349,"date":"2023-07-13T11:30:16","date_gmt":"2023-07-13T16:30:16","guid":{"rendered":"https:\/\/www.amchambaq.com\/?p=11349"},"modified":"2023-07-13T11:30:16","modified_gmt":"2023-07-13T16:30:16","slug":"colombia-gana-disputa-territorial-ante-nicaragua-tras-fallo-de-la-cij","status":"publish","type":"post","link":"https:\/\/www.amchambaq.com\/en\/colombia-gana-disputa-territorial-ante-nicaragua-tras-fallo-de-la-cij\/","title":{"rendered":"Colombia gana disputa territorial ante Nicaragua tras fallo de la CIJ"},"content":{"rendered":"<p><strong>Con 13 votos a favor de Colombia y 4 en contra<\/strong>\u00a0la Corte Internacional de Justicia (CIJ) en La Haya resolvi\u00f3 negarle la petici\u00f3n de Nicaragua de expandir su plataforma continental m\u00e1s all\u00e1 de las\u00a0<strong>200 millas n\u00e1uticas.<\/strong><\/p>\n<p>&#8220;Nicaragua no tiene derecho a una l\u00ednea extendida dentro de las 200 millas de una\u00a0<strong>l\u00ednea\u00a0base\u00a0de Colombia<\/strong>. La solicitud de Nicaragua en la primera parte no se puede sostener. Dentro de la l\u00ednea base de las millas n\u00e1uticas de San Andr\u00e9s y Providencia, Nicaragua no tiene derechos a una\u00a0<strong>plataforma\u00a0extendida<\/strong>&#8220;, fue la conclusi\u00f3n del fallo de la CIJ que se llev\u00f3 a cabo este jueves.<\/p>\n<p>El canciller \u00c1lvaro Leyva\u00a0manifest\u00f3 en su cuenta de Twitter que con esta noticia debe haber una uni\u00f3n en el pa\u00eds y dejar atr\u00e1s los odios: &#8220;<span class=\"css-901oao css-16my406 r-poiln3 r-bcqeeo r-qvutc0\">Gozo el triunfo de mi patria. Llamo a la uni\u00f3n de todos los colombianos. Atr\u00e1s los odios, las desesperanzas, las luchas sin sentido. Orgulloso estoy de nuestro agente, coagente embajadora, coagente raizal vice canciller y asesores. Presidente Petro&#8230; \u00a1Lo que viene es mejor!&#8221;.\u00a0<\/span><\/p>\n<p>Ante esto, el alcalde Jaime Pumarejo destac\u00f3 que &#8220;Barranquilla como ciudad Caribe, &#8216;ce\u00f1ida de agua y madurada al sol&#8217;, celebra la decisi\u00f3n de La Haya sobre nuestro mar. Que sea este el momento para empezar a mirar al Caribe y al Pac\u00edfico con entusiasmo, con oportunidad y sin prejuicios&#8221;.<\/p>\n<div class=\"field-item odd\">\n<div class=\"entity entity-paragraphs-item paragraphs-item-descripcion\">\n<div class=\"content\">\n<div class=\"field field-name-field-descripcion field-type-text-long field-label-hidden\">\n<div class=\"field-items\">\n<div class=\"field-item even\">\n<p><strong>En favor de la decisi\u00f3n<\/strong>\u00a0votaron Donoghue, presidenta de la CIJ; Gevorgian, vicepresidente del tribunal; los jueces Abraham, Bennouna, Yusuf, Xue, Sebutinde, Bhandari, Salam, Iwasawa, Nolte, Brant y el juez ad hoc McRae. Por su parte,\u00a0<strong>quienes votaron de manera negativa\u00a0<\/strong>al fallo fueron los jueces Tomka, Robinson, Charlesworth y el juez ad hoc Skotnikov.<\/p>\n<p>De la misma forma y votado a favor y en contra por los mismos jueces, la CIJ \u201crechaz\u00f3 la solicitud hecha por la Rep\u00fablica de Nicaragua que la Corte adjudica y declara que las islas de\u00a0<strong>San Andr\u00e9s and Providencia<\/strong>\u00a0tienen derecho a una plataforma continental consistente en 200 millas n\u00e1uticas desde la l\u00ednea base a partir de las cuales la\u00a0<strong>amplitud del territorio\u00a0<\/strong>del mar de Nicaragua es medido conectando los puntos A, C y B\u201d.<\/p>\n<p>Otra de las decisiones de las cuales Colombia sali\u00f3\u00a0<strong>victoriosa\u00a0<\/strong>fue la reclamaci\u00f3n de los derechos mar\u00edtimos de los\u00a0<strong>cayos Serranilla y Bajo Nuevo<\/strong>. Este inciso obtuvo el voto positivo de 12 de los\u00a0 17 jueces y en contra tuvo a 5.<\/p>\n<\/div>\n<\/div>\n<\/div>\n<\/div>\n<\/div>\n<\/div>\n<div class=\"field-item even\">\n<div class=\"entity entity-paragraphs-item paragraphs-item-descripcion\">\n<div class=\"content\">\n<div class=\"field field-name-field-descripcion field-type-text-long field-label-hidden\">\n<div class=\"field-items\">\n<div class=\"field-item even\">\n<p>El\u00a0<strong>equipo jur\u00eddico\u00a0<\/strong>que logr\u00f3 el fallo a favor del pa\u00eds, a trav\u00e9s de la Canciller\u00eda se pronunciaron celebrando la decisi\u00f3n a la que lleg\u00f3 la Corte Interncional de Justicia: \u201cHoy es un d\u00eda de inmensa celebraci\u00f3n para Colombia (\u2026)<strong>\u00a0Esta es sin duda la mayor victoria judicial internacional de nuestro pa\u00eds\u00a0<\/strong>en las \u00faltimas d\u00e9cadas. Es un notable logro ya que victorias completas son poco frecuentes en la Corte. La Corte, por mayor\u00edas sustanciales, expres\u00f3 su acuerdo con la respuesta negativa que dio Colombia a las preguntas que le formul\u00f3 a las partes en octubre pasado\u201d.<\/p>\n<p>En una\u00a0<strong>demanda\u00a0<\/strong>presentada el 16 de septiembre de 2013, Nicaragua ped\u00eda a la Corte que declarara, \u201cel curso preciso del l\u00edmite mar\u00edtimo entre Nicaragua y Colombia en las \u00e1reas de la\u00a0<strong>plataforma continental\u00a0<\/strong>que pertenecen a cada uno de ellos m\u00e1s all\u00e1 de los l\u00edmites determinados por la Corte en su Sentencia de 19 de noviembre de 2012\u201d.<\/p>\n<p>A pesar de la larga disputa que llev\u00f3 m\u00e1s de una d\u00e9cada en resolver, los argumentos expuestos por el pa\u00eds centroamericano\u00a0<strong>no fueron suficientes para la CIJ\u00a0<\/strong>que termin\u00f3 desestim\u00e1ndolos y fallando en favor de Colombia que obtuvo<strong>\u00a013 de los 17 votos de los jueces del organismo internacional.<\/strong><\/p>\n<p>Tomado de: EL HERALDO<\/p>\n<\/div>\n<\/div>\n<\/div>\n<\/div>\n<\/div>\n<\/div>","protected":false},"excerpt":{"rendered":"<p>Con 13 votos a favor de Colombia y 4 en contra\u00a0la Corte Internacional de Justicia (CIJ) en La Haya resolvi\u00f3 negarle la petici\u00f3n de Nicaragua de expandir su plataforma continental m\u00e1s all\u00e1 de las\u00a0200 millas n\u00e1uticas. &#8220;Nicaragua no tiene derecho a una l\u00ednea extendida dentro de las 200 millas de una\u00a0l\u00ednea\u00a0base\u00a0de Colombia. La solicitud de<\/p>","protected":false},"author":1,"featured_media":11350,"comment_status":"closed","ping_status":"closed","sticky":false,"template":"","format":"standard","meta":{"footnotes":""},"categories":[342,181],"tags":[],"class_list":["post-11349","post","type-post","status-publish","format-standard","has-post-thumbnail","hentry","category-news","category-noticias"],"views":59,"_links":{"self":[{"href":"https:\/\/www.amchambaq.com\/en\/wp-json\/wp\/v2\/posts\/11349","targetHints":{"allow":["GET"]}}],"collection":[{"href":"https:\/\/www.amchambaq.com\/en\/wp-json\/wp\/v2\/posts"}],"about":[{"href":"https:\/\/www.amchambaq.com\/en\/wp-json\/wp\/v2\/types\/post"}],"author":[{"embeddable":true,"href":"https:\/\/www.amchambaq.com\/en\/wp-json\/wp\/v2\/users\/1"}],"replies":[{"embeddable":true,"href":"https:\/\/www.amchambaq.com\/en\/wp-json\/wp\/v2\/comments?post=11349"}],"version-history":[{"count":1,"href":"https:\/\/www.amchambaq.com\/en\/wp-json\/wp\/v2\/posts\/11349\/revisions"}],"predecessor-version":[{"id":11351,"href":"https:\/\/www.amchambaq.com\/en\/wp-json\/wp\/v2\/posts\/11349\/revisions\/11351"}],"wp:featuredmedia":[{"embeddable":true,"href":"https:\/\/www.amchambaq.com\/en\/wp-json\/wp\/v2\/media\/11350"}],"wp:attachment":[{"href":"https:\/\/www.amchambaq.com\/en\/wp-json\/wp\/v2\/media?parent=11349"}],"wp:term":[{"taxonomy":"category","embeddable":true,"href":"https:\/\/www.amchambaq.com\/en\/wp-json\/wp\/v2\/categories?post=11349"},{"taxonomy":"post_tag","embeddable":true,"href":"https:\/\/www.amchambaq.com\/en\/wp-json\/wp\/v2\/tags?post=11349"}],"curies":[{"name":"wp","href":"https:\/\/api.w.org\/{rel}","templated":true}]}}