{"id":11304,"date":"2023-07-10T08:59:09","date_gmt":"2023-07-10T13:59:09","guid":{"rendered":"https:\/\/www.amchambaq.com\/?p=11304"},"modified":"2023-07-10T08:59:09","modified_gmt":"2023-07-10T13:59:09","slug":"primeros-documentos-de-transicion-energetica-casi-listos-que-dicen","status":"publish","type":"post","link":"https:\/\/www.amchambaq.com\/en\/primeros-documentos-de-transicion-energetica-casi-listos-que-dicen\/","title":{"rendered":"Primeros documentos de transici\u00f3n energ\u00e9tica, casi listos: qu\u00e9 dicen"},"content":{"rendered":"<p>Aunque <b>la hoja de ruta completa del Gobierno para la transici\u00f3n energ\u00e9tica justa se conocer\u00e1 hasta febrero del 2024<\/b>, el Ejecutivo est\u00e1 pr\u00f3ximo publicar los primeros tres documentos, de un total 11, que componen dicho plan.<\/p>\n<p>As\u00ed lo revel\u00f3 a Portafolio\u00a0<b>el Ministerio de Minas y Energ\u00eda, ante una consulta sobre la utilizaci\u00f3n de los insumos de la Misi\u00f3n de Transformaci\u00f3n Energ\u00e9tica, que en el 2020 entreg\u00f3 sus recomendaciones el gobierno anterior.<\/b><\/p>\n<p><i>\u201cEn estos momentos, el Ministerio de Minas y Energ\u00eda est\u00e1 pr\u00f3ximo a publicar los tres primeros productos relacionados anteriormente\u201d,<\/i>\u00a0se\u00f1al\u00f3 la entidad al detallar que se trata de los informes de los di\u00e1logos sociales para la construcci\u00f3n de la hoja de ruta; el diagn\u00f3stico minero-energ\u00e9tico del pa\u00eds a hoy; y la planeaci\u00f3n energ\u00e9tica a largo plazo (2050) junto con los escenarios energ\u00e9ticos.<\/p>\n<p>Hace tres a\u00f1os,\u00a0<b>la Misi\u00f3n de Transformaci\u00f3n Energ\u00e9tica entreg\u00f3 unas recomendaciones para el mercado<\/b>, enfocadas en cinco pilares.<\/p>\n<p>Al respecto,<b>\u00a0Jos\u00e9 Plata, socio de la firma Serrano Mart\u00ednez<\/b>\u00a0y experto de la Misi\u00f3n, sostuvo que hay una serie de puntos que fueron plasmados que deber\u00edan ser tenidos en cuenta, para construir sobre lo construido, aunque destac\u00f3 que del trabajo con comunidades pueden salir nuevas necesidades.<\/p>\n<div id=\"p585654-m293-4-294\" class=\"highlighted\">\n<div id=\"m298-297-299\" class=\"tiemposBold3\"><strong>Las prioridades<\/strong><\/div>\n<\/div>\n<p id=\"p585654-m278-4-279\" class=\"parrafo\">Esa Misi\u00f3n prioriz\u00f3 cinco ejes de acci\u00f3n, y el primero de estos fue relacionado con el mercado mayorista.<b>\u00a0Algunas de las propuestas relacionadas con esto son ajustes al cargo por confiabilidad para garantizar la suficiencia<\/b>, acciones para garantizar la expansi\u00f3n del sistema de interconexi\u00f3n y la participaci\u00f3n m\u00e1s activa de la demanda.<\/p>\n<p>En segundo lugar, la misi\u00f3n<b>\u00a0recomend\u00f3 una modernizaci\u00f3n de la red, incluyendo temas como el despliegue de los medidores inteligentes y definiciones<\/b>\u00a0y criterios para la movilidad el\u00e9ctrica.<\/p>\n<p>El tercer pilar, referente al mercado del gas natural, plante\u00f3\u00a0<b>mejoras en el Sistema Nacional de Transporte y el establecimiento de plantas de regasificaci\u00f3n<\/b>, entre otros.<\/p>\n<p id=\"p585654-m278-4-279\" class=\"parrafo\">Un cuarto eje es<b>\u00a0la cobertura de energ\u00eda y los subsidios<\/b>, en el que se propon\u00edan temas como la unificaci\u00f3n de los fondos de energ\u00eda el\u00e9ctrica, la expansi\u00f3n en la cobertura de gas, la focalizaci\u00f3n de subsidios y un adecuado marco institucional para la energizaci\u00f3n rural. Plata considera que este es uno de los ejes con m\u00e1s avances.<\/p>\n<p>No obstante, este no es el mismo caso para el quinto punto priorizado, referente al\u00a0<b>marco institucional y regulatorio.<\/b>\u00a0En este, se plantean una serie de temas como mecanismos de coordinaci\u00f3n interinstitucional, el fortalecimiento de la Superintendencia de Servicios P\u00fablicos, cambios en el funcionamiento y reglamento de la Comisi\u00f3n de Regulaci\u00f3n de Energ\u00eda y Gas (Creg).<\/p>\n<p>Plata se\u00f1ala que en<b>\u00a0el primer, tercer y quinto punto son los que menos avances hay hasta el momento,<\/b>\u00a0pues algunos temas estructurales, como ajustes al cargo por confiabilidad o una reforma a la Creg no se han abordado.<\/p>\n<div id=\"p585654-m326-6-327\" class=\"highlighted\">\n<div id=\"m331-330-332\" class=\"tiemposBold3\">Propuestas<\/div>\n<\/div>\n<p id=\"p585654-m313-6-314\" class=\"parrafo\">Desde la llegada del nuevo Gobierno, la transici\u00f3n energ\u00e9tica y el cambio clim\u00e1tico han sido de las principales banderas.<\/p>\n<p>Por esto se han iniciado trabajos para la construcci\u00f3n de una<b>\u00a0hoja de ruta que permita tener una matriz el\u00e9ctrica con mayor uso de energ\u00edas renovables no convencionales.<\/b><\/p>\n<p>Ahora bien, algunas de las\u00a0<b>prioridades del Gobierno y anuncios hechos tienen sinergias con los comentarios de la Misi\u00f3n,<\/b>\u00a0en aspectos como mayor participaci\u00f3n de la demanda, la incorporaci\u00f3n de recursos energ\u00e9ticos distribuidos y el fortalecimiento de la Superservicios, entre otros.<\/p>\n<p>Ahora bien, Plata se\u00f1ala que si bien es importante el trabajo que encabeza la ministra Irene V\u00e9lez en los di\u00e1logos con comunidades, se deben tener en cuenta aspectos t\u00e9cnicos y los documentos previos.<\/p>\n<p>Al respecto, el Ministerio confirm\u00f3 que las recomendaciones t\u00e9cnicas, de pol\u00edtica p\u00fablica y de \u00edndole regulatorio ya fueron incluidas en la Estrategia 2050, as\u00ed como el Conpes 4075 de transici\u00f3n energ\u00e9tica, \u201c<i>documentos p\u00fablicos que han sido tomados en cuenta para el desarrollo de la Hoja de Ruta de la Transici\u00f3n Energ\u00e9tica Justa de nuestro pa\u00eds\u201d.<\/i><\/p>\n<p>El experto considera que<b>\u00a0es importante generar nuevos insumos\u00a0<\/b>para hacer la transici\u00f3n pero, no obstante, considera que podr\u00eda hacerse m\u00e1s lento el proceso por cuenta de la duplicaci\u00f3n de esfuerzos.<\/p>\n<p>Sin embargo,\u00a0<b>el Ministerio enfatiza en que la Misi\u00f3n de Transici\u00f3n Energ\u00e9tica se enfoc\u00f3 principalmente en establecer una ruta para el desarrollo de la energ\u00eda el\u00e9ctrica<\/b>\u00a0y el mercado de gas natural en el pa\u00eds.<\/p>\n<p id=\"p585654-m246-5-247\" class=\"parrafo\">V\u00e9lez ha se\u00f1alado en el pasado\u00a0<b>la priorizaci\u00f3n de aspectos como la creaci\u00f3n de comunidades energ\u00e9tica<\/b>s, la formaci\u00f3n de un precio justo y la coordinaci\u00f3n interinstitucional. Uno de los puntos es el mayor relacionamiento con comunidades y la respuesta institucional oportuna.<\/p>\n<p>Cabe recordar que, originalmente, la presentaci\u00f3n de la hoja de ruta estaba programada para marzo de este a\u00f1o y se aplaz\u00f3 su entrega hasta febrero de 2024, cuando ya habr\u00e1 transcurrido cerca de a\u00f1o y medio de mandato.<\/p>\n<div id=\"p585654-m252-6-253\" class=\"highlighted\">\n<div id=\"m257-256-258\" class=\"tiemposBold3\">Los avances en las propuestas de la Misi\u00f3n<\/div>\n<\/div>\n<p id=\"p585654-m264-7-265\" class=\"parrafo\">Dentro de los puntos que se priorizaban en el documento final emitido por la Misi\u00f3n de\u00a0<b>Transformaci\u00f3n Energ\u00e9tica hay algunos que han tenido avances.<\/b>\u00a0El m\u00e1s reciente es la implementaci\u00f3n de mecanismos de contrataci\u00f3n an\u00f3nimos y estandarizados. El pasado viernes, la Bolsa Mercantil de Colombia (BMC) llev\u00f3 a cabo la primera subasta de este tipo para el mercado no regulado.<\/p>\n<p><i>\u201cEstamos muy contentos de tener operativa la primera plataforma transaccional de contratos estandarizados de suministro de energ\u00eda el\u00e9ctrica en el pa\u00eds con registro ante el operador del mercado, que tiene el objetivo de transformar la manera en que se negocian los contratos de energ\u00eda y de esta manera fomentar la competitividad del pa\u00eds, apoyar el desarrollo del sector energ\u00e9tico y garantizar un valor agregado para todos los actores del mercado\u201d<\/i>, asegur\u00f3 Mar\u00eda In\u00e9s Agudelo, presidente de la BMC.<\/p>\n<p><b>A esto se suma la publicaci\u00f3n del Plan de Sustituci\u00f3n de Le\u00f1a,<\/b>\u00a0que plantea los escenarios, herramientas y presupuestos para cambiar el uso de energ\u00e9ticos contaminantes por otros como gas y electricidad.<\/p>\n<p>Tomado de: PORTAFOLIO<\/p>","protected":false},"excerpt":{"rendered":"<p>Aunque la hoja de ruta completa del Gobierno para la transici\u00f3n energ\u00e9tica justa se conocer\u00e1 hasta febrero del 2024, el Ejecutivo est\u00e1 pr\u00f3ximo publicar los primeros tres documentos, de un total 11, que componen dicho plan. As\u00ed lo revel\u00f3 a Portafolio\u00a0el Ministerio de Minas y Energ\u00eda, ante una consulta sobre la utilizaci\u00f3n de los insumos<\/p>","protected":false},"author":1,"featured_media":11305,"comment_status":"closed","ping_status":"closed","sticky":false,"template":"","format":"standard","meta":{"footnotes":""},"categories":[342,181],"tags":[],"class_list":["post-11304","post","type-post","status-publish","format-standard","has-post-thumbnail","hentry","category-news","category-noticias"],"views":28,"_links":{"self":[{"href":"https:\/\/www.amchambaq.com\/en\/wp-json\/wp\/v2\/posts\/11304","targetHints":{"allow":["GET"]}}],"collection":[{"href":"https:\/\/www.amchambaq.com\/en\/wp-json\/wp\/v2\/posts"}],"about":[{"href":"https:\/\/www.amchambaq.com\/en\/wp-json\/wp\/v2\/types\/post"}],"author":[{"embeddable":true,"href":"https:\/\/www.amchambaq.com\/en\/wp-json\/wp\/v2\/users\/1"}],"replies":[{"embeddable":true,"href":"https:\/\/www.amchambaq.com\/en\/wp-json\/wp\/v2\/comments?post=11304"}],"version-history":[{"count":1,"href":"https:\/\/www.amchambaq.com\/en\/wp-json\/wp\/v2\/posts\/11304\/revisions"}],"predecessor-version":[{"id":11306,"href":"https:\/\/www.amchambaq.com\/en\/wp-json\/wp\/v2\/posts\/11304\/revisions\/11306"}],"wp:featuredmedia":[{"embeddable":true,"href":"https:\/\/www.amchambaq.com\/en\/wp-json\/wp\/v2\/media\/11305"}],"wp:attachment":[{"href":"https:\/\/www.amchambaq.com\/en\/wp-json\/wp\/v2\/media?parent=11304"}],"wp:term":[{"taxonomy":"category","embeddable":true,"href":"https:\/\/www.amchambaq.com\/en\/wp-json\/wp\/v2\/categories?post=11304"},{"taxonomy":"post_tag","embeddable":true,"href":"https:\/\/www.amchambaq.com\/en\/wp-json\/wp\/v2\/tags?post=11304"}],"curies":[{"name":"wp","href":"https:\/\/api.w.org\/{rel}","templated":true}]}}