{"id":11275,"date":"2023-07-04T15:21:04","date_gmt":"2023-07-04T20:21:04","guid":{"rendered":"https:\/\/www.amchambaq.com\/?p=11275"},"modified":"2023-07-04T15:21:04","modified_gmt":"2023-07-04T20:21:04","slug":"firman-convenio-para-impulsar-transformacion-socioambiental-en-mallorquin","status":"publish","type":"post","link":"https:\/\/www.amchambaq.com\/en\/firman-convenio-para-impulsar-transformacion-socioambiental-en-mallorquin\/","title":{"rendered":"Firman convenio para impulsar transformaci\u00f3n socioambiental en Mallorqu\u00edn"},"content":{"rendered":"<p>La\u00a0<strong>Fundaci\u00f3n Triple A y la Organizaci\u00f3n de Estados Iberoamericanos<\/strong>\u00a0(OEI) firmaron este martes un convenio de cooperaci\u00f3n para impulsar una transformaci\u00f3n socioambiental en la<strong>\u00a0Ci\u00e9naga de Mallorqu\u00edn.\u00a0<\/strong><\/p>\n<p>El acuerdo \u2013que fue firmado entre la directora ejecutiva de la Fundaci\u00f3n Triple A,<strong>\u00a0Alix Castro,<\/strong>\u00a0y la directora de la OEI,\u00a0<strong>Mariella Barrag\u00e1n<\/strong>\u2013\u00a0tendr\u00e1 como prop\u00f3sito emplear acciones conducentes a solucionar problem\u00e1ticas de corte social y ambiental en este ecosistema que atraviesa una fase de recuperaci\u00f3n y transformaci\u00f3n con la construcci\u00f3n de un Ecoparque.<\/p>\n<p>A trav\u00e9s del programa\u00a0<strong>Tellus Lab<\/strong>\u00a0se promover\u00e1 la participaci\u00f3n ciudadana en la resoluci\u00f3n de desaf\u00edos del territorio a trav\u00e9s de soluciones innovadoras.\u00a0Es por ello, que ambas entidades lanzaron un llamado a empresas, investigadores y ciudadanos a unirse al proyecto y contribuir con\u00a0<strong>sus ideas y conocimientos para enfrentar estos retos.\u00a0<\/strong><\/p>\n<p>\u201cLa participaci\u00f3n de diversos actores permitir\u00e1 generar\u00a0<strong>soluciones integrales y sostenibles<\/strong>, que contribuyan a mejorar la calidad de vida de las comunidades locales y a preservar el valioso entorno natural de la ci\u00e9naga\u201d, se\u00f1al\u00f3 la Fundaci\u00f3n Triple A.<\/p>\n<p>Alix Castro, directora ejecutiva de la Fundaci\u00f3n Triple A, afirm\u00f3 que se trabajar\u00e1 en estrecha colaboraci\u00f3n con los actores locales, promoviendo la participaci\u00f3n activa de la comunidad en todas las etapas del proceso.<\/p>\n<p>\u201cA trav\u00e9s de un enfoque inclusivo y multidisciplinario, se buscar\u00e1\u00a0<strong>no solo resolver problemas concretos, sino tambi\u00e9n fomentar el empoderamiento\u00a0<\/strong>de las comunidades y fortalecer su capacidad de acci\u00f3n. Al unir fuerzas con la OEI y con el compromiso de diferentes sectores, estamos seguros de que identificaremos soluciones innovadoras para generar un impacto significativo en la Ci\u00e9naga de Mallorqu\u00edn\u201d, afirm\u00f3.<\/p>\n<p>Tomado de: EL HERALO<\/p>","protected":false},"excerpt":{"rendered":"<p>La\u00a0Fundaci\u00f3n Triple A y la Organizaci\u00f3n de Estados Iberoamericanos\u00a0(OEI) firmaron este martes un convenio de cooperaci\u00f3n para impulsar una transformaci\u00f3n socioambiental en la\u00a0Ci\u00e9naga de Mallorqu\u00edn.\u00a0 El acuerdo \u2013que fue firmado entre la directora ejecutiva de la Fundaci\u00f3n Triple A,\u00a0Alix Castro,\u00a0y la directora de la OEI,\u00a0Mariella Barrag\u00e1n\u2013\u00a0tendr\u00e1 como prop\u00f3sito emplear acciones conducentes a solucionar problem\u00e1ticas de<\/p>","protected":false},"author":1,"featured_media":11276,"comment_status":"closed","ping_status":"closed","sticky":false,"template":"","format":"standard","meta":{"footnotes":""},"categories":[342,181],"tags":[],"class_list":["post-11275","post","type-post","status-publish","format-standard","has-post-thumbnail","hentry","category-news","category-noticias"],"views":68,"_links":{"self":[{"href":"https:\/\/www.amchambaq.com\/en\/wp-json\/wp\/v2\/posts\/11275","targetHints":{"allow":["GET"]}}],"collection":[{"href":"https:\/\/www.amchambaq.com\/en\/wp-json\/wp\/v2\/posts"}],"about":[{"href":"https:\/\/www.amchambaq.com\/en\/wp-json\/wp\/v2\/types\/post"}],"author":[{"embeddable":true,"href":"https:\/\/www.amchambaq.com\/en\/wp-json\/wp\/v2\/users\/1"}],"replies":[{"embeddable":true,"href":"https:\/\/www.amchambaq.com\/en\/wp-json\/wp\/v2\/comments?post=11275"}],"version-history":[{"count":1,"href":"https:\/\/www.amchambaq.com\/en\/wp-json\/wp\/v2\/posts\/11275\/revisions"}],"predecessor-version":[{"id":11277,"href":"https:\/\/www.amchambaq.com\/en\/wp-json\/wp\/v2\/posts\/11275\/revisions\/11277"}],"wp:featuredmedia":[{"embeddable":true,"href":"https:\/\/www.amchambaq.com\/en\/wp-json\/wp\/v2\/media\/11276"}],"wp:attachment":[{"href":"https:\/\/www.amchambaq.com\/en\/wp-json\/wp\/v2\/media?parent=11275"}],"wp:term":[{"taxonomy":"category","embeddable":true,"href":"https:\/\/www.amchambaq.com\/en\/wp-json\/wp\/v2\/categories?post=11275"},{"taxonomy":"post_tag","embeddable":true,"href":"https:\/\/www.amchambaq.com\/en\/wp-json\/wp\/v2\/tags?post=11275"}],"curies":[{"name":"wp","href":"https:\/\/api.w.org\/{rel}","templated":true}]}}