{"id":11266,"date":"2023-06-28T08:45:30","date_gmt":"2023-06-28T13:45:30","guid":{"rendered":"https:\/\/www.amchambaq.com\/?p=11266"},"modified":"2023-06-28T08:45:30","modified_gmt":"2023-06-28T13:45:30","slug":"la-colombiana-natalia-bayona-nombrada-como-directora-ejecutiva-de-la-omt","status":"publish","type":"post","link":"https:\/\/www.amchambaq.com\/en\/la-colombiana-natalia-bayona-nombrada-como-directora-ejecutiva-de-la-omt\/","title":{"rendered":"La colombiana Natalia Bayona, nombrada como directora ejecutiva de la OMT"},"content":{"rendered":"<div id=\"body\" class=\"content-article size-m\">\n<p>La colombiana\u00a0<strong>Natalia Bayona\u00a0<\/strong>marc\u00f3 un nuevo hito en la historia de la mujer latina y colombiana al ser nombrada como directora ejecutiva de la\u00a0<strong>Organizaci\u00f3n Mundial del Turismo (OMT)<\/strong>, entidad que\u00a0pertenece a la Organizaci\u00f3n de las Naciones Unidas\u00a0<strong>(ONU<\/strong>).<\/p>\n<\/div>\n<div id=\"paragraphs\" class=\"content-article paragraphs size-m\">\n<div class=\"field-collection-container clearfix\">\n<div class=\"field field-name-field-contenido-articulos-2 field-type-field-collection field-label-hidden\">\n<div class=\"field-item even\">\n<div class=\"field-collection-view clearfix view-mode-full field-collection-view-final\">\n<div>\n<div class=\"content\">\n<div class=\"paragraphs-items paragraphs-items-field-campos paragraphs-items-field-campos-full paragraphs-items-full\">\n<div class=\"field field-name-field-campos field-type-paragraphs field-label-hidden\">\n<div class=\"field-item even\">\n<div id=\"relacionado-body\">\n<div class=\"box-title\">\n<p>Con este nuevo nombramiento, realizado por el secretario general de la OMT,\u00a0<strong>Zurab Pololikashvil,<\/strong>\u00a0Bayona se convierte en la<strong>\u00a0primera mujer\u00a0<\/strong>de origen latino, menor de 40 a\u00f1os, en\u00a0<strong>ocupar este puesto<\/strong>.<\/p>\n<p>\u201cEsta nominaci\u00f3n llega en un momento en que existe la necesidad de que la organizaci\u00f3n ampl\u00ede y fortalezca las \u00e1reas de innovaci\u00f3n, inversiones y, lo m\u00e1s importante, educaci\u00f3n. La amplia y relevante experiencia de Natalia Bayona servir\u00e1 como catalizador para avanzar en estas \u00e1reas, en beneficio de nuestros Estados Miembros\u201d, dice el comunicado emitido por la OMT.<\/p>\n<p>Bayona fue nombrada en el marco de la\u00a0<strong>Comisi\u00f3n Regional de las Am\u00e9ricas,\u00a0<\/strong>y<strong>\u00a0<\/strong>se posiciona como la persona con el cargo m\u00e1s alto dentro del sistema de las Naciones Unidas proveniente de Colombia.<\/p>\n<p>nte el\u00a0anunci\u00f3\u00a0Bayona\u00a0expres\u00f3\u00a0su\u00a0alegr\u00eda\u00a0a\u00a0trav\u00e9s\u00a0de\u00a0<strong>redes\u00a0sociales\u00a0<\/strong>y\u00a0agradeci\u00f3\u00a0a sus\u00a0directivos\u00a0por\u00a0la\u00a0confianza\u00a0para\u00a0manejar\u00a0este\u00a0importante\u00a0cargo.\u00a0Adem\u00e1s,\u00a0resalt\u00f3\u00a0que este es un\u00a0momento\u00a0hist\u00f3rico\u00a0para los\u00a0j\u00f3venes.<\/p>\n<p>&#8220;Hoy se cumple uno de mis sue\u00f1os desde cuando era peque\u00f1a: ser la mujer colombiana ocupando el cargo m\u00e1s alto en la ONU.! Gracias infinitas Secretario General Zurab Pololikashvili por tu confianza y por darle un mensaje de felicidad a nuestros j\u00f3venes en el mundo&#8221;, manifest\u00f3 Bayona en sus redes sociales.<\/p>\n<div class=\"field-item odd\">\n<div class=\"entity entity-paragraphs-item paragraphs-item-descripcion\">\n<div class=\"content\">\n<div class=\"field field-name-field-descripcion field-type-text-long field-label-hidden\">\n<div class=\"field-items\">\n<div class=\"field-item even\">\n<p>La entidad inform\u00f3 que colombiana\u00a0<strong>asumir\u00eda su cargo<\/strong>\u00a0a partir del pr\u00f3ximo 1 de julio.<\/p>\n<p>Natalia Bayona, quien es la encargada de liderar la estrategia de innovaci\u00f3n, educaci\u00f3n e inversiones de la Organizaci\u00f3n Mundial del Turismo (OMT), tiene una amplia\u00a0experiencia en\u00a0pol\u00edtica, gerencia de destinos y negocios.\u00a0Es\u00a0<strong>licenciada en Relaciones Internacionales\u00a0<\/strong>de la Universidad Externado de Colombia, cuenta con un posgrado en IE Business School y un programa de innovaci\u00f3n y transformaci\u00f3n digital en turismo.<\/p>\n<p>Tambi\u00e9n, fue nombrada como una de las diez personas m\u00e1s influyentes en Espa\u00f1a para el 2022.<\/p>\n<p>En Colombia colabor\u00f3 con el Gobierno nacional y trabaj\u00f3 en\u00a0<strong>ProColombia.<\/strong><\/p>\n<\/div>\n<\/div>\n<\/div>\n<\/div>\n<\/div>\n<\/div>\n<div class=\"field-item even\">\n<div id=\"relacionado-body\">\n<div class=\"box-title\">\n<div class=\"field-item odd\">\n<div class=\"content-titulo\">\n<div class=\"titulo\"><strong>Colombia vuelve a hacer parte del Consejo Ejecutivo de la OMT<\/strong><\/div>\n<\/div>\n<\/div>\n<div class=\"field-item even\">\n<div class=\"entity entity-paragraphs-item paragraphs-item-descripcion\">\n<div class=\"content\">\n<div class=\"field field-name-field-descripcion field-type-text-long field-label-hidden\">\n<div class=\"field-items\">\n<div class=\"field-item even\">\n<p>\u00a0Con 11 votos a favor, Colombia se convirti\u00f3 este martes en uno\u00a0<strong>de los 34 pa\u00edses que har\u00e1n parte<\/strong>\u00a0del m\u00e1ximo \u00f3rgano rector del turismo a nivel mundial, el Consejo Ejecutivo de la Organizaci\u00f3n Mundial del Turismo.<\/p>\n<p>\u201cDespu\u00e9s de 10 a\u00f1os regresamos a la instancia m\u00e1s alta de decisi\u00f3n del foro m\u00e1s importante de<strong>\u00a0turismo del mundo\u201d,<\/strong>\u00a0se\u00f1al\u00f3\u00a0el viceministro de Turismo, Arturo Bravo.<\/p>\n<p>El viceministro agreg\u00f3 que la aspiraci\u00f3n de\u00a0<strong>Colombia\u00a0<\/strong>al ingresar a este Consejo est\u00e1 \u201calentada por una visi\u00f3n para el turismo en Am\u00e9rica Latina de integraci\u00f3n y colaboraci\u00f3n, que propenda por la convergencia regional, la promoci\u00f3n social y la consecuci\u00f3n de los Objetivos de Desarrollo Sostenible (ODS), a trav\u00e9s del turismo\u201d.<\/p>\n<div class=\"field-item even\">\n<div class=\"content-titulo\">\n<div class=\"titulo\"><strong>Panel sobre retos del turismo<\/strong><\/div>\n<\/div>\n<\/div>\n<div class=\"field-item odd\">\n<div class=\"entity entity-paragraphs-item paragraphs-item-descripcion\">\n<div class=\"content\">\n<div class=\"field field-name-field-descripcion field-type-text-long field-label-hidden\">\n<div class=\"field-items\">\n<div class=\"field-item even\">\n<p>La Asamblea de la Cumbre para las Am\u00e9ricas de la\u00a0<strong>OMT<\/strong>\u00a0inici\u00f3 el lunes y se extender\u00e1 hasta este mi\u00e9rcoles,\u00a0cubriendo temas relacionados con tendencias de inversi\u00f3n, recomendaciones para fortalecer un clima de negocios e incentivos para promover oportunidades para impulsar la recuperaci\u00f3n econ\u00f3mica y la creaci\u00f3n de empleo en el sector tur\u00edstico y su cadena de valor.<\/p>\n<p>Durante su intervenci\u00f3n, el viceministro Arturo Bravo destacar\u00e1 el papael que ha cobrado el turismo en el gobierno del presidente\u00a0<strong>Gustavo Petro Urrego.<\/strong><\/p>\n<\/div>\n<\/div>\n<\/div>\n<\/div>\n<\/div>\n<\/div>\n<\/div>\n<\/div>\n<\/div>\n<\/div>\n<\/div>\n<\/div>\n<\/div>\n<\/div>\n<\/div>\n<\/div>\n<\/div>\n<\/div>\n<\/div>\n<\/div>\n<\/div>\n<\/div>\n<\/div>\n<\/div>\n<\/div>\n<\/div>\n<\/div>","protected":false},"excerpt":{"rendered":"<p>La colombiana\u00a0Natalia Bayona\u00a0marc\u00f3 un nuevo hito en la historia de la mujer latina y colombiana al ser nombrada como directora ejecutiva de la\u00a0Organizaci\u00f3n Mundial del Turismo (OMT), entidad que\u00a0pertenece a la Organizaci\u00f3n de las Naciones Unidas\u00a0(ONU). Con este nuevo nombramiento, realizado por el secretario general de la OMT,\u00a0Zurab Pololikashvil,\u00a0Bayona se convierte en la\u00a0primera mujer\u00a0de origen<\/p>","protected":false},"author":1,"featured_media":11267,"comment_status":"closed","ping_status":"closed","sticky":false,"template":"","format":"standard","meta":{"footnotes":""},"categories":[342,181],"tags":[],"class_list":["post-11266","post","type-post","status-publish","format-standard","has-post-thumbnail","hentry","category-news","category-noticias"],"views":69,"_links":{"self":[{"href":"https:\/\/www.amchambaq.com\/en\/wp-json\/wp\/v2\/posts\/11266","targetHints":{"allow":["GET"]}}],"collection":[{"href":"https:\/\/www.amchambaq.com\/en\/wp-json\/wp\/v2\/posts"}],"about":[{"href":"https:\/\/www.amchambaq.com\/en\/wp-json\/wp\/v2\/types\/post"}],"author":[{"embeddable":true,"href":"https:\/\/www.amchambaq.com\/en\/wp-json\/wp\/v2\/users\/1"}],"replies":[{"embeddable":true,"href":"https:\/\/www.amchambaq.com\/en\/wp-json\/wp\/v2\/comments?post=11266"}],"version-history":[{"count":1,"href":"https:\/\/www.amchambaq.com\/en\/wp-json\/wp\/v2\/posts\/11266\/revisions"}],"predecessor-version":[{"id":11268,"href":"https:\/\/www.amchambaq.com\/en\/wp-json\/wp\/v2\/posts\/11266\/revisions\/11268"}],"wp:featuredmedia":[{"embeddable":true,"href":"https:\/\/www.amchambaq.com\/en\/wp-json\/wp\/v2\/media\/11267"}],"wp:attachment":[{"href":"https:\/\/www.amchambaq.com\/en\/wp-json\/wp\/v2\/media?parent=11266"}],"wp:term":[{"taxonomy":"category","embeddable":true,"href":"https:\/\/www.amchambaq.com\/en\/wp-json\/wp\/v2\/categories?post=11266"},{"taxonomy":"post_tag","embeddable":true,"href":"https:\/\/www.amchambaq.com\/en\/wp-json\/wp\/v2\/tags?post=11266"}],"curies":[{"name":"wp","href":"https:\/\/api.w.org\/{rel}","templated":true}]}}