{"id":11263,"date":"2023-06-27T08:28:29","date_gmt":"2023-06-27T13:28:29","guid":{"rendered":"https:\/\/www.amchambaq.com\/?p=11263"},"modified":"2023-06-27T08:28:29","modified_gmt":"2023-06-27T13:28:29","slug":"la-costa-puede-aportar-66-de-las-fuentes-renovables-de-energia","status":"publish","type":"post","link":"https:\/\/www.amchambaq.com\/en\/la-costa-puede-aportar-66-de-las-fuentes-renovables-de-energia\/","title":{"rendered":"La Costa puede aportar 66 % de las fuentes renovables de energ\u00eda"},"content":{"rendered":"<p>En el marco de la transici\u00f3n energ\u00e9tica que plantea el<strong>\u00a0Gobierno nacional<\/strong>\u00a0se proyecta que a 2027 el pa\u00eds logre una capacidad cercana a los 32 GW de las cuales m\u00e1s de 11 GW provendr\u00e1n de\u00a0<strong>Fuentes de Energ\u00eda Renovable No Convencional (FERNC)\u00a0<\/strong>y aqu\u00ed la\u00a0<strong>regi\u00f3n Caribe<\/strong>\u00a0la que jugar\u00e1 un papel preponderante al aportar el 66%\u00a0 con<strong>\u00a0fuentes solares y e\u00f3licas.<\/strong><\/p>\n<p>Esto de acuerdo con un estudio realizado por XM, el cual indicia que la regi\u00f3n se convertir\u00e1 en una zona con posibilidad de inyectar\u00a0<strong>energ\u00eda limpia\u00a0<\/strong>al resto de Colombia y manteniendo un parque t\u00e9rmico que permite aportar al balance energ\u00e9tico del pa\u00eds en escenarios de bajos niveles de aportes h\u00eddricos, solares y e\u00f3licos.<\/p>\n<p><strong>Alejandro Zapata Uribe<\/strong>, gerente del\u00a0<strong>Centro Nacional de Despacho de XM<\/strong>, dijo que lograr este cambio implica planeaci\u00f3n en el corto, mediano y largo plazo para que las nuevas tecnolog\u00edas contribuyan al fortalecimiento del sistema y garanticen la suficiencia energ\u00e9tica en un pa\u00eds expuesto a fen\u00f3menos meteorol\u00f3gicos extremos (como el fen\u00f3meno del Ni\u00f1o y el Fen\u00f3meno de la Ni\u00f1a), manteniendo los niveles de calidad, seguridad y continuidad que ha alcanzado el SIN.<\/p>\n<p>\u201cPrecisamente, a esta labor aporta\u00a0XM\u00a0como Operador del SIN mediante los estudios de flexibilidad que analizan\u00a0la disponibilidad de recursos de energ\u00eda y la confiabilidad del sistema para asegurar una integraci\u00f3n segura y confiable de las fuentes renovables\u201d, se\u00f1al\u00f3..<\/p>\n<p>El estudio destaca la importancia de avanzar en la modernizaci\u00f3n y fortalecimiento del\u00a0<strong>sistema el\u00e9ctrico<\/strong>\u00a0con digitalizaci\u00f3n, automatizaci\u00f3n y nuevos esquemas de operaci\u00f3n y mercado para hacer frente a la variabilidad e incertidumbre introducida por las fuentes renovables no convencionales de energ\u00eda, y lograr la estabilidad, confiabilidad y econom\u00eda en escenarios de operaci\u00f3n con altos vol\u00famenes de integraci\u00f3n de estas tecnolog\u00edas.<\/p>\n<p>Se plantea como herramienta indispensable para lograr una operaci\u00f3n flexible en el sistema, acercar la planificaci\u00f3n al tiempo real y coordinar todos los recursos frente a los cambios que se puedan presentar en la demanda y la generaci\u00f3n con la entrada masiva de\u00a0<strong>generaci\u00f3n renovable.<\/strong><\/p>\n<p>Tomado de: EL HERALDO<\/p>","protected":false},"excerpt":{"rendered":"<p>En el marco de la transici\u00f3n energ\u00e9tica que plantea el\u00a0Gobierno nacional\u00a0se proyecta que a 2027 el pa\u00eds logre una capacidad cercana a los 32 GW de las cuales m\u00e1s de 11 GW provendr\u00e1n de\u00a0Fuentes de Energ\u00eda Renovable No Convencional (FERNC)\u00a0y aqu\u00ed la\u00a0regi\u00f3n Caribe\u00a0la que jugar\u00e1 un papel preponderante al aportar el 66%\u00a0 con\u00a0fuentes solares y<\/p>","protected":false},"author":1,"featured_media":11264,"comment_status":"closed","ping_status":"closed","sticky":false,"template":"","format":"standard","meta":{"footnotes":""},"categories":[342,181],"tags":[],"class_list":["post-11263","post","type-post","status-publish","format-standard","has-post-thumbnail","hentry","category-news","category-noticias"],"views":28,"_links":{"self":[{"href":"https:\/\/www.amchambaq.com\/en\/wp-json\/wp\/v2\/posts\/11263","targetHints":{"allow":["GET"]}}],"collection":[{"href":"https:\/\/www.amchambaq.com\/en\/wp-json\/wp\/v2\/posts"}],"about":[{"href":"https:\/\/www.amchambaq.com\/en\/wp-json\/wp\/v2\/types\/post"}],"author":[{"embeddable":true,"href":"https:\/\/www.amchambaq.com\/en\/wp-json\/wp\/v2\/users\/1"}],"replies":[{"embeddable":true,"href":"https:\/\/www.amchambaq.com\/en\/wp-json\/wp\/v2\/comments?post=11263"}],"version-history":[{"count":1,"href":"https:\/\/www.amchambaq.com\/en\/wp-json\/wp\/v2\/posts\/11263\/revisions"}],"predecessor-version":[{"id":11265,"href":"https:\/\/www.amchambaq.com\/en\/wp-json\/wp\/v2\/posts\/11263\/revisions\/11265"}],"wp:featuredmedia":[{"embeddable":true,"href":"https:\/\/www.amchambaq.com\/en\/wp-json\/wp\/v2\/media\/11264"}],"wp:attachment":[{"href":"https:\/\/www.amchambaq.com\/en\/wp-json\/wp\/v2\/media?parent=11263"}],"wp:term":[{"taxonomy":"category","embeddable":true,"href":"https:\/\/www.amchambaq.com\/en\/wp-json\/wp\/v2\/categories?post=11263"},{"taxonomy":"post_tag","embeddable":true,"href":"https:\/\/www.amchambaq.com\/en\/wp-json\/wp\/v2\/tags?post=11263"}],"curies":[{"name":"wp","href":"https:\/\/api.w.org\/{rel}","templated":true}]}}