{"id":11258,"date":"2023-06-26T10:22:41","date_gmt":"2023-06-26T15:22:41","guid":{"rendered":"https:\/\/www.amchambaq.com\/?p=11258"},"modified":"2023-06-26T10:22:41","modified_gmt":"2023-06-26T15:22:41","slug":"las-ventas-externas-de-cafe-aumentaron-un-22-en-mayo","status":"publish","type":"post","link":"https:\/\/www.amchambaq.com\/en\/las-ventas-externas-de-cafe-aumentaron-un-22-en-mayo\/","title":{"rendered":"Las ventas externas de caf\u00e9 aumentaron un 22 % en mayo"},"content":{"rendered":"<div id=\"body\" class=\"content-article size-m\">\n<p>En mayo, las\u00a0<strong>exportaciones de caf\u00e9\u00a0<\/strong>crecieron un 22 %, pasando de vender 152 mil sacos en el a\u00f1o 2022 a 185 mil.<\/p>\n<\/div>\n<div id=\"paragraphs\" class=\"content-article paragraphs size-m\">\n<div class=\"field-collection-container clearfix\">\n<div class=\"field field-name-field-contenido-articulos-2 field-type-field-collection field-label-hidden\">\n<div class=\"field-item even\">\n<div class=\"field-collection-view clearfix view-mode-full field-collection-view-final\">\n<div>\n<div class=\"content\">\n<div class=\"paragraphs-items paragraphs-items-field-campos paragraphs-items-field-campos-full paragraphs-items-full\">\n<div class=\"field field-name-field-campos field-type-paragraphs field-label-hidden\">\n<div class=\"field-item even\">\n<div id=\"relacionado-body\">\n<div class=\"box-title\">\n<p>As\u00ed lo inform\u00f3 el\u00a0<strong>Fondo Nacional del Caf\u00e9<\/strong>\u00a0(FoNC) mediante los resultados de sus exportaciones en el mes de mayo.<\/p>\n<p>La entidad se\u00f1al\u00f3 que a nivel nacional, la cifra total lleg\u00f3 a los 846.000 sacos y en los \u00faltimos 12 meses super\u00f3 los 10,7 millones de sacos.<\/p>\n<p>En cuanto al consumo interno del caf\u00e9, la variaci\u00f3n registr\u00f3 un aumento del 5 % al cierre del quinto mes del a\u00f1o.<\/p>\n<p>\u201cLo anterior represent\u00f3 un aumento de 8 mil sacos equivalentes de 60 kilogramos de caf\u00e9 verde en relaci\u00f3n con el a\u00f1o anterior. Es decir,\u00a0<strong>se pas\u00f3 de consumir 163 mil sacos a 171 mil,<\/strong>\u00a0a pesar de la inflaci\u00f3n\u201d, se\u00f1al\u00f3 el informe del FoNC.<\/p>\n<p>A su vez, la\u00a0<strong>Federaci\u00f3n Nacional de Cafeteros de Colombia<\/strong>\u00a0inform\u00f3 que el comportamiento de los valores acumulados en los \u00faltimos 12 meses para las variables clim\u00e1ticas no ha sido favorable.<\/p>\n<p>\u201cDe esta forma, se han visto afectados los procesos de floraci\u00f3n y llenado de grano en la zona cafetera. Adicionalmente, hubo presencia de nubosidad en el territorio, que redujo la cantidad de brillo solar, por tanto, afect\u00f3 la s\u00edntesis de nutrientes en la planta de caf\u00e9\u201d, resalt\u00f3.<\/p>\n<\/div>\n<\/div>\n<\/div>\n<\/div>\n<\/div>\n<\/div>\n<\/div>\n<\/div>\n<\/div>\n<\/div>\n<\/div>\n<\/div>","protected":false},"excerpt":{"rendered":"<p>En mayo, las\u00a0exportaciones de caf\u00e9\u00a0crecieron un 22 %, pasando de vender 152 mil sacos en el a\u00f1o 2022 a 185 mil. As\u00ed lo inform\u00f3 el\u00a0Fondo Nacional del Caf\u00e9\u00a0(FoNC) mediante los resultados de sus exportaciones en el mes de mayo. La entidad se\u00f1al\u00f3 que a nivel nacional, la cifra total lleg\u00f3 a los 846.000 sacos y<\/p>","protected":false},"author":1,"featured_media":11259,"comment_status":"closed","ping_status":"closed","sticky":false,"template":"","format":"standard","meta":{"footnotes":""},"categories":[342,181],"tags":[],"class_list":["post-11258","post","type-post","status-publish","format-standard","has-post-thumbnail","hentry","category-news","category-noticias"],"views":93,"_links":{"self":[{"href":"https:\/\/www.amchambaq.com\/en\/wp-json\/wp\/v2\/posts\/11258","targetHints":{"allow":["GET"]}}],"collection":[{"href":"https:\/\/www.amchambaq.com\/en\/wp-json\/wp\/v2\/posts"}],"about":[{"href":"https:\/\/www.amchambaq.com\/en\/wp-json\/wp\/v2\/types\/post"}],"author":[{"embeddable":true,"href":"https:\/\/www.amchambaq.com\/en\/wp-json\/wp\/v2\/users\/1"}],"replies":[{"embeddable":true,"href":"https:\/\/www.amchambaq.com\/en\/wp-json\/wp\/v2\/comments?post=11258"}],"version-history":[{"count":1,"href":"https:\/\/www.amchambaq.com\/en\/wp-json\/wp\/v2\/posts\/11258\/revisions"}],"predecessor-version":[{"id":11260,"href":"https:\/\/www.amchambaq.com\/en\/wp-json\/wp\/v2\/posts\/11258\/revisions\/11260"}],"wp:featuredmedia":[{"embeddable":true,"href":"https:\/\/www.amchambaq.com\/en\/wp-json\/wp\/v2\/media\/11259"}],"wp:attachment":[{"href":"https:\/\/www.amchambaq.com\/en\/wp-json\/wp\/v2\/media?parent=11258"}],"wp:term":[{"taxonomy":"category","embeddable":true,"href":"https:\/\/www.amchambaq.com\/en\/wp-json\/wp\/v2\/categories?post=11258"},{"taxonomy":"post_tag","embeddable":true,"href":"https:\/\/www.amchambaq.com\/en\/wp-json\/wp\/v2\/tags?post=11258"}],"curies":[{"name":"wp","href":"https:\/\/api.w.org\/{rel}","templated":true}]}}