{"id":11232,"date":"2023-06-15T10:38:55","date_gmt":"2023-06-15T15:38:55","guid":{"rendered":"https:\/\/www.amchambaq.com\/?p=11232"},"modified":"2023-06-15T10:38:55","modified_gmt":"2023-06-15T15:38:55","slug":"atlantico-celebra-118-anos-con-desarrollo-turistico-y-economico","status":"publish","type":"post","link":"https:\/\/www.amchambaq.com\/en\/atlantico-celebra-118-anos-con-desarrollo-turistico-y-economico\/","title":{"rendered":"Atl\u00e1ntico celebra 118 a\u00f1os con desarrollo tur\u00edstico y econ\u00f3mico"},"content":{"rendered":"<p>El<strong>\u00a0Atl\u00e1ntico<\/strong>\u00a0est\u00e1 de fiesta por motivo de su aniversario n\u00famero 118. El\u00a0<strong>arte, la historia y literatura\u00a0<\/strong>son los protagonistas de esta celebraci\u00f3n con la entrega de renovados espacios para el fortalecimiento de la cultura.<\/p>\n<p>Las obras de mejoramiento en la\u00a0<strong>Biblioteca Departamental Meira Delmar<\/strong>\u00a0y el Museo del Atl\u00e1ntico fueron adelantadas con el objetivo de salvaguardar dos edificaciones patrimoniales que albergan parte de la historia de este departamento.<\/p>\n<p><strong>Carlos Cardona<\/strong>, quien transita frecuentemente por la Biblioteca Departamental, manifest\u00f3 que estos trabajos son \u201cpositivos\u201d para el desarrollo y la conservaci\u00f3n de la historia el Atl\u00e1ntico, as\u00ed como para promover espacios acad\u00e9micos y culturales entre la poblaci\u00f3n.<\/p>\n<p>\u201cMe parece muy bien que se preocupen por conservar el patrimonio y m\u00e1s con espacios como este que son tan importantes, principalmente, para las escuelas. Yo nunca he podido entrar, pero veo que est\u00e1s quedando muy organizada y quisiera conocerla porque me apasiona la lectura\u201d, expres\u00f3.<\/p>\n<p>Asimismo, el ciudadano\u00a0<strong>Hernando Bejarano<\/strong>\u00a0afirm\u00f3 que la recuperaci\u00f3n de estos edificios \u201ces muy importante\u201d para las personas que les gusta la lectura o conocer m\u00e1s sobre la historia del Atl\u00e1ntico.<\/p>\n<p>\u201cEn ellos se encuentran libros y objetos de vieja data. Adem\u00e1s, la forma en la que est\u00e1 quedando la biblioteca le da otro ambiente a esta zona, se ve imponente y provoca llegar para leerse algo\u201d, agreg\u00f3.<\/p>\n<p>La administraci\u00f3n departamental indic\u00f3 que en la biblioteca que rinde honor a la poetisa\u00a0<strong>Olga Isabel Chams<\/strong>\u00a0\u2013ubicada en\u00a0 la calle 38 con carrera 38B, frente al parque San Jos\u00e9\u2013 se adelantaron trabajos de acabados, impermeabilizaci\u00f3n y mantenimiento de rejas. Adicionalmente, se realiz\u00f3 la instalaci\u00f3n de los aires acondicionados y el mantenimiento de la parte el\u00e9ctrica y ventanas.<\/p>\n<p>\u201cLa Biblioteca Departamental es un espacio clave para el fortalecimiento de la lectura y la escritura en Barranquilla y el Atl\u00e1ntico. Con su reapertura brindaremos un acceso amplio y gratuito a espacios formativos, clubes de lectura y una amplia gama de textos de alta calidad; un espacio propicio para las artes y la literatura. Con este homenaje a nuestra Poetisa Meira Delmar, celebramos los 118 a\u00f1os de nuestro departamento\u201d, expres\u00f3 la gobernadora\u00a0<strong>Elsa Noguera.\u00a0<\/strong><\/p>\n<div class=\"field-item odd\">\n<div class=\"content-titulo\">\n<div class=\"titulo\">Nuevo sistema<\/div>\n<\/div>\n<\/div>\n<div class=\"field-item even\">\n<div class=\"entity entity-paragraphs-item paragraphs-item-descripcion\">\n<div class=\"content\">\n<div class=\"field field-name-field-descripcion field-type-text-long field-label-hidden\">\n<div class=\"field-items\">\n<div class=\"field-item even\">\n<p>Adem\u00e1s indic\u00f3 que atendiendo la recomendaci\u00f3n de la Biblioteca Nacional de Colombia, en este espacio se inici\u00f3 el proceso de implementaci\u00f3n del software de gesti\u00f3n\u00a0<strong>bibliotecaria KOHA,<\/strong>\u00a0que mediante una interfaz permite realizar las actividades de catalogaci\u00f3n, pr\u00e9stamo de libros, registro de usuarios, generar informes, entre otras.<\/p>\n<p>Adicionalmente, dispone de un cat\u00e1logo en l\u00ednea con acceso desde internet y consulta simult\u00e1nea por m\u00faltiples bibliotecarios y usuarios, de esta forma se pueden realizar las b\u00fasquedas de informaci\u00f3n de forma \u00e1gil.<\/p>\n<p>Con esto desde la administraci\u00f3n del espacio se podr\u00e1 brindar el acompa\u00f1amiento y asistencia a la comunidad por parte de los bibliotecarios para su buen uso y aprovechamiento.<\/p>\n<p>Desde la Gobernaci\u00f3n indicaron que este software bibliogr\u00e1fico tambi\u00e9n se pondr\u00e1 en marcha en las Bibliotecas P\u00fablicas Municipales para fortalecer los procesos de organizaci\u00f3n bibliogr\u00e1fica y documental y posibilitar su articulaci\u00f3n con la\u00a0<strong>Red Nacional de Bibliotecas P\u00fablicas<\/strong>\u00a0(RNBP).<\/p>\n<div class=\"field-item odd\">\n<div class=\"content-titulo\">\n<div class=\"titulo\">Nuevo sistema<\/div>\n<\/div>\n<\/div>\n<div class=\"field-item even\">\n<div class=\"entity entity-paragraphs-item paragraphs-item-descripcion\">\n<div class=\"content\">\n<div class=\"field field-name-field-descripcion field-type-text-long field-label-hidden\">\n<div class=\"field-items\">\n<div class=\"field-item even\">\n<p>Adem\u00e1s indic\u00f3 que atendiendo la recomendaci\u00f3n de la Biblioteca Nacional de Colombia, en este espacio se inici\u00f3 el proceso de implementaci\u00f3n del software de gesti\u00f3n\u00a0<strong>bibliotecaria KOHA,<\/strong>\u00a0que mediante una interfaz permite realizar las actividades de catalogaci\u00f3n, pr\u00e9stamo de libros, registro de usuarios, generar informes, entre otras.<\/p>\n<p>Adicionalmente, dispone de un cat\u00e1logo en l\u00ednea con acceso desde internet y consulta simult\u00e1nea por m\u00faltiples bibliotecarios y usuarios, de esta forma se pueden realizar las b\u00fasquedas de informaci\u00f3n de forma \u00e1gil.<\/p>\n<p>Con esto desde la administraci\u00f3n del espacio se podr\u00e1 brindar el acompa\u00f1amiento y asistencia a la comunidad por parte de los bibliotecarios para su buen uso y aprovechamiento.<\/p>\n<p>Desde la Gobernaci\u00f3n indicaron que este software bibliogr\u00e1fico tambi\u00e9n se pondr\u00e1 en marcha en las Bibliotecas P\u00fablicas Municipales para fortalecer los procesos de organizaci\u00f3n bibliogr\u00e1fica y documental y posibilitar su articulaci\u00f3n con la\u00a0<strong>Red Nacional de Bibliotecas P\u00fablicas<\/strong>\u00a0(RNBP).<\/p>\n<div class=\"field-item even\">\n<div class=\"entity entity-paragraphs-item paragraphs-item-descripcion\">\n<div class=\"content\">\n<div class=\"field field-name-field-descripcion field-type-text-long field-label-hidden\">\n<div class=\"field-items\">\n<div class=\"field-item even\">\n<p>Adem\u00e1s, la administraci\u00f3n departamental explic\u00f3 que con la reapertura de la biblioteca tambi\u00e9n se da la ampliaci\u00f3n del ancho de banda para la consulta acad\u00e9mica desde la sala de internet y equipos de c\u00f3mputo.<\/p>\n<p>Tambi\u00e9n se implementar\u00e1 el servicio de acceso a wifi gratuito para toda la comunidad en el<strong>\u00a0parque San Jos\u00e9,\u00a0<\/strong>al frente de la Biblioteca.<\/p>\n<p>Este espacio acad\u00e9mico estar\u00e1 abierto al p\u00fablico con un horario de atenci\u00f3n de lunes a viernes de 8:00 a.m. a 5:00 p.m. en jornada continua (ver programaci\u00f3n).<\/p>\n<\/div>\n<\/div>\n<\/div>\n<\/div>\n<\/div>\n<\/div>\n<div class=\"field-item odd\">\n<div class=\"shares\"><\/div>\n<div class=\"content-titulo\">\n<div class=\"titulo\">Nueva vida al museo<\/div>\n<\/div>\n<\/div>\n<div class=\"field-item even\">\n<div class=\"entity entity-paragraphs-item paragraphs-item-descripcion\">\n<div class=\"content\">\n<div class=\"field field-name-field-descripcion field-type-text-long field-label-hidden\">\n<div class=\"field-items\">\n<div class=\"field-item even\">\n<p>En la carrera 39 con calle 35 se encuentra ubicada la antigua sede de la Gobernaci\u00f3n del Atl\u00e1ntico, que alberga el<strong>\u00a0Museo del Atl\u00e1ntico.<\/strong>\u00a0Este espacio tambi\u00e9n fue sometido a un proceso de mejora que incluy\u00f3 la impermeabilizaci\u00f3n y el mantenimiento de las rejas.<\/p>\n<p>Tambi\u00e9n se cumpli\u00f3 la instalaci\u00f3n de aires, el mantenimiento de la parte el\u00e9ctrica, acabados y mejoramiento de ventanas.<\/p>\n<p>\u201cEste museo es el punto de encuentro cultural y llevaba muchos a\u00f1os sin intervenci\u00f3n. Le apostamos a tener un lugar de puertas abiertas para compartir conocimiento y arte, siendo el epicentro del intercambio de saberes\u00a0 como sede de nuestra\u00a0<strong>Secretar\u00eda de Cultura y Patrimonio<\/strong>\u201d, sostuvo la gobernadora Noguera.<\/p>\n<p>El historiador<strong>\u00a0Alejandro Blanco<\/strong>\u00a0explic\u00f3 que la importancia de restaurar el Museo del Atl\u00e1ntico radica en su valor hist\u00f3rico y cultural, que\u00a0 busca preservar y promover la historia y la identidad del departamento y la regi\u00f3n Caribe.<\/p>\n<p>\u201cLa restauraci\u00f3n del museo permite rescatar y exhibir el patrimonio cultural de la zona, lo que contribuye a fortalecer la identidad de la comunidad local, atraer turismo y educar a las generaciones presentes y futuras sobre la historia y la importancia de la regi\u00f3n\u201d, sostuvo.<\/p>\n<p>Finalmente, destac\u00f3, que el museo alberga colecciones arqueol\u00f3gicas, hist\u00f3ricas y art\u00edsticas que incluyen objetos prehisp\u00e1nicos, arte colonial, obras de artistas locales y una muestra permanente sobre la historia de Barranquilla. \u201cAll\u00ed tambi\u00e9n se organizan exposiciones temporales, actividades educativas y eventos culturales para fomentar el conocimiento y la apreciaci\u00f3n del patrimonio cultural de la regi\u00f3n.<\/p>\n<p>Es de anotar que en estos dos proyectos se adelant\u00f3 una<strong>\u00a0inversi\u00f3n de $3.750 millones.<\/strong><\/p>\n<p>Tomado de: EL HERALDO<\/p>\n<\/div>\n<\/div>\n<\/div>\n<\/div>\n<\/div>\n<\/div>\n<\/div>\n<\/div>\n<\/div>\n<\/div>\n<\/div>\n<\/div>\n<\/div>\n<\/div>\n<\/div>\n<\/div>\n<\/div>\n<\/div>","protected":false},"excerpt":{"rendered":"<p>El\u00a0Atl\u00e1ntico\u00a0est\u00e1 de fiesta por motivo de su aniversario n\u00famero 118. El\u00a0arte, la historia y literatura\u00a0son los protagonistas de esta celebraci\u00f3n con la entrega de renovados espacios para el fortalecimiento de la cultura. Las obras de mejoramiento en la\u00a0Biblioteca Departamental Meira Delmar\u00a0y el Museo del Atl\u00e1ntico fueron adelantadas con el objetivo de salvaguardar dos edificaciones patrimoniales<\/p>","protected":false},"author":1,"featured_media":11233,"comment_status":"closed","ping_status":"closed","sticky":false,"template":"","format":"standard","meta":{"footnotes":""},"categories":[342,181],"tags":[],"class_list":["post-11232","post","type-post","status-publish","format-standard","has-post-thumbnail","hentry","category-news","category-noticias"],"views":62,"_links":{"self":[{"href":"https:\/\/www.amchambaq.com\/en\/wp-json\/wp\/v2\/posts\/11232","targetHints":{"allow":["GET"]}}],"collection":[{"href":"https:\/\/www.amchambaq.com\/en\/wp-json\/wp\/v2\/posts"}],"about":[{"href":"https:\/\/www.amchambaq.com\/en\/wp-json\/wp\/v2\/types\/post"}],"author":[{"embeddable":true,"href":"https:\/\/www.amchambaq.com\/en\/wp-json\/wp\/v2\/users\/1"}],"replies":[{"embeddable":true,"href":"https:\/\/www.amchambaq.com\/en\/wp-json\/wp\/v2\/comments?post=11232"}],"version-history":[{"count":1,"href":"https:\/\/www.amchambaq.com\/en\/wp-json\/wp\/v2\/posts\/11232\/revisions"}],"predecessor-version":[{"id":11234,"href":"https:\/\/www.amchambaq.com\/en\/wp-json\/wp\/v2\/posts\/11232\/revisions\/11234"}],"wp:featuredmedia":[{"embeddable":true,"href":"https:\/\/www.amchambaq.com\/en\/wp-json\/wp\/v2\/media\/11233"}],"wp:attachment":[{"href":"https:\/\/www.amchambaq.com\/en\/wp-json\/wp\/v2\/media?parent=11232"}],"wp:term":[{"taxonomy":"category","embeddable":true,"href":"https:\/\/www.amchambaq.com\/en\/wp-json\/wp\/v2\/categories?post=11232"},{"taxonomy":"post_tag","embeddable":true,"href":"https:\/\/www.amchambaq.com\/en\/wp-json\/wp\/v2\/tags?post=11232"}],"curies":[{"name":"wp","href":"https:\/\/api.w.org\/{rel}","templated":true}]}}