{"id":11193,"date":"2023-06-02T09:26:35","date_gmt":"2023-06-02T14:26:35","guid":{"rendered":"https:\/\/www.amchambaq.com\/?p=11193"},"modified":"2023-06-02T09:26:35","modified_gmt":"2023-06-02T14:26:35","slug":"colombia-tiene-todo-para-aumentar-su-presencia-en-la-economia-mundial","status":"publish","type":"post","link":"https:\/\/www.amchambaq.com\/en\/colombia-tiene-todo-para-aumentar-su-presencia-en-la-economia-mundial\/","title":{"rendered":"\u201cColombia tiene todo para aumentar su presencia en la econom\u00eda mundial\u201d"},"content":{"rendered":"<p><strong>Colombia\u00a0<\/strong>tiene todos los ingredientes necesarios para aumentar su presencia en el<strong>\u00a0escenario econ\u00f3mico mundial<\/strong>, apunt\u00f3\u00a0<strong>Francisco Palmieri<\/strong>, embajador de Estados Unidos en Colombia, quien destac\u00f3 al pa\u00eds como un\u00a0<strong>gran aliado\u00a0<\/strong>en diferentes aspectos como la econom\u00eda,\u00a0<strong>sostenibilidad ambiental<\/strong>, entre otros aspectos.<\/p>\n<p>El dirigente, quien estuvo presente en la ciudad de Barranquilla durante la<strong>\u00a0XXV Asamblea General de Afiliados de AmCham<\/strong>, manifest\u00f3 que el pa\u00eds norteamericano ha venido discutiendo temas de comercio e inversi\u00f3n con el Gobierno de Gustavo Petro, con el objetivo que Colombia siga siendo un destino fuerte para las exportaciones estadounidenses\u201d.<\/p>\n<p>\u201cQueremos que Colombia sea un socio clave en la regi\u00f3n, por ende, la administraci\u00f3n del presidente\u00a0<strong>Joe Biden<\/strong>, apoya la colaboraci\u00f3n con nuestros socios del sector privado para construir un futuro mejor en torno a una pol\u00edtica comercial centrada en el trabajador que fomenta el crecimiento econ\u00f3mico inclusivo\u201d, resalt\u00f3 Palmieri en su declaraci\u00f3n.<\/p>\n<p>Agreg\u00f3 que el\u00a0<strong>Tratado de Libre Comercio<\/strong>\u00a0(TLC) es una herramienta clave en este proceso y un marco esencial para el futuro de la relaci\u00f3n bilateral entre Colombia y Estados Unidos.<\/p>\n<p>Palmieri record\u00f3 que el TLC ha fomentado un r\u00e1pido crecimiento en el comercio bilateral, ya que aument\u00f3 un 30 % en 2022 y las exportaciones colombianas a\u00a0<strong>Estados Unidos\u00a0<\/strong>lo hicieron un 41 %.<\/p>\n<p>\u201cCreo que el\u00a0<strong>comercio agr\u00edcola\u00a0<\/strong>es uno de los principales casos de \u00e9xito que debemos destacar, ya que el 40 % tiene como destino el<strong>\u00a0mercado estadounidense<\/strong>\u201d, asegur\u00f3 el embajador.<\/p>\n<p>El dirigente destac\u00f3 que se ha venido trabajando con Estados Unidos en materia de\u00a0<strong>inversiones\u00a0<\/strong>y oportunidades de\u00a0<strong>negocios\u00a0<\/strong>para lograr una aceleraci\u00f3n en la\u00a0<strong>transici\u00f3n energ\u00e9tica\u00a0<\/strong>que quiere llevar el\u00a0<strong>Gobierno nacional\u00a0<\/strong>como\u00a0<strong>programa bandera<\/strong>.<\/p>\n<p>Tomado de: EL HERALDO<\/p>","protected":false},"excerpt":{"rendered":"<p>Colombia\u00a0tiene todos los ingredientes necesarios para aumentar su presencia en el\u00a0escenario econ\u00f3mico mundial, apunt\u00f3\u00a0Francisco Palmieri, embajador de Estados Unidos en Colombia, quien destac\u00f3 al pa\u00eds como un\u00a0gran aliado\u00a0en diferentes aspectos como la econom\u00eda,\u00a0sostenibilidad ambiental, entre otros aspectos. El dirigente, quien estuvo presente en la ciudad de Barranquilla durante la\u00a0XXV Asamblea General de Afiliados de AmCham,<\/p>","protected":false},"author":1,"featured_media":11194,"comment_status":"closed","ping_status":"closed","sticky":false,"template":"","format":"standard","meta":{"footnotes":""},"categories":[342,181],"tags":[],"class_list":["post-11193","post","type-post","status-publish","format-standard","has-post-thumbnail","hentry","category-news","category-noticias"],"views":38,"_links":{"self":[{"href":"https:\/\/www.amchambaq.com\/en\/wp-json\/wp\/v2\/posts\/11193","targetHints":{"allow":["GET"]}}],"collection":[{"href":"https:\/\/www.amchambaq.com\/en\/wp-json\/wp\/v2\/posts"}],"about":[{"href":"https:\/\/www.amchambaq.com\/en\/wp-json\/wp\/v2\/types\/post"}],"author":[{"embeddable":true,"href":"https:\/\/www.amchambaq.com\/en\/wp-json\/wp\/v2\/users\/1"}],"replies":[{"embeddable":true,"href":"https:\/\/www.amchambaq.com\/en\/wp-json\/wp\/v2\/comments?post=11193"}],"version-history":[{"count":1,"href":"https:\/\/www.amchambaq.com\/en\/wp-json\/wp\/v2\/posts\/11193\/revisions"}],"predecessor-version":[{"id":11195,"href":"https:\/\/www.amchambaq.com\/en\/wp-json\/wp\/v2\/posts\/11193\/revisions\/11195"}],"wp:featuredmedia":[{"embeddable":true,"href":"https:\/\/www.amchambaq.com\/en\/wp-json\/wp\/v2\/media\/11194"}],"wp:attachment":[{"href":"https:\/\/www.amchambaq.com\/en\/wp-json\/wp\/v2\/media?parent=11193"}],"wp:term":[{"taxonomy":"category","embeddable":true,"href":"https:\/\/www.amchambaq.com\/en\/wp-json\/wp\/v2\/categories?post=11193"},{"taxonomy":"post_tag","embeddable":true,"href":"https:\/\/www.amchambaq.com\/en\/wp-json\/wp\/v2\/tags?post=11193"}],"curies":[{"name":"wp","href":"https:\/\/api.w.org\/{rel}","templated":true}]}}