{"id":11186,"date":"2023-05-26T15:44:22","date_gmt":"2023-05-26T20:44:22","guid":{"rendered":"https:\/\/www.amchambaq.com\/?p=11186"},"modified":"2023-05-26T15:44:22","modified_gmt":"2023-05-26T20:44:22","slug":"comercio-de-colombia-en-riesgo-por-posible-recesion-en-ee-uu","status":"publish","type":"post","link":"https:\/\/www.amchambaq.com\/en\/comercio-de-colombia-en-riesgo-por-posible-recesion-en-ee-uu\/","title":{"rendered":"Comercio de Colombia, en riesgo por posible recesi\u00f3n en EE. UU."},"content":{"rendered":"<p>Seg\u00fan Analdex, el gigante americano demandar\u00eda menos productos. Este pa\u00eds tuvo una participaci\u00f3n del 26 % de las exportaciones colombianas.<\/p>\n<p>El reciente anuncio de una recesi\u00f3n en Estados Unidos, en el \u00faltimo trimestre de 2023 o en el primero de 2024, por parte de la Reserva Federal (Fed) ese pa\u00eds, podr\u00eda afectar las metas de comercio exterior para Colombia, en especial del lado de las exportaciones, asegur\u00f3 la Asociaci\u00f3n Nacional de Comercio Exterior (Analdex).<\/p>\n<p>Para este a\u00f1o preve\u00eda unas ventas al exterior cercanas a los US$60.000 millones. Sin embargo,\u00a0<b>el panorama que proyectan en Estados Unidos\u00a0 indica que el principal socio comercial podr\u00eda demandar menos productos.\u00a0<\/b><\/p>\n<p>De acuerdo con Javier D\u00edaz, presidente de Analdex, &#8220;<i>podr\u00eda haber un efecto domin\u00f3, ya que, al ser la principal econom\u00eda a nivel mundial, tendr\u00eda un efecto en pa\u00edses como M\u00e9xico, que tambi\u00e9n disminuir\u00eda sus compras provenientes de Colombia y de otros or\u00edgenes<\/i>\u201d.<\/p>\n<p>El dirigente gremial se\u00f1al\u00f3\u00a0<b>otros dos factores que podr\u00edan impactar el comercio exterior<\/b>\u00a0de Colombia.<\/p>\n<p>\u201cSeg\u00fan los \u00faltimos reportes,\u00a0<i>China cay\u00f3 cerca de 8% en sus importaciones y no ser\u00eda ese dinamizador de la econom\u00eda mundial que est\u00e1bamos esperando para crecer en nuestras exportaciones.<\/i>\u00a0De igual forma, en los primeros meses del a\u00f1o ha habido casi que tres bloqueos por d\u00eda, lo cual dificulta la cadena log\u00edstica tanto de importaciones como de ventas externas\u201d, indic\u00f3.<\/p>\n<p>Vale recordar que las exportaciones de Colombia a Estados Unidos,\u00a0<b>durante el primer trimestre de 2023, llegaron a US$3.216 millones, con un crecimiento de 0,9% frente al mismo lapso de 2022.<\/b>\u00a0Incluso, un tercio de las exportaciones no mineras de Colombia tuvieron como destino al pa\u00eds norteamericano.<\/p>\n<p>En tanto que las importaciones de ese mercado registraron US$4.420 millones y\u00a0<b>una ca\u00edda de 2,9%, de acuerdo con cifras del Dane.<\/b><\/p>\n<p>Por otro lado,<b>\u00a0China disminuy\u00f3 en un 13,6% las compras a Colombia, al llegar a US$562 millones<\/b>, mientras que nuestras importaciones desde ese mercado cayeron 33%, al marcar US$3.377 millones.<\/p>\n<p>Tomado de: Portafolio<\/p>","protected":false},"excerpt":{"rendered":"<p>Seg\u00fan Analdex, el gigante americano demandar\u00eda menos productos. Este pa\u00eds tuvo una participaci\u00f3n del 26 % de las exportaciones colombianas. El reciente anuncio de una recesi\u00f3n en Estados Unidos, en el \u00faltimo trimestre de 2023 o en el primero de 2024, por parte de la Reserva Federal (Fed) ese pa\u00eds, podr\u00eda afectar las metas de<\/p>","protected":false},"author":1,"featured_media":11187,"comment_status":"closed","ping_status":"closed","sticky":false,"template":"","format":"standard","meta":{"footnotes":""},"categories":[342,181],"tags":[],"class_list":["post-11186","post","type-post","status-publish","format-standard","has-post-thumbnail","hentry","category-news","category-noticias"],"views":77,"_links":{"self":[{"href":"https:\/\/www.amchambaq.com\/en\/wp-json\/wp\/v2\/posts\/11186","targetHints":{"allow":["GET"]}}],"collection":[{"href":"https:\/\/www.amchambaq.com\/en\/wp-json\/wp\/v2\/posts"}],"about":[{"href":"https:\/\/www.amchambaq.com\/en\/wp-json\/wp\/v2\/types\/post"}],"author":[{"embeddable":true,"href":"https:\/\/www.amchambaq.com\/en\/wp-json\/wp\/v2\/users\/1"}],"replies":[{"embeddable":true,"href":"https:\/\/www.amchambaq.com\/en\/wp-json\/wp\/v2\/comments?post=11186"}],"version-history":[{"count":1,"href":"https:\/\/www.amchambaq.com\/en\/wp-json\/wp\/v2\/posts\/11186\/revisions"}],"predecessor-version":[{"id":11188,"href":"https:\/\/www.amchambaq.com\/en\/wp-json\/wp\/v2\/posts\/11186\/revisions\/11188"}],"wp:featuredmedia":[{"embeddable":true,"href":"https:\/\/www.amchambaq.com\/en\/wp-json\/wp\/v2\/media\/11187"}],"wp:attachment":[{"href":"https:\/\/www.amchambaq.com\/en\/wp-json\/wp\/v2\/media?parent=11186"}],"wp:term":[{"taxonomy":"category","embeddable":true,"href":"https:\/\/www.amchambaq.com\/en\/wp-json\/wp\/v2\/categories?post=11186"},{"taxonomy":"post_tag","embeddable":true,"href":"https:\/\/www.amchambaq.com\/en\/wp-json\/wp\/v2\/tags?post=11186"}],"curies":[{"name":"wp","href":"https:\/\/api.w.org\/{rel}","templated":true}]}}