{"id":11165,"date":"2023-05-24T09:36:43","date_gmt":"2023-05-24T14:36:43","guid":{"rendered":"https:\/\/www.amchambaq.com\/?p=11165"},"modified":"2023-05-24T09:36:43","modified_gmt":"2023-05-24T14:36:43","slug":"industria-turistica-destinada-a-crecer-en-barranquilla-y-todo-el-atlantico","status":"publish","type":"post","link":"https:\/\/www.amchambaq.com\/en\/industria-turistica-destinada-a-crecer-en-barranquilla-y-todo-el-atlantico\/","title":{"rendered":"Industria tur\u00edstica, destinada a crecer en Barranquilla y todo el Atl\u00e1ntico"},"content":{"rendered":"<p>Las experiencias favorables en el departamento llevan a la realizaci\u00f3n de Hablemos de Turismo el pr\u00f3ximo 31 de mayo en el Hotel Movich.<\/p>\n<p>El Atl\u00e1ntico entendido como destino tur\u00edstico es una realidad que se ha consolidado durante los a\u00f1os recientes. Las maravillas naturales y las inversiones realizadas en varios municipios han tenido un gran impacto, generando una transformaci\u00f3n que impulsa la econom\u00eda.<\/p>\n<div id=\"body\" class=\"content-article size-m\">\n<p>Deportes n\u00e1uticos en playas como Puerto Velero o Salinas del Rey, al igual que en la laguna de\u00a0<strong>Luruaco<\/strong>, avistamiento de aves, recorridos gastron\u00f3micos, amplios campos de girasoles, exploraciones para ir en busca de artesan\u00edas y el deleite que representan las muestras culturales, son algunos de los rasgos que hacen atractivo ir por el departamento.<\/p>\n<p><strong>Para seguir creciendo<\/strong><\/p>\n<p>El pr\u00f3ximo 31 de mayo se realizar\u00e1 en Barranquilla el encuentro\u00a0Hablemos de Turismo, cuyo objetivo es dar a conocer\u00a0estrategias exitosas a nivel internacional que puedan ser aplicables a Barranquilla y el resto del Atl\u00e1ntico, para lograr que viajeros de negocios extiendan su estad\u00eda aqu\u00ed y disfruten la oferta de entretenimiento u ocio de los destinos.<\/p>\n<p>El evento es organizado por la\u00a0<a href=\"https:\/\/www.barranquilla.gov.co\/\" target=\"_blank\" rel=\"noopener\">Alcald\u00eda Distrital<\/a>, la\u00a0<a href=\"https:\/\/www.atlantico.gov.co\/index.php\/inicio\" target=\"_blank\" rel=\"noopener\">Gobernaci\u00f3n del Atl\u00e1ntico<\/a>,\u00a0<a href=\"https:\/\/probarranquilla.org\/\" target=\"_blank\" rel=\"noopener\">ProBarranquilla<\/a>\u00a0y la\u00a0<a href=\"https:\/\/www.camarabaq.org.co\/\" target=\"_blank\" rel=\"noopener\">C\u00e1mara de Comercio de Barranquilla<\/a>.<\/p>\n<\/div>\n<div id=\"paragraphs\" class=\"content-article paragraphs size-m\">\n<div class=\"field-collection-container clearfix\">\n<div class=\"field field-name-field-contenido-articulos-2 field-type-field-collection field-label-hidden\">\n<div class=\"field-item even\">\n<div class=\"field-collection-view clearfix view-mode-full field-collection-view-final\">\n<div>\n<div class=\"content\">\n<div class=\"paragraphs-items paragraphs-items-field-campos paragraphs-items-field-campos-full paragraphs-items-full\">\n<div class=\"field field-name-field-campos field-type-paragraphs field-label-hidden\">\n<div class=\"field-item even\">\n<div class=\"content-imagen\">\n<div class=\"image\" data-bg-desk=\"https:\/\/www.elheraldo.co\/sites\/default\/files\/styles\/width_1180\/public\/turismo_2_0.jpg?itok=YoJ0JgR3\" data-bg-mob=\"https:\/\/www.elheraldo.co\/sites\/default\/files\/styles\/414x780\/public\/turismo_2_0.jpg?itok=9dib69Mh\"><picture><source srcset=\"https:\/\/www.elheraldo.co\/sites\/default\/files\/styles\/width_820\/public\/turismo_2_0.jpg?itok=mBsyZkQo\" media=\"(min-width: 1180px)\" \/><source srcset=\"https:\/\/www.elheraldo.co\/sites\/default\/files\/styles\/width_768\/public\/turismo_2_0.jpg?itok=yi4DkohS\" media=\"(min-width: 768px)\" \/><source srcset=\"https:\/\/www.elheraldo.co\/sites\/default\/files\/styles\/width_414\/public\/turismo_2_0.jpg?itok=xvkS83VN\" media=\"(max-width: 767px)\" \/><\/picture><\/div>\n<div data-bg-desk=\"https:\/\/www.elheraldo.co\/sites\/default\/files\/styles\/width_1180\/public\/turismo_2_0.jpg?itok=YoJ0JgR3\" data-bg-mob=\"https:\/\/www.elheraldo.co\/sites\/default\/files\/styles\/414x780\/public\/turismo_2_0.jpg?itok=9dib69Mh\">El encuentro va dirigido a las empresas que integran la cadena de valor del Cl\u00faster Turismo de Eventos y Negocios, TEN, y del Cl\u00faster Bleisure, Negocios+Ocio. Es convocado por el denominado Equipo Destino, conformado hace seis a\u00f1os por la Alcald\u00eda Distrital, la Gobernaci\u00f3n del Atl\u00e1ntico, ProBarranquilla y la C\u00e1mara de Comercio de Barranquilla, CCB.<\/div>\n<\/div>\n<div data-bg-desk=\"https:\/\/www.elheraldo.co\/sites\/default\/files\/styles\/width_1180\/public\/turismo_2_0.jpg?itok=YoJ0JgR3\" data-bg-mob=\"https:\/\/www.elheraldo.co\/sites\/default\/files\/styles\/414x780\/public\/turismo_2_0.jpg?itok=9dib69Mh\">\n<p>La apertura estar\u00e1 a cargo del presidente ejecutivo de la CCB, Manuel Fern\u00e1ndez Ariza, quien presentar\u00e1 la estrategia de Barranquilla y el Atl\u00e1ntico como destino de eventos y negocios + ocio, para impulsar la competitividad, prosperidad y sostenibilidad del tejido empresarial de la cadena de valor de la industria del turismo.<\/p>\n<p>Seguidamente intervendr\u00e1 Jos\u00e9 \u00c1ngel D\u00edaz Rebolledo socializando el caso de \u00e9xito de la estrategia\u00a0<em>Gesti\u00f3n de destinos: Pueblos M\u00e1gicos<\/em>, programa implementado en M\u00e9xico para generar oportunidades de desarrollo econ\u00f3mico y social, a trav\u00e9s del turismo, con la potencializaci\u00f3n de las actividades intr\u00ednsecas del destino y la participaci\u00f3n de las comunidades.<\/p>\n<p>R\u00f4mulo Soares, presidente del Instituto Winds for Future, de Fortaleza, Brasil, estar\u00e1 compartiendo la estrategia\u00a0<em>Econom\u00eda del Mar: deportes n\u00e1uticos como motor del turismo<\/em>, implementada para atraer el turismo de aventura aprovechando las condiciones clim\u00e1ticas del destino, sus constantes y fuertes condiciones de viento orientado siempre en la misma direcci\u00f3n, la profundidad de las aguas y su entorno envuelto entre mar, lagunas y dunas.<\/p>\n<p>Gilberto Salcedo, Vicepresidente de Turismo de Procolombia, se referir\u00e1 a la oferta y demanda de esta industria en el Caribe colombiano. Y la local estar\u00e1 con Pamela Lozano, con la presentaci\u00f3n\u00a0<em>Vientos y cultura local: la apuesta por la sostenibilidad en el Atl\u00e1ntico<\/em>, enfocada en el fortalecimiento\u00a0del destino, el desarrollo econ\u00f3mico y la participaci\u00f3n de las comunidades.<\/p>\n<p>Para cerrar se har\u00e1 el panel\u00a0<em>Preguntas inc\u00f3modas, lo que no se suele contar<\/em>, con la participaci\u00f3n de los ponentes, sobre los casos de \u00e9xito presentados y su aplicabilidad en este territorio.<\/p>\n<p>El encuentro tendr\u00e1 como escenario al Hotel Movich, entre las 8:00 a. m. y la 1:00 p. m.<\/p>\n<p>Tomado de: El Heraldo<\/p>\n<\/div>\n<\/div>\n<\/div>\n<\/div>\n<\/div>\n<\/div>\n<\/div>\n<\/div>\n<\/div>\n<\/div>\n<\/div>","protected":false},"excerpt":{"rendered":"<p>Las experiencias favorables en el departamento llevan a la realizaci\u00f3n de Hablemos de Turismo el pr\u00f3ximo 31 de mayo en el Hotel Movich. El Atl\u00e1ntico entendido como destino tur\u00edstico es una realidad que se ha consolidado durante los a\u00f1os recientes. Las maravillas naturales y las inversiones realizadas en varios municipios han tenido un gran impacto,<\/p>","protected":false},"author":1,"featured_media":11166,"comment_status":"closed","ping_status":"closed","sticky":false,"template":"","format":"standard","meta":{"footnotes":""},"categories":[342,181],"tags":[],"class_list":["post-11165","post","type-post","status-publish","format-standard","has-post-thumbnail","hentry","category-news","category-noticias"],"views":29,"_links":{"self":[{"href":"https:\/\/www.amchambaq.com\/en\/wp-json\/wp\/v2\/posts\/11165","targetHints":{"allow":["GET"]}}],"collection":[{"href":"https:\/\/www.amchambaq.com\/en\/wp-json\/wp\/v2\/posts"}],"about":[{"href":"https:\/\/www.amchambaq.com\/en\/wp-json\/wp\/v2\/types\/post"}],"author":[{"embeddable":true,"href":"https:\/\/www.amchambaq.com\/en\/wp-json\/wp\/v2\/users\/1"}],"replies":[{"embeddable":true,"href":"https:\/\/www.amchambaq.com\/en\/wp-json\/wp\/v2\/comments?post=11165"}],"version-history":[{"count":1,"href":"https:\/\/www.amchambaq.com\/en\/wp-json\/wp\/v2\/posts\/11165\/revisions"}],"predecessor-version":[{"id":11167,"href":"https:\/\/www.amchambaq.com\/en\/wp-json\/wp\/v2\/posts\/11165\/revisions\/11167"}],"wp:featuredmedia":[{"embeddable":true,"href":"https:\/\/www.amchambaq.com\/en\/wp-json\/wp\/v2\/media\/11166"}],"wp:attachment":[{"href":"https:\/\/www.amchambaq.com\/en\/wp-json\/wp\/v2\/media?parent=11165"}],"wp:term":[{"taxonomy":"category","embeddable":true,"href":"https:\/\/www.amchambaq.com\/en\/wp-json\/wp\/v2\/categories?post=11165"},{"taxonomy":"post_tag","embeddable":true,"href":"https:\/\/www.amchambaq.com\/en\/wp-json\/wp\/v2\/tags?post=11165"}],"curies":[{"name":"wp","href":"https:\/\/api.w.org\/{rel}","templated":true}]}}