{"id":11151,"date":"2023-05-19T09:07:43","date_gmt":"2023-05-19T14:07:43","guid":{"rendered":"https:\/\/www.amchambaq.com\/?p=11151"},"modified":"2023-05-19T09:07:43","modified_gmt":"2023-05-19T14:07:43","slug":"la-productividad-del-agro-del-pais-debe-ir-en-camino-a-fortalecer-mas-biofabricas","status":"publish","type":"post","link":"https:\/\/www.amchambaq.com\/en\/la-productividad-del-agro-del-pais-debe-ir-en-camino-a-fortalecer-mas-biofabricas\/","title":{"rendered":"\u201cLa productividad del agro del pa\u00eds debe ir en camino a fortalecer m\u00e1s biof\u00e1bricas\u201d"},"content":{"rendered":"<p>Luis Alberto Villegas, viceministro de Agricultura, habl\u00f3 sobre la sustituci\u00f3n de qu\u00edmicos<\/p>\n<p>Este jueves se dio inici\u00f3 al primer Congreso Bananero del Caribe, liderado por la Asociaci\u00f3n de Bananeros del Magdalena y la Guajira, que present\u00f3, adem\u00e1s, una agenda acad\u00e9mica en torno a los retos del sector agr\u00edcola y de los planes y mecanismos que adelanta el Gobierno para aumentar la productividad del campo colombiano.<\/p>\n<p>Luis Alberto Villegas, viceministro de Agricultura y Asuntos Ambientales, explic\u00f3 que la resoluci\u00f3n de los problemas del agro radica en la gesti\u00f3n efectiva de los eslabones de la cadena de producci\u00f3n, que las l\u00edneas de trabajo a proyecci\u00f3n, seg\u00fan explicaba, deben ir en torno al cambio de insumos de s\u00edntesis qu\u00edmica por biol\u00f3gica para atraer el mercado internacional. A\u00f1adi\u00f3 que el agro cuenta con una importante proporci\u00f3n de peque\u00f1os productores.<\/p>\n<p>Sobre la sustituci\u00f3n de insumos qu\u00edmicos por biol\u00f3gicos, el directivo describe a un nuevo consumidor, \u201cm\u00e1s moderno\u201d, que busca un sentido social dentro de la cadena de producci\u00f3n de los insumos y fertilizantes qu\u00edmicos. \u201cHay que pensar en una alternativa de no insumos de s\u00edntesis qu\u00edmica, sino insumos que puedan provenir de otro tipo de desarrollos, como biol\u00f3gicos, para poder competir en el mercado nacional, preparando los productos para exportaci\u00f3n\u201d, dijo.<\/p>\n<p>\u201cEl mercado europeo es un ejemplo claro. Este est\u00e1 yendo hacia la exigencia de tener menos trazas de s\u00edntesis qu\u00edmica. Busca que la fruta represente algo m\u00e1s all\u00e1: cual es la historia social, qui\u00e9n la produce, en que condiciones y los trabajadores de la industria en que condiciones se encuentran. Cu\u00e1l es el efecto de la producci\u00f3n de banano en el cambio clim\u00e1tico\u201d, explica Villegas.<\/p>\n<p>Asegur\u00f3 que, por primera vez, la administraci\u00f3n de Gustavo Petro postul\u00f3 en primer lugar al agro como la agenda de Gobierno. \u201cLa productividad debe ir en camino con el fortalecimiento de la industria de bioinsumos y fortalecer la creaci\u00f3n de biof\u00e1bricas. Hay una necesidad de llegar a los mercados externos y tener garant\u00eda de condiciones para el crecimiento de mercados\u201d, completa.<\/p>\n<p>Sobre la proporci\u00f3n de los peque\u00f1os productores, se obtiene que en el sector de la palma, de los 7.000 productores, 5.600 o cerca de 75%, son de peque\u00f1a escala con hasta 20 hect\u00e1reas. Para el caf\u00e9, 60% de la Unidad Productora Agropecuaria (UPA), con menos de 10 hect\u00e1reas, corresponden a 85% del \u00e1rea total.<\/p>\n<p>En el banano, en el caso espec\u00edfico, 73% de las UPA con menos de 10 hect\u00e1reas corresponde solo a 23% del \u00e1rea total.<\/p>\n<p>Tomado de :La Republica<\/p>","protected":false},"excerpt":{"rendered":"<p>Luis Alberto Villegas, viceministro de Agricultura, habl\u00f3 sobre la sustituci\u00f3n de qu\u00edmicos Este jueves se dio inici\u00f3 al primer Congreso Bananero del Caribe, liderado por la Asociaci\u00f3n de Bananeros del Magdalena y la Guajira, que present\u00f3, adem\u00e1s, una agenda acad\u00e9mica en torno a los retos del sector agr\u00edcola y de los planes y mecanismos que<\/p>","protected":false},"author":1,"featured_media":11152,"comment_status":"closed","ping_status":"closed","sticky":false,"template":"","format":"standard","meta":{"footnotes":""},"categories":[342,181],"tags":[],"class_list":["post-11151","post","type-post","status-publish","format-standard","has-post-thumbnail","hentry","category-news","category-noticias"],"views":54,"_links":{"self":[{"href":"https:\/\/www.amchambaq.com\/en\/wp-json\/wp\/v2\/posts\/11151","targetHints":{"allow":["GET"]}}],"collection":[{"href":"https:\/\/www.amchambaq.com\/en\/wp-json\/wp\/v2\/posts"}],"about":[{"href":"https:\/\/www.amchambaq.com\/en\/wp-json\/wp\/v2\/types\/post"}],"author":[{"embeddable":true,"href":"https:\/\/www.amchambaq.com\/en\/wp-json\/wp\/v2\/users\/1"}],"replies":[{"embeddable":true,"href":"https:\/\/www.amchambaq.com\/en\/wp-json\/wp\/v2\/comments?post=11151"}],"version-history":[{"count":1,"href":"https:\/\/www.amchambaq.com\/en\/wp-json\/wp\/v2\/posts\/11151\/revisions"}],"predecessor-version":[{"id":11153,"href":"https:\/\/www.amchambaq.com\/en\/wp-json\/wp\/v2\/posts\/11151\/revisions\/11153"}],"wp:featuredmedia":[{"embeddable":true,"href":"https:\/\/www.amchambaq.com\/en\/wp-json\/wp\/v2\/media\/11152"}],"wp:attachment":[{"href":"https:\/\/www.amchambaq.com\/en\/wp-json\/wp\/v2\/media?parent=11151"}],"wp:term":[{"taxonomy":"category","embeddable":true,"href":"https:\/\/www.amchambaq.com\/en\/wp-json\/wp\/v2\/categories?post=11151"},{"taxonomy":"post_tag","embeddable":true,"href":"https:\/\/www.amchambaq.com\/en\/wp-json\/wp\/v2\/tags?post=11151"}],"curies":[{"name":"wp","href":"https:\/\/api.w.org\/{rel}","templated":true}]}}