{"id":11027,"date":"2023-04-28T09:11:36","date_gmt":"2023-04-28T14:11:36","guid":{"rendered":"https:\/\/www.amchambaq.com\/?p=11027"},"modified":"2023-04-28T09:11:36","modified_gmt":"2023-04-28T14:11:36","slug":"para-garantizar-la-transicion-energetica-hay-que-modificar-la-administracion-publica","status":"publish","type":"post","link":"https:\/\/www.amchambaq.com\/en\/para-garantizar-la-transicion-energetica-hay-que-modificar-la-administracion-publica\/","title":{"rendered":"&#8220;Para garantizar la transici\u00f3n energ\u00e9tica hay que modificar la administraci\u00f3n p\u00fablica&#8221;"},"content":{"rendered":"<p>Seg\u00fan el presidente no es un problema \u00fanicamente tecnol\u00f3gico o racional, sino que es el cambio de relaciones de poder en Colombia el que permitir\u00eda esta transici\u00f3n<\/p>\n<p>Durante la intervenci\u00f3n del presidente, Gustavo Petro, en la clausura del Sexto encuentro y feria renovables de la regi\u00f3n el mandatario se refiri\u00f3 a la capacidad que tiene el pa\u00eds de convertirse en una gran potencia mundial en la exportaci\u00f3n de energ\u00edas limpias como el hidr\u00f3geno verde, solar y e\u00f3lica.<\/p>\n<p><strong>Seg\u00fan el presidente, actualmente Colombia tiene capacidad de 18 gigas de energ\u00eda el\u00e9ctrica, de las cuales 60% sale del agua y 30% (6 gigas) de las termos, menos del 1% se genera por medio del viento<\/strong>, y 0,7% del sol. De estos tipos de producci\u00f3n de energ\u00eda uno de los m\u00e1s perjudiciales son los embalses, produciendo un alto porcentaje de gas metano m\u00e1s que el CO2, seg\u00fan Petro.<\/p>\n<p>A esto, Gustavo Petro agreg\u00f3 que para dejar de producir todo ese gas metano y avanzar hacia la transici\u00f3n energ\u00e9tica habr\u00eda que promover un cambio de mentalidad en la administraci\u00f3n publica, empresas productoras de combustibles f\u00f3siles y las mismas comunidades.<\/p>\n<p><u>As\u00ed como tambi\u00e9n ser\u00eda necesario \u201cproducir 6 gigas de energ\u00eda renovable (reemplazando las de las termo) en este Gobierno para decir que estamos haciendo Transici\u00f3n Energ\u00e9tica; sino, no hicimos nada\u201d, seg\u00fan Petro.<\/u><\/p>\n<p>Pues una vez hecho esto, Colombia se podr\u00eda convertir en un gran exportador de hidr\u00f3geno verde y energ\u00edas limpias, gracias a que la Guajira es uno de los lugares en el mundo donde m\u00e1s hace sol y el segundo en donde los vientos son m\u00e1s r\u00e1pidos y permanentes.\u00a0<strong>Seg\u00fan el mandatario solo en este territorio se podr\u00edan producir 25 gigas de energ\u00eda permiti\u00e9ndole al pa\u00eds llegar a 65 gigas y convertirlo en un gran exportador de hidrogeno verde hacia otros lugares como Estados Unidos y Europa.<\/strong><\/p>\n<p>Tambi\u00e9n, esto podr\u00eda aportarles a las comunidades de la Guajira oportunidades para suplir las necesidades b\u00e1sicas por las que hoy estar\u00edan muriendo muchos ni\u00f1os.<\/p>\n<div class=\"news economiaSect\">\n<div class=\"html-content\">\n<p><u>A esto el Presidente agreg\u00f3 que la regi\u00f3n con una gran red americana podr\u00eda vender la energ\u00eda limpia hacia cualquier parte del mundo aportando una gran estrategia para salvar la vida de la humanidad&#8221;.<\/u><\/p>\n<p>Finalmente, en el encuentro se firm\u00f3 un hist\u00f3rico acuerdo de entendimiento entre SER Colombia y la Asociaci\u00f3n de Corporaciones Aut\u00f3nomas Regionales y de Desarrollo Sostenible, que busca acelerar los tr\u00e1mites para la entrada en operaci\u00f3n de proyectos de energ\u00edas renovables, por medio del fortalecimiento t\u00e9cnico de las autoridades que intervienen en el proceso.<\/p>\n<\/div>\n<\/div>\n<div class=\"mt-5\">Tomado de: La Republica<\/div>","protected":false},"excerpt":{"rendered":"<p>Seg\u00fan el presidente no es un problema \u00fanicamente tecnol\u00f3gico o racional, sino que es el cambio de relaciones de poder en Colombia el que permitir\u00eda esta transici\u00f3n Durante la intervenci\u00f3n del presidente, Gustavo Petro, en la clausura del Sexto encuentro y feria renovables de la regi\u00f3n el mandatario se refiri\u00f3 a la capacidad que tiene<\/p>","protected":false},"author":1,"featured_media":11028,"comment_status":"closed","ping_status":"closed","sticky":false,"template":"","format":"standard","meta":{"footnotes":""},"categories":[342,181],"tags":[],"class_list":["post-11027","post","type-post","status-publish","format-standard","has-post-thumbnail","hentry","category-news","category-noticias"],"views":71,"_links":{"self":[{"href":"https:\/\/www.amchambaq.com\/en\/wp-json\/wp\/v2\/posts\/11027","targetHints":{"allow":["GET"]}}],"collection":[{"href":"https:\/\/www.amchambaq.com\/en\/wp-json\/wp\/v2\/posts"}],"about":[{"href":"https:\/\/www.amchambaq.com\/en\/wp-json\/wp\/v2\/types\/post"}],"author":[{"embeddable":true,"href":"https:\/\/www.amchambaq.com\/en\/wp-json\/wp\/v2\/users\/1"}],"replies":[{"embeddable":true,"href":"https:\/\/www.amchambaq.com\/en\/wp-json\/wp\/v2\/comments?post=11027"}],"version-history":[{"count":1,"href":"https:\/\/www.amchambaq.com\/en\/wp-json\/wp\/v2\/posts\/11027\/revisions"}],"predecessor-version":[{"id":11029,"href":"https:\/\/www.amchambaq.com\/en\/wp-json\/wp\/v2\/posts\/11027\/revisions\/11029"}],"wp:featuredmedia":[{"embeddable":true,"href":"https:\/\/www.amchambaq.com\/en\/wp-json\/wp\/v2\/media\/11028"}],"wp:attachment":[{"href":"https:\/\/www.amchambaq.com\/en\/wp-json\/wp\/v2\/media?parent=11027"}],"wp:term":[{"taxonomy":"category","embeddable":true,"href":"https:\/\/www.amchambaq.com\/en\/wp-json\/wp\/v2\/categories?post=11027"},{"taxonomy":"post_tag","embeddable":true,"href":"https:\/\/www.amchambaq.com\/en\/wp-json\/wp\/v2\/tags?post=11027"}],"curies":[{"name":"wp","href":"https:\/\/api.w.org\/{rel}","templated":true}]}}