{"id":11024,"date":"2023-04-28T08:50:25","date_gmt":"2023-04-28T13:50:25","guid":{"rendered":"https:\/\/www.amchambaq.com\/?p=11024"},"modified":"2023-04-28T08:50:25","modified_gmt":"2023-04-28T13:50:25","slug":"red-de-biodiverciudades-fundada-en-barranquilla-ya-cuenta-con-122-aliados-de-latinoamerica-que-se-suman-a-una-misma-causa","status":"publish","type":"post","link":"https:\/\/www.amchambaq.com\/en\/red-de-biodiverciudades-fundada-en-barranquilla-ya-cuenta-con-122-aliados-de-latinoamerica-que-se-suman-a-una-misma-causa\/","title":{"rendered":"Red de Biodiverciudades, fundada en Barranquilla, ya cuenta con 122 aliados de Latinoam\u00e9rica que se suman a una misma causa"},"content":{"rendered":"<p>Durante la Cumbre de Ciudades de las Am\u00e9ricas, el alcalde Jaime Pumarejo celebr\u00f3 la vinculaci\u00f3n de Sobral (Brasil), Salvador (Brasil) y Rosario (Argentina) a la Red de Biodiverciudades.<\/p>\n<p>Un mensaje contundente sobre el rol de Latinoam\u00e9rica y el Caribe para la preservaci\u00f3n del medioambiente llev\u00f3 el alcalde de Barranquilla, Jaime Pumarejo Heins, al primer encuentro enmarcado en la Cumbre de Ciudades de las Am\u00e9ricas que se desarrolla desde este mi\u00e9rcoles en Denver, Colorado, donde tambi\u00e9n sum\u00f3 nuevos aliados con un mismo fin.<\/p>\n<p>El espacio paralelo a la agenda oficial, denominado \u2018Latin American and Caribbean Network of Biodivercities\u2019, fue escenario para generar discusi\u00f3n en torno a la relaci\u00f3n entre el medioambiente y la urbanizaci\u00f3n, por lo que el mandatario distrital invit\u00f3 a sus hom\u00f3logos a impulsar modelos enfocados en la realidad de Latinoam\u00e9rica, en vez de seguir los de los pa\u00edses industrializados, as\u00ed como dise\u00f1ar e implementar mecanismos de valor que eleven la discusi\u00f3n sobre el aporte desde la regi\u00f3n a la lucha contra el cambio clim\u00e1tico.<\/p>\n<p>\u201cNuestro rol (el de las ciudades de Latinoam\u00e9rica), ya que somos muy bajos emisores de CO2, pero albergamos la mayor biodiversidad del mundo, es la preservaci\u00f3n y la utilizaci\u00f3n de esta biodiversidad para generar cambios, para generar desarrollo econ\u00f3mico y, obviamente, para preservar nuestro medioambiente\u201d, detall\u00f3 Pumarejo.<\/p>\n<p>El mandatario distrital tambi\u00e9n destac\u00f3 la puesta en marcha de un modelo de desarrollo urbano sostenible en el que participan las ciudades integrantes de la Red de Biodiverciudades, fundada en Barranquilla en el a\u00f1o 2021 y que a partir de hoy est\u00e1 conformada por 122 ciudades.<\/p>\n<p>\u201cPedirle a Latinoam\u00e9rica que reduzcan sus emisiones de CO2 es pedirle a un desnutrido que adelgace, m\u00e1s bien tienen que pedirnos que preservemos y cuidemos nuestro medioambiente y que busquemos los mecanismos de financiamiento para que eso pueda ocurrir\u201d, reiter\u00f3 en su intervenci\u00f3n.<\/p>\n<p>Sobre la gesti\u00f3n de la Corporaci\u00f3n Andina de Fomento (CAF), el alcalde indic\u00f3 que esta ha sido el gran articulador de las ciudades que integran la red, actuando como una plataforma integradora que brinda soporte log\u00edstico y de conocimiento. \u201cLa CAF le est\u00e1 dando impulso a lo que era una idea y hoy la estamos viendo materializada, pero adem\u00e1s est\u00e1 cambiando la conversaci\u00f3n y est\u00e1 buscando los mecanismos de financiamiento necesarios para que esto sea una realidad\u201d, concluy\u00f3.<\/p>\n<p><strong>Crece la red de Biodiverciudades<\/strong><\/p>\n<p>El mandatario distrital, como fundador de la red y activo promotor del concepto de biodiverciudad, expres\u00f3 ante autoridades locales, regionales y l\u00edderes de las Am\u00e9ricas el impacto que ha tenido la conformaci\u00f3n de esta red que empez\u00f3 en 2021 con 8 ciudades y que hoy alcanza a 122 integrantes con la participaci\u00f3n de Sobral (Brasil), Salvador (Brasil) y Rosario (Argentina), lo que significa la articulaci\u00f3n de gesti\u00f3n, estrategias y metodolog\u00edas con un mismo prop\u00f3sito.<\/p>\n<p>\u201cHoy se suman 3 ciudades adicionales importantes, lo que significa que vamos a llegar a m\u00e1s de 122 ciudades de la red que naci\u00f3 en Barranquilla y que hoy demuestra que tenemos un camino conjunto por resolver, as\u00ed que estamos muy contentos y esperanzados\u201d, coment\u00f3 Jaime Pumarejo.<\/p>\n<p>La jornada cont\u00f3 con la participaci\u00f3n de Sandra Perdomo, gerente de Pol\u00edticas P\u00fablicas y Cooperaci\u00f3n del Instituto de Investigaci\u00f3n de Recursos Biol\u00f3gicos Alexander von Humboldt de Colombia; Ivo G\u00f3mez, alcalde de Sobral, Brasil; Ana Paula Andrade Matos Moreira, vicealcaldesa de Salvador, Brasil, y Rogelio Biazzi, jefe de Gabinete del Intendente de Rosario, Argentina.<\/p>\n<p>Tomado de la: Alcadoia de Barranquilla<\/p>","protected":false},"excerpt":{"rendered":"<p>Durante la Cumbre de Ciudades de las Am\u00e9ricas, el alcalde Jaime Pumarejo celebr\u00f3 la vinculaci\u00f3n de Sobral (Brasil), Salvador (Brasil) y Rosario (Argentina) a la Red de Biodiverciudades. Un mensaje contundente sobre el rol de Latinoam\u00e9rica y el Caribe para la preservaci\u00f3n del medioambiente llev\u00f3 el alcalde de Barranquilla, Jaime Pumarejo Heins, al primer encuentro<\/p>","protected":false},"author":1,"featured_media":11025,"comment_status":"closed","ping_status":"closed","sticky":false,"template":"","format":"standard","meta":{"footnotes":""},"categories":[342,181],"tags":[],"class_list":["post-11024","post","type-post","status-publish","format-standard","has-post-thumbnail","hentry","category-news","category-noticias"],"views":92,"_links":{"self":[{"href":"https:\/\/www.amchambaq.com\/en\/wp-json\/wp\/v2\/posts\/11024","targetHints":{"allow":["GET"]}}],"collection":[{"href":"https:\/\/www.amchambaq.com\/en\/wp-json\/wp\/v2\/posts"}],"about":[{"href":"https:\/\/www.amchambaq.com\/en\/wp-json\/wp\/v2\/types\/post"}],"author":[{"embeddable":true,"href":"https:\/\/www.amchambaq.com\/en\/wp-json\/wp\/v2\/users\/1"}],"replies":[{"embeddable":true,"href":"https:\/\/www.amchambaq.com\/en\/wp-json\/wp\/v2\/comments?post=11024"}],"version-history":[{"count":1,"href":"https:\/\/www.amchambaq.com\/en\/wp-json\/wp\/v2\/posts\/11024\/revisions"}],"predecessor-version":[{"id":11026,"href":"https:\/\/www.amchambaq.com\/en\/wp-json\/wp\/v2\/posts\/11024\/revisions\/11026"}],"wp:featuredmedia":[{"embeddable":true,"href":"https:\/\/www.amchambaq.com\/en\/wp-json\/wp\/v2\/media\/11025"}],"wp:attachment":[{"href":"https:\/\/www.amchambaq.com\/en\/wp-json\/wp\/v2\/media?parent=11024"}],"wp:term":[{"taxonomy":"category","embeddable":true,"href":"https:\/\/www.amchambaq.com\/en\/wp-json\/wp\/v2\/categories?post=11024"},{"taxonomy":"post_tag","embeddable":true,"href":"https:\/\/www.amchambaq.com\/en\/wp-json\/wp\/v2\/tags?post=11024"}],"curies":[{"name":"wp","href":"https:\/\/api.w.org\/{rel}","templated":true}]}}