{"id":11009,"date":"2023-04-26T10:43:49","date_gmt":"2023-04-26T15:43:49","guid":{"rendered":"https:\/\/www.amchambaq.com\/?p=11009"},"modified":"2023-04-26T10:43:49","modified_gmt":"2023-04-26T15:43:49","slug":"la-transicion-energetica-no-pertenece-a-un-solo-sector-gremios","status":"publish","type":"post","link":"https:\/\/www.amchambaq.com\/en\/la-transicion-energetica-no-pertenece-a-un-solo-sector-gremios\/","title":{"rendered":"La transici\u00f3n energ\u00e9tica no pertenece a un solo sector: gremios"},"content":{"rendered":"<p>Dirigentes gremiales destacaron la importancia de la seguridad jur\u00eddica para las nuevas inversiones y que no se pierda de vista la necesidad de garantizar la soberan\u00eda energ\u00e9tica del pa\u00eds.<\/p>\n<p>Los gremios del<strong>\u00a0sector energ\u00e9tico\u00a0<\/strong>aseguraron que la<strong>\u00a0transici\u00f3n energ\u00e9tica<\/strong>\u00a0en el pa\u00eds debe construirse entre todos dando prioridad a la sostenibilidad y a la soberan\u00eda energ\u00e9tica.<\/p>\n<p>\u201cPara SER Colombia la transici\u00f3n energ\u00e9tica requiere de todos para que sea un camino transitable\u201d, dijo Alexandra Hern\u00e1ndez, presidente ejecutiva de la<strong>\u00a0Asociaci\u00f3n de Energ\u00edas Renovables Colombia,\u00a0<\/strong>SER Colombia.<\/p>\n<div class=\"field-item odd\">\n<div class=\"entity entity-paragraphs-item paragraphs-item-descripcion\">\n<div class=\"content\">\n<div class=\"field field-name-field-descripcion field-type-text-long field-label-hidden\">\n<div class=\"field-items\">\n<div class=\"field-item even\">\n<p>\u201cHablar de transici\u00f3n energ\u00e9tica no es un tema exclusivo de las energ\u00edas renovables. El objetivo de este sector es prestar un servicio de energ\u00eda confiable para los usuarios\u201d, detall\u00f3.<\/p>\n<p>En el marco del<strong>\u00a06o Encuentro y Feria Renovables Latam<\/strong>\u00a0que comenz\u00f3 desde este martes\u00a0en Barranquilla, los representantes gremiales\u00a0 participaron en un panel durante el cual insistieron en la importancia de que se garantice la seguridad jur\u00eddica, la institucionalidad y se respete la libertad de empresa y participaci\u00f3n del capital p\u00fablico, privado y mixto en el sector.<\/p>\n<p>La presidente de la\u00a0<strong>Asociaci\u00f3n Colombiana de Gas Natural (Naturgas), Luz Stella Murgas<\/strong>, dijo que \u201cla transici\u00f3n energ\u00e9tica no le pertenece solo a un actor y que no es solamente del Gobierno ni de la academia, es de todos. Es un prop\u00f3sito superior que hoy une a Colombia\u201d.<\/p>\n<p>Se\u00f1al\u00f3 que una transici\u00f3n energ\u00e9tica desordenada no es justa para el bolsillo de los colombianos y explic\u00f3 que ser ordenada implica que se aprovechen los\u00a0<strong>recursos disponibles.<\/strong><\/p>\n<\/div>\n<\/div>\n<\/div>\n<\/div>\n<\/div>\n<\/div>\n<div class=\"field-item even\">\n<div id=\"relacionado-body\">\n<div class=\"box-title\">\n<p>A su vez,\u00a0<strong>M\u00f3nica Gasca,\u00a0<\/strong>directora de la A<strong>sociaci\u00f3n Colombiana de Hidr\u00f3geno<\/strong>, se\u00f1al\u00f3 que el hidr\u00f3geno en Colombia no ser\u00e1 posible sin las energ\u00edas sostenibles. Hizo un llamado a un trabajo coordinado.\u00a0 \u201cNo podemos tener una transici\u00f3n enfocada en un solo tipo de energ\u00eda\u201d, agreg\u00f3.<\/p>\n<p>Por su parte,\u00a0<strong>Andr\u00e9s Ospina,<\/strong>\u00a0director legal y tributario de la<strong>\u00a0Asociaci\u00f3n Colombiana de Generadores de Energ\u00eda El\u00e9ctrica (Acolgen)<\/strong>, asegur\u00f3 que \u201cse requieren normas claras que tengan vocaci\u00f3n de permanencia en el tiempo. Es importante que se sepa que el margen de energ\u00eda firme para el a\u00f1o 2023 es del 10% y si en el a\u00f1o 2027 no se tienen nuevos proyectos y si los que est\u00e1n en desarrollo finalmente no pueden aportar su energ\u00eda al sistema, este margen se va a reducir a 0,4%\u201d.<\/p>\n<div class=\"field-item odd\">\n<div class=\"content-titulo\">\n<div class=\"titulo\">Retrasos en contratos<\/div>\n<\/div>\n<\/div>\n<div class=\"field-item even\">\n<div class=\"entity entity-paragraphs-item paragraphs-item-descripcion\">\n<div class=\"content\">\n<div class=\"field field-name-field-descripcion field-type-text-long field-label-hidden\">\n<div class=\"field-items\">\n<div class=\"field-item even\">\n<p>A su turno, Alejandro Casta\u00f1eda, presidente de la\u00a0<strong>Asociaci\u00f3n Nacional de Empresas Generadoras (Andeg),<\/strong>\u00a0asegur\u00f3 que preocupa que hay varios proyectos que no han entrado en operaci\u00f3n, los cuales adquirieron compromisos en la subasta del cargo por confiabilidad de 2019 e igualmente hay retrasos de proyectos renovables que ten\u00edan compromisos tanto de cargo por confiabilidad como de contratos de largo plazo, especialmente por temas de conexi\u00f3n como es el caso de\u00a0 La Guajira.<\/p>\n<p>Sobre este tema SER Colombia propuso un plan de choque que permita agilizar los proyectos de energ\u00edas renovables que llevan hasta tres a\u00f1os de retraso. Alexandra Hern\u00e1ndez dijo que con un trabajo conjunto con las empresas y autoridades, en unos seis meses se ver\u00edan resultados.<\/p>\n<p>Tomado de: El Heraldo<\/p>\n<\/div>\n<\/div>\n<\/div>\n<\/div>\n<\/div>\n<\/div>\n<\/div>\n<\/div>\n<\/div>","protected":false},"excerpt":{"rendered":"<p>Dirigentes gremiales destacaron la importancia de la seguridad jur\u00eddica para las nuevas inversiones y que no se pierda de vista la necesidad de garantizar la soberan\u00eda energ\u00e9tica del pa\u00eds. Los gremios del\u00a0sector energ\u00e9tico\u00a0aseguraron que la\u00a0transici\u00f3n energ\u00e9tica\u00a0en el pa\u00eds debe construirse entre todos dando prioridad a la sostenibilidad y a la soberan\u00eda energ\u00e9tica. \u201cPara SER Colombia<\/p>","protected":false},"author":1,"featured_media":11010,"comment_status":"closed","ping_status":"closed","sticky":false,"template":"","format":"standard","meta":{"footnotes":""},"categories":[342,181],"tags":[],"class_list":["post-11009","post","type-post","status-publish","format-standard","has-post-thumbnail","hentry","category-news","category-noticias"],"views":70,"_links":{"self":[{"href":"https:\/\/www.amchambaq.com\/en\/wp-json\/wp\/v2\/posts\/11009","targetHints":{"allow":["GET"]}}],"collection":[{"href":"https:\/\/www.amchambaq.com\/en\/wp-json\/wp\/v2\/posts"}],"about":[{"href":"https:\/\/www.amchambaq.com\/en\/wp-json\/wp\/v2\/types\/post"}],"author":[{"embeddable":true,"href":"https:\/\/www.amchambaq.com\/en\/wp-json\/wp\/v2\/users\/1"}],"replies":[{"embeddable":true,"href":"https:\/\/www.amchambaq.com\/en\/wp-json\/wp\/v2\/comments?post=11009"}],"version-history":[{"count":1,"href":"https:\/\/www.amchambaq.com\/en\/wp-json\/wp\/v2\/posts\/11009\/revisions"}],"predecessor-version":[{"id":11011,"href":"https:\/\/www.amchambaq.com\/en\/wp-json\/wp\/v2\/posts\/11009\/revisions\/11011"}],"wp:featuredmedia":[{"embeddable":true,"href":"https:\/\/www.amchambaq.com\/en\/wp-json\/wp\/v2\/media\/11010"}],"wp:attachment":[{"href":"https:\/\/www.amchambaq.com\/en\/wp-json\/wp\/v2\/media?parent=11009"}],"wp:term":[{"taxonomy":"category","embeddable":true,"href":"https:\/\/www.amchambaq.com\/en\/wp-json\/wp\/v2\/categories?post=11009"},{"taxonomy":"post_tag","embeddable":true,"href":"https:\/\/www.amchambaq.com\/en\/wp-json\/wp\/v2\/tags?post=11009"}],"curies":[{"name":"wp","href":"https:\/\/api.w.org\/{rel}","templated":true}]}}