{"id":11006,"date":"2023-04-25T10:38:53","date_gmt":"2023-04-25T15:38:53","guid":{"rendered":"https:\/\/www.amchambaq.com\/?p=11006"},"modified":"2023-04-25T10:38:53","modified_gmt":"2023-04-25T15:38:53","slug":"gremios-y-gobierno-buscan-medidas-para-bajar-la-inflacion","status":"publish","type":"post","link":"https:\/\/www.amchambaq.com\/en\/gremios-y-gobierno-buscan-medidas-para-bajar-la-inflacion\/","title":{"rendered":"Gremios y gobierno buscan medidas para bajar la inflaci\u00f3n"},"content":{"rendered":"<p>Comenzaron\u00a0reuniones y anuncian que pronto se dar\u00e1n a conocer las medidas que se adoptar\u00e1n.<\/p>\n<p>El trabajo conjunto entre gremios y Gobierno nacional en busca de medidas que ayuden a moderar la\u00a0<strong>inflaci\u00f3n<\/strong>\u00a0comenz\u00f3 desde este fin de semana con un encuentro en el que participaron la Asociaci\u00f3n Nacional de Empresarios (ANDI) y la Sociedad de Agricultores de Colombia (SAC).<\/p>\n<div class=\"field-item odd\">\n<div class=\"entity entity-paragraphs-item paragraphs-item-descripcion\">\n<div class=\"content\">\n<div class=\"field field-name-field-descripcion field-type-text-long field-label-hidden\">\n<div class=\"field-items\">\n<div class=\"field-item even\">\n<p>\u201cHemos venido trabajando en medidas para combatir la inflaci\u00f3n de la mano de sector privado. Iniciamos un di\u00e1logo entre\u00a0<strong>Minhacienda<\/strong>, Minagricultura, ANDI y SAC e involucraremos a otros actores del sector productivo\u201d, dijo el ministro de\u00a0Comercio, Industria y Turismo, Germ\u00e1n Uma\u00f1a.<\/p>\n<p>Asegur\u00f3 que el objetivo de estos encuentros es\u00a0\u201ctomar decisiones, de manera incluyente y concertada, que nos permitir\u00e1n mejorar la calidad de vida de los colombianos\u201d.<\/p>\n<p>En esta reuni\u00f3n estuvieron tambi\u00e9n la ministra de\u00a0Agricultura,\u00a0<strong>Cecilia L\u00f3pez<\/strong>\u00a0y\u00a0el presidente de la ANDI, Bruce Mac Master, y el presidente de la SAC, Jorge Bedoya.<\/p>\n<\/div>\n<\/div>\n<\/div>\n<\/div>\n<\/div>\n<\/div>\n<div class=\"field-item even\">\n<div class=\"box-title\">\n<div id=\"paragraphs\" class=\"content-article paragraphs size-m\">\n<div class=\"field-collection-container clearfix\">\n<div class=\"field field-name-field-contenido-articulos-2 field-type-field-collection field-label-hidden\">\n<div class=\"field-item even\">\n<div class=\"field-collection-view clearfix view-mode-full field-collection-view-final\">\n<div>\n<div class=\"content\">\n<div class=\"paragraphs-items paragraphs-items-field-campos paragraphs-items-field-campos-full paragraphs-items-full\">\n<div class=\"field field-name-field-campos field-type-paragraphs field-label-hidden\">\n<div class=\"field-item odd\">\n<div class=\"entity entity-paragraphs-item paragraphs-item-descripcion\">\n<div class=\"content\">\n<div class=\"field field-name-field-descripcion field-type-text-long field-label-hidden\">\n<div class=\"field-items\">\n<div class=\"field-item even\">\n<p>\u201cBuen trabajo conjunto con Mincomercio, Minhacienda, Minagricultura, SAC y ANDI para estudiar propuestas que permitan reducir la inflaci\u00f3n con medidas estructurales que beneficien a los consumidores y la competitividad. Esperamos resultados pronto\u201d, indic\u00f3 Mac Master.<\/p>\n<p>De acuerdo con\u00a0<strong>Mac Master<\/strong>, la inflaci\u00f3n se increment\u00f3 por aumentos de costos en la log\u00edstica, del transporte terrestre, los precios de importados, la\u00a0<strong>tasa de cambio<\/strong>\u00a0y la\u00a0<strong>energ\u00eda<\/strong>\u00a0a nivel mundial. Se suman las restricciones de oferta mundial, tr\u00e1mites, impuestos y<strong>\u00a0combustibles<\/strong>.<\/p>\n<p>\u201cExcelente di\u00e1logo y \u00e1nimo de concertaci\u00f3n. Muy buena reuni\u00f3n\u201d, dijo Bedoya al terminar la reuni\u00f3n.<\/p>\n<\/div>\n<\/div>\n<\/div>\n<\/div>\n<\/div>\n<\/div>\n<\/div>\n<\/div>\n<\/div>\n<\/div>\n<\/div>\n<\/div>\n<\/div>\n<\/div>\n<\/div>\n<div id=\"redes\" class=\"redes-compartir\">Tomado de: El Heraldo<\/div>\n<\/div>\n<\/div>","protected":false},"excerpt":{"rendered":"<p>Comenzaron\u00a0reuniones y anuncian que pronto se dar\u00e1n a conocer las medidas que se adoptar\u00e1n. El trabajo conjunto entre gremios y Gobierno nacional en busca de medidas que ayuden a moderar la\u00a0inflaci\u00f3n\u00a0comenz\u00f3 desde este fin de semana con un encuentro en el que participaron la Asociaci\u00f3n Nacional de Empresarios (ANDI) y la Sociedad de Agricultores de<\/p>","protected":false},"author":1,"featured_media":11007,"comment_status":"closed","ping_status":"closed","sticky":false,"template":"","format":"standard","meta":{"footnotes":""},"categories":[342,181],"tags":[],"class_list":["post-11006","post","type-post","status-publish","format-standard","has-post-thumbnail","hentry","category-news","category-noticias"],"views":19,"_links":{"self":[{"href":"https:\/\/www.amchambaq.com\/en\/wp-json\/wp\/v2\/posts\/11006","targetHints":{"allow":["GET"]}}],"collection":[{"href":"https:\/\/www.amchambaq.com\/en\/wp-json\/wp\/v2\/posts"}],"about":[{"href":"https:\/\/www.amchambaq.com\/en\/wp-json\/wp\/v2\/types\/post"}],"author":[{"embeddable":true,"href":"https:\/\/www.amchambaq.com\/en\/wp-json\/wp\/v2\/users\/1"}],"replies":[{"embeddable":true,"href":"https:\/\/www.amchambaq.com\/en\/wp-json\/wp\/v2\/comments?post=11006"}],"version-history":[{"count":1,"href":"https:\/\/www.amchambaq.com\/en\/wp-json\/wp\/v2\/posts\/11006\/revisions"}],"predecessor-version":[{"id":11008,"href":"https:\/\/www.amchambaq.com\/en\/wp-json\/wp\/v2\/posts\/11006\/revisions\/11008"}],"wp:featuredmedia":[{"embeddable":true,"href":"https:\/\/www.amchambaq.com\/en\/wp-json\/wp\/v2\/media\/11007"}],"wp:attachment":[{"href":"https:\/\/www.amchambaq.com\/en\/wp-json\/wp\/v2\/media?parent=11006"}],"wp:term":[{"taxonomy":"category","embeddable":true,"href":"https:\/\/www.amchambaq.com\/en\/wp-json\/wp\/v2\/categories?post=11006"},{"taxonomy":"post_tag","embeddable":true,"href":"https:\/\/www.amchambaq.com\/en\/wp-json\/wp\/v2\/tags?post=11006"}],"curies":[{"name":"wp","href":"https:\/\/api.w.org\/{rel}","templated":true}]}}