{"id":11002,"date":"2023-04-25T10:35:14","date_gmt":"2023-04-25T15:35:14","guid":{"rendered":"https:\/\/www.amchambaq.com\/?p=11002"},"modified":"2023-04-25T10:35:14","modified_gmt":"2023-04-25T15:35:14","slug":"bid-dice-que-acompanara-debate-de-las-reformas-laboral-y-pensional","status":"publish","type":"post","link":"https:\/\/www.amchambaq.com\/en\/bid-dice-que-acompanara-debate-de-las-reformas-laboral-y-pensional\/","title":{"rendered":"BID dice que acompa\u00f1ar\u00e1 debate de las reformas laboral y pensional"},"content":{"rendered":"<p>La entidad destac\u00f3 los avances del Ministerio del Trabajo en la implementaci\u00f3n de los programas de empleo para la reducci\u00f3n de la informalidad.<\/p>\n<p>El representante del<strong>\u00a0Banco Interamericano de Desarrollo<\/strong>\u00a0(BID), para Colombia,\u00a0<strong>Kelvin Suero<\/strong>, manifest\u00f3 que la entidad acompa\u00f1ar\u00e1 el debate de las\u00a0reformas laboral y pensional que se tramitan en el Congreso de la Rep\u00fablica.<\/p>\n<div class=\"field-item odd\">\n<div class=\"entity entity-paragraphs-item paragraphs-item-descripcion\">\n<div class=\"content\">\n<div class=\"field field-name-field-descripcion field-type-text-long field-label-hidden\">\n<div class=\"field-items\">\n<div class=\"field-item even\">\n<p>\u201cDesde el Banco Interamericano de Desarrollo, estamos en la mejor disposici\u00f3n para acompa\u00f1ar sobre todo el debate, y resaltar los elementos que nos han tra\u00eddo \u00e9xito en la implementaci\u00f3n de distintas reformas en otros pa\u00edses, por lo tanto, reiteramos la mejor disposici\u00f3n de acompa\u00f1ar estos esfuerzos\u201d, dijo\u00a0Kelvin Suero tras una reuni\u00f3n realizada para fortalecer los convenios de las pol\u00edticas de empleo y de formaci\u00f3n para el trabajo.<\/p>\n<p>Por su parte, el Especialista de la divisi\u00f3n de Mercados laborales del BID,\u00a0<strong>Waldo Tapia<\/strong>, destac\u00f3 los avances del\u00a0<strong>Ministerio del Trabajo\u00a0<\/strong>en la implementaci\u00f3n de los programas de empleo para la reducci\u00f3n de la informalidad.<\/p>\n<p>\u201cEsta reuni\u00f3n sirvi\u00f3 para fijar lineamientos y ver los grandes avances que ha hecho el ministerio en materia de generaci\u00f3n de empleo, que sin duda va a apoyar toda la b\u00fasqueda de empleo de los miles de colombianos y colombianas que est\u00e1n en ese proceso. Adem\u00e1s, este encuentro que cont\u00f3 con la presencia de la\u00a0<strong>Ministra del Trabajo<\/strong>, nos ayud\u00f3 para buscar lineamientos de hacia d\u00f3nde vamos y c\u00f3mo avanzamos en los procesos de empleabilidad\u201d,\u00a0asegur\u00f3 Tapia.<\/p>\n<\/div>\n<\/div>\n<\/div>\n<\/div>\n<\/div>\n<\/div>\n<div class=\"field-item even\">\n<div id=\"relacionado-body\">\n<div class=\"box-title\">\n<p>La mintrabajo\u00a0<strong>Gloria In\u00e9s Ram\u00edrez R\u00edos<\/strong>, agradeci\u00f3 el acompa\u00f1amiento del BID en el proceso de las reformas laboral y pensional e insisti\u00f3 en que el empleo es una pol\u00edtica de Estado.<\/p>\n<p>Dijo que que se impulsan iniciativas como el fomento de empleo y que ha generado m\u00e1s de 760 mil nuevos puestos de trabajo y beneficia a 25 mil empleadores, el 90% peque\u00f1as y medianas empresas.<\/p>\n<p>\u201cCuando hablamos del fortalecimiento al empleo, estamos hablando necesariamente de un apoyo a las reformas que ya avanzan en el\u00a0<strong>Congreso de la Rep\u00fablica,<\/strong>\u00a0pero le decimos a los colombianos y colombianas, que el empleo es una pol\u00edtica de Gobierno, la estamos trabajando y con el apoyo del Banco Interamericano, buscamos no solamente instrumentos, no simplemente llevarlo al territorio sino que nuestro pa\u00eds avance en el desarrollo de una pol\u00edtica clave para el fortalecimiento del empleo\u201d, sostuvo la ministra.<\/p>\n<p>Tomado de : El Heraldo<\/p>\n<\/div>\n<\/div>\n<\/div>","protected":false},"excerpt":{"rendered":"<p>La entidad destac\u00f3 los avances del Ministerio del Trabajo en la implementaci\u00f3n de los programas de empleo para la reducci\u00f3n de la informalidad. El representante del\u00a0Banco Interamericano de Desarrollo\u00a0(BID), para Colombia,\u00a0Kelvin Suero, manifest\u00f3 que la entidad acompa\u00f1ar\u00e1 el debate de las\u00a0reformas laboral y pensional que se tramitan en el Congreso de la Rep\u00fablica. \u201cDesde el<\/p>","protected":false},"author":1,"featured_media":11003,"comment_status":"closed","ping_status":"closed","sticky":false,"template":"","format":"standard","meta":{"footnotes":""},"categories":[342,181],"tags":[],"class_list":["post-11002","post","type-post","status-publish","format-standard","has-post-thumbnail","hentry","category-news","category-noticias"],"views":23,"_links":{"self":[{"href":"https:\/\/www.amchambaq.com\/en\/wp-json\/wp\/v2\/posts\/11002","targetHints":{"allow":["GET"]}}],"collection":[{"href":"https:\/\/www.amchambaq.com\/en\/wp-json\/wp\/v2\/posts"}],"about":[{"href":"https:\/\/www.amchambaq.com\/en\/wp-json\/wp\/v2\/types\/post"}],"author":[{"embeddable":true,"href":"https:\/\/www.amchambaq.com\/en\/wp-json\/wp\/v2\/users\/1"}],"replies":[{"embeddable":true,"href":"https:\/\/www.amchambaq.com\/en\/wp-json\/wp\/v2\/comments?post=11002"}],"version-history":[{"count":2,"href":"https:\/\/www.amchambaq.com\/en\/wp-json\/wp\/v2\/posts\/11002\/revisions"}],"predecessor-version":[{"id":11005,"href":"https:\/\/www.amchambaq.com\/en\/wp-json\/wp\/v2\/posts\/11002\/revisions\/11005"}],"wp:featuredmedia":[{"embeddable":true,"href":"https:\/\/www.amchambaq.com\/en\/wp-json\/wp\/v2\/media\/11003"}],"wp:attachment":[{"href":"https:\/\/www.amchambaq.com\/en\/wp-json\/wp\/v2\/media?parent=11002"}],"wp:term":[{"taxonomy":"category","embeddable":true,"href":"https:\/\/www.amchambaq.com\/en\/wp-json\/wp\/v2\/categories?post=11002"},{"taxonomy":"post_tag","embeddable":true,"href":"https:\/\/www.amchambaq.com\/en\/wp-json\/wp\/v2\/tags?post=11002"}],"curies":[{"name":"wp","href":"https:\/\/api.w.org\/{rel}","templated":true}]}}