{"id":10986,"date":"2023-04-21T09:16:08","date_gmt":"2023-04-21T14:16:08","guid":{"rendered":"https:\/\/www.amchambaq.com\/?p=10986"},"modified":"2023-04-21T09:16:08","modified_gmt":"2023-04-21T14:16:08","slug":"papel-del-sector-privado-en-el-cierre-de-brechas-sociales-tema-de-cumbre-amcham-colombia-2023","status":"publish","type":"post","link":"https:\/\/www.amchambaq.com\/en\/papel-del-sector-privado-en-el-cierre-de-brechas-sociales-tema-de-cumbre-amcham-colombia-2023\/","title":{"rendered":"Papel del sector privado en el cierre de brechas sociales, tema de Cumbre AmCham Colombia 2023"},"content":{"rendered":"<h2 class=\"wp-block-heading\">El pr\u00f3ximo 25 de abril, la C\u00e1mara de Comercio Colombo Americana, AmCham Colombia, reunir\u00e1 a Gobierno y sector privado para una gran conversaci\u00f3n sobre la manera de superar, juntos, las brechas sociales y generar bienestar y progreso para los colombianos<\/h2>\n<p><strong>Bogot\u00e1, 20 de abril de 2023 (AmCham Colombia).-<\/strong>\u00a0El presidente de la Rep\u00fablica, Gustavo Petro y los ministros de Trabajo, Gloria In\u00e9s Ram\u00edrez; Agricultura, Cecilia L\u00f3pez y de Comercio, Germ\u00e1n Uma\u00f1a, aceptaron la invitaci\u00f3n de la C\u00e1mara de Comercio Colombo Americana, AmCham Colombia, para participar en la Cumbre \u201cPapel del sector privado en el cierre de brechas sociales\u201d, en el marco de la Asamblea Anual de afiliados de la asociaci\u00f3n empresarial.<\/p>\n<p>\u201cCerrar las brechas es funci\u00f3n de todos, no es apenas una tarea del Gobierno: todos podemos y debemos contribuir, nadie deber\u00eda sentirse ajeno a esa tarea. Debemos comenzar por nuestro propio entorno, con la promoci\u00f3n de valores, con la expansi\u00f3n de una cultura ciudadana que infunda el respeto por los otros, por los bienes p\u00fablicos, por la equidad y la inclusi\u00f3n\u201d, dijo la presidenta de AmCham Colombia, Mar\u00eda Claudia Lacouture, al destacar el prop\u00f3sito de la Cumbre en medio de las importantes discusiones que lleva el Congreso de la Rep\u00fablica en materia de salud, laboral y pensional, adem\u00e1s del Plan Nacional de Desarrollo.<\/p>\n<p>\u201cHoy el cierre de brechas en nuestras sociedades no es una opci\u00f3n, ni un simple gesto altruista de empresarios con buen coraz\u00f3n, ni una bandera pol\u00edtica, ni un asunto de izquierda o derecha\u201d, enfatiz\u00f3.<\/p>\n<p>La Cumbre AmCham Colombia 2023 tendr\u00e1 lugar en Bogot\u00e1 el pr\u00f3ximo 25 de abril y tambi\u00e9n se tendr\u00e1 la participaci\u00f3n del expresidente Juan Manuel Santos Calder\u00f3n, quien intervendr\u00e1 precisamente sobre c\u00f3mo el sector privado ha sido pilar del desarrollo social de los \u00faltimos a\u00f1os en una labor mancomunada entre el sector p\u00fablico y privado. Tambi\u00e9n est\u00e1 prevista la participaci\u00f3n de la Embajada de Estados Unidos en Colombia.<\/p>\n<p>De acuerdo con Lacouture, las perspectivas alrededor de las reformas sociales explican la \u201calta expectativa por mantener la viabilidad empresarial en una coyuntura de cambios sobre problem\u00e1ticas que nadie niega que son prioritarias y oportunas para atender las urgencias sociales, pero que deben trabajarse con equilibrio, sin debilitar la viabilidad de las empresas\u201d.<\/p>\n<p>La Cumbre AmCham Colombia tendr\u00e1 la participaci\u00f3n de Dolores de la Mata, economista principal de la CAF quien har\u00e1 una presentaci\u00f3n sobre \u201cDe la exclusi\u00f3n a las oportunidades, \u00bfC\u00f3mo mejorar la movilidad social en Am\u00e9rica Latina y el Caribe?.<\/p>\n<p>As\u00ed mismo, se abordar\u00e1 la \u201cReindustrializaci\u00f3n para fortalecer la estructura productiva del pa\u00eds\u201d, con la participaci\u00f3n del ministro de Comercio, Industria y Turismo, Germ\u00e1n Uma\u00f1a y el analista senior de El Tiempo, Ricardo \u00c1vila.<\/p>\n<p>La \u201cSeguridad Alimentaria y el desarrollo social\u201d, ser\u00e1 abordado en la Cumbre AmCham con la participaci\u00f3n de la ministra de Agricultura, Cecilia L\u00f3pez y un conversatorio con Carlo Scaramella, director y Representante en Colombia del Programa Mundial de Alimentos; Michela Espinosa, especialista senior en Alimentaci\u00f3n y Lucha contra la malnutrici\u00f3n de la FAO; Mar\u00eda Elisa Monroy, Directora Divisi\u00f3n Agro para Centroam\u00e9rica y pa\u00edses Andinos de BAYER y la moderaci\u00f3n de Francisco Miranda, director del diario Portafolio.<\/p>\n<p>La ministra de Trabajo, Gloria In\u00e9s Ram\u00edrez, ser\u00e1 la encargada de abrir el segmento \u201cEmpleabilidad y formaci\u00f3n pertinente\u201d en donde se tendr\u00e1 un panel con Gladys Vega, presidenta de la Federaci\u00f3n Colombiana de Gesti\u00f3n Humana, ACRIP, Mar\u00eda Claudia Lacouture, presidenta Ejecutiva de AmCham Colombia y la alianza de gremios y asociaciones ALIADAS; Jorge Cort\u00e9s, Vicepresidente de CUT Nacional y la moderaci\u00f3n de Fernando Quijano, director del diario La Rep\u00fablica.<\/p>\n<p>Honeywell tendr\u00e1 una presentaci\u00f3n sobre \u201cTransformaci\u00f3n de basuras en energ\u00eda y biocombustible para los aviones\u201d y Ecopetrol participar\u00e1 hablando sobre el proceso de transici\u00f3n energ\u00e9tica en el pa\u00eds.<\/p>\n<p>La Cumbre AmCham Colombia cerrar\u00e1 con el conversatorio sobre \u201cAccesibilidad y salud: talento humano y pol\u00edtica farmac\u00e9utica\u201d, con la participaci\u00f3n de\u00a0<a>E<\/a>dilma Suarez, directora de Desarrollo del Talento Humano en salud del Ministerio de Salud; Claudia Vargas, directora de Medicamentos y Tecnolog\u00edas en Salud del mismo ministerio; Diego Gil, L\u00edder de Pacientes Colombia; Jairo Humberto Restrepo, profesor de la Universidad de Antioquia; Aurelio Mej\u00eda, gerente de Colombia Productiva \u00a0y la moderaci\u00f3n de Paula Acosta, presidenta de Acemi.<\/p>\n<p>\u201cHoy el cierre de brechas debe considerar, adem\u00e1s del di\u00e1logo institucional, la aplicaci\u00f3n y desarrollo de tecnolog\u00eda, productividad, acceso a recursos financieros, a internet, a una formaci\u00f3n pertinente que sincronice la demanda empresarial con el talento humano, una legislaci\u00f3n laboral flexible para contrarrestar la informalidad, as\u00ed como combatir los grandes males del subdesarrollo: corrupci\u00f3n, contrabando y pirater\u00eda. Tenemos la oportunidad de acoger el momento hist\u00f3rico para que, a trav\u00e9s del trabajo y la articulaci\u00f3n, todos aportemos experiencia y conocimiento por el bien com\u00fan y el cierre de las brechas en el pa\u00eds\u201d, puntualiz\u00f3 Lacouture, quien invit\u00f3 a los empresarios a registrarse para ser testigos de primera mano en este gran conversatorio.<\/p>\n<p>La Cumbre AmCham Colombia tiene el apoyo de Congrupo, Coca Cola, Davivenda, FedEx, Gilead, GM, DirecTV, Quad Graphics y Canal 1.<\/p>\n<p>Tomado de: El Heraldo<\/p>","protected":false},"excerpt":{"rendered":"<p>El pr\u00f3ximo 25 de abril, la C\u00e1mara de Comercio Colombo Americana, AmCham Colombia, reunir\u00e1 a Gobierno y sector privado para una gran conversaci\u00f3n sobre la manera de superar, juntos, las brechas sociales y generar bienestar y progreso para los colombianos Bogot\u00e1, 20 de abril de 2023 (AmCham Colombia).-\u00a0El presidente de la Rep\u00fablica, Gustavo Petro y<\/p>","protected":false},"author":1,"featured_media":10987,"comment_status":"closed","ping_status":"closed","sticky":false,"template":"","format":"standard","meta":{"footnotes":""},"categories":[342,181],"tags":[],"class_list":["post-10986","post","type-post","status-publish","format-standard","has-post-thumbnail","hentry","category-news","category-noticias"],"views":25,"_links":{"self":[{"href":"https:\/\/www.amchambaq.com\/en\/wp-json\/wp\/v2\/posts\/10986","targetHints":{"allow":["GET"]}}],"collection":[{"href":"https:\/\/www.amchambaq.com\/en\/wp-json\/wp\/v2\/posts"}],"about":[{"href":"https:\/\/www.amchambaq.com\/en\/wp-json\/wp\/v2\/types\/post"}],"author":[{"embeddable":true,"href":"https:\/\/www.amchambaq.com\/en\/wp-json\/wp\/v2\/users\/1"}],"replies":[{"embeddable":true,"href":"https:\/\/www.amchambaq.com\/en\/wp-json\/wp\/v2\/comments?post=10986"}],"version-history":[{"count":1,"href":"https:\/\/www.amchambaq.com\/en\/wp-json\/wp\/v2\/posts\/10986\/revisions"}],"predecessor-version":[{"id":10988,"href":"https:\/\/www.amchambaq.com\/en\/wp-json\/wp\/v2\/posts\/10986\/revisions\/10988"}],"wp:featuredmedia":[{"embeddable":true,"href":"https:\/\/www.amchambaq.com\/en\/wp-json\/wp\/v2\/media\/10987"}],"wp:attachment":[{"href":"https:\/\/www.amchambaq.com\/en\/wp-json\/wp\/v2\/media?parent=10986"}],"wp:term":[{"taxonomy":"category","embeddable":true,"href":"https:\/\/www.amchambaq.com\/en\/wp-json\/wp\/v2\/categories?post=10986"},{"taxonomy":"post_tag","embeddable":true,"href":"https:\/\/www.amchambaq.com\/en\/wp-json\/wp\/v2\/tags?post=10986"}],"curies":[{"name":"wp","href":"https:\/\/api.w.org\/{rel}","templated":true}]}}