{"id":10980,"date":"2023-04-21T08:28:14","date_gmt":"2023-04-21T13:28:14","guid":{"rendered":"https:\/\/www.amchambaq.com\/?p=10980"},"modified":"2023-04-21T08:28:14","modified_gmt":"2023-04-21T13:28:14","slug":"las-coincidencias-y-diferencias-que-dejo-el-primer-encuentro-petro-biden","status":"publish","type":"post","link":"https:\/\/www.amchambaq.com\/en\/las-coincidencias-y-diferencias-que-dejo-el-primer-encuentro-petro-biden\/","title":{"rendered":"Las coincidencias y diferencias que dej\u00f3 el primer encuentro Petro-Biden"},"content":{"rendered":"<p>Biden estuvo de acuerdo con el cambio de deuda por acci\u00f3n clim\u00e1tica, lo que afirm\u00f3 el mandatario colombiano \u201cpuede cambiar el mundo\u201d. Biden don\u00f3 500 millones de d\u00f3lares para la selva amaz\u00f3nica.<\/p>\n<p>En medio de confluen\u00adcias en torno a la lucha contra el cambio clim\u00e1\u00adtico, entre ellas la nece\u00adsidad de establecer el cambio de deuda externa de los pa\u00edses por acci\u00f3n clim\u00e1tica, los presidentes\u00a0<strong>Gustavo Petro y Joe Biden<\/strong>\u00a0sostu\u00advieron ayer en la\u00a0<strong>Casa Blanca<\/strong>\u00a0una aparentemente cordial reuni\u00f3n bilateral en la que abordaron, adem\u00e1s, la posibilidad de tener \u201cun continente igualitario y de\u00admocr\u00e1tico\u201d, seg\u00fan dijo el man\u00addatario estadounidense, y que sea \u201cfaro de la humanidad\u201d, de acuerdo a la propuesta del jefe de Estado colombiano.<\/p>\n<p>Petro lleg\u00f3 a la sede presiden\u00adcial de Washington hacia la 1:00 p. m. (2:00 de la tarde hora co\u00adlombiana), firm\u00f3 el libro de visi\u00adtantes ilustres y luego fue condu\u00adcido hasta la\u00a0<strong>Oficina Oval,<\/strong>\u00a0donde fue saludado por su hom\u00f3logo, con quien pos\u00f3 para los medios que hac\u00edan el registro de la visita e intercambiaron palabras.<\/p>\n<p>\u201cQuiero agradecerle el com\u00adpromiso y su franca\u00a0<strong>defensa de la paz<\/strong>\u00a0y los\u00a0<strong>derechos humanos<\/strong>\u00a0en el continente\u201d, dijo Biden, agregando que\u00a0<strong>\u201cColombia es la piedra angular del continente<\/strong>. (&#8230;) Nosotros tenemos esfuerzos compartidos y creo que si traba\u00adjamos juntos realmente pode\u00admos tener un continente que sea unido, democr\u00e1tico, igualitario y econ\u00f3micamente pr\u00f3spero\u201d.<\/p>\n<p>Posteriormente, el l\u00edder de la Casa Blanca tuite\u00f3: \u201cjunto con Colombia, estamos enfrentando el\u00a0<strong>cambio clim\u00e1tico,\u00a0<\/strong>fortalecien\u00addo nuestras econom\u00edas y\u00a0<strong>comba\u00adtiendo el narcotr\u00e1fico.<\/strong>\u00a0A medida que comenzamos el pr\u00f3ximo siglo de nuestra alianza, estoy ansioso por profundizar y desa\u00adrrollar nuestra cooperaci\u00f3n\u201d.<\/p>\n<p>Y tambi\u00e9n tuite\u00f3: \u201cFue un pla\u00adcer dar la bienvenida al presi\u00addente @petrogustavo a la Casa Blanca\u201d.<\/p>\n<p>A su vez, Petro destac\u00f3: \u201cTene\u00admos en com\u00fan que nunca ha ha\u00adbido guerra entre los pueblos y pa\u00edses. Estamos acostumbrados a la paz.\u00a0<strong>Democracia, libertad y paz\u00a0<\/strong>constituyen nuestra agen\u00adda\u201d.<\/p>\n<p>\u201cSi juntamos estos dos pilares: el pol\u00edtico, de la democracia, la libertad y la paz con el\u00a0<strong>econ\u00f3mi\u00adco,<\/strong>\u00a0que nos demanda una econo\u00adm\u00eda descarbonizada, creo que encontramos nuestro destino co\u00adm\u00fan, una Am\u00e9rica que puede ser faro de la humanidad, vanguar\u00addia de la humanidad\u201d, enfatiz\u00f3 el colombiano.<\/p>\n<p>\u201cEstoy convencido de que, en realidad, nos estamos acercan\u00addo a una\u00a0<strong>econom\u00eda sin carb\u00f3n<\/strong>\u201d, respondi\u00f3 Biden.<\/p>\n<p>El mandatario estadounidense agreg\u00f3 que \u201cambos pa\u00edses esta\u00admos generando esfuerzos para hacer frente al cambio clim\u00e1tico.<\/p>\n<p>Y puso de presente que \u201cpor medio de la\u00a0<strong>Alianza para la Pros\u00adperidad de la Am\u00e9rica Latina,\u00a0<\/strong>estamos trabajando para que nuestras econom\u00edas crezcan\u201d.<\/p>\n<p>Por su parte, el presidente Pe\u00adtro resalt\u00f3 que \u201cestamos en un mismo r\u00edo, r\u00edo que nos lleva cada vez m\u00e1s a una mayor democra\u00adcia y a una mayor libertad; tam\u00adbi\u00e9n tenemos en com\u00fan que en nuestro continente casi nunca ha habido guerras ni entre las nacio\u00adnes ni entre los pueblos\u201d.<\/p>\n<p>Y cuando Biden lo felicit\u00f3 por su reciente cumplea\u00f1os, Petro le dijo entre sonrisas: \u201cGracias, muy amable (&#8230;).<strong>\u00a0Tener 63 es co\u00admo tener 40\u00a0<\/strong>en la anterior gene\u00adraci\u00f3n\u201d, a lo que Biden respon\u00addi\u00f3 tambi\u00e9n con gracia: \u201cEstoy completamente de acuerdo\u201d.<\/p>\n<p>Posteriormente, los presiden\u00adtes se reunieron en privado y en el\u00a0<strong>Sal\u00f3n del Gabinete\u00a0<\/strong>con sus equipos de gobierno.<\/p>\n<p>Al t\u00e9rmino de la entrevista, Pe\u00adtro dijo a periodistas que \u201cel pre\u00adsidente Biden se sinti\u00f3 identifica\u00addo con la propuesta de cambio de deuda en todo el mundo por\u00a0<strong>acci\u00f3n clim\u00e1tica<\/strong>\u201d y para ello har\u00e1 la propuesta al Fondo Monetario Internacional<strong>\u00a0(FMI)<\/strong>\u00a0dentro de la lucha contra el cambio clim\u00e1tico.<\/p>\n<p>Al respecto, luego, el jefe de Estado de Colombia tuite\u00f3: \u201cEs\u00adte me parece el m\u00e1s importante acuerdo con el presidente Biden; literalmente podr\u00eda cambiar el mundo.\u00a0<strong>Cambiar deuda<\/strong>\u00a0por ac\u00adci\u00f3n clim\u00e1tica\u201d.<\/p>\n<p>Adicionalmente, en la lucha contra la crisis clim\u00e1tica Estados Unidos anunci\u00f3 que aportar\u00e1<strong>\u00a0500 millones de d\u00f3lares<\/strong>\u00a0para el Fondo Verde, para salvar la selva ama\u00adz\u00f3nica.<\/p>\n<p>Tambi\u00e9n trabajar\u00e1n conjunta\u00admente para la construcci\u00f3n de la Alianza por el Progreso para desarrollar energ\u00edas limpias en las Am\u00e9ricas, as\u00ed como fortalecer la reforma agraria para que los campesinos cultiven otros pro\u00adductos diferentes a la coca.<\/p>\n<p>Petro estuvo acompa\u00f1ado por el canciller\u00a0<strong>\u00c1lvaro Leyva Dur\u00e1n;<\/strong>\u00a0Defensa,\u00a0<strong>Iv\u00e1n Vel\u00e1squez;\u00a0<\/strong>y Justi\u00adcia,\u00a0<strong>N\u00e9stor Osuna<\/strong>; la jefa de Gabi\u00adnete,\u00a0<strong>Laura Sarabia,\u00a0<\/strong>y el embaja\u00addor\u00a0<strong>Luis Murillo.<\/strong><\/p>\n<p>Por su parte, Biden estuvo en compa\u00f1\u00eda del secretario de Es\u00adtado,\u00a0<strong>Antony Blinken;<\/strong>\u00a0de Segu\u00adridad,<strong>\u00a0Alejandro Mayorkas<\/strong>; el enviado especial para el Clima, John Kerry; el enviado especial para las Am\u00e9ricas,\u00a0<strong>Chris Dodd;<\/strong>\u00a0la jefa de la Usaid,\u00a0<strong>Samantha Power,<\/strong>\u00a0y el encargado de Nego\u00adcios en Bogot\u00e1,\u00a0<strong>Francisco Pal\u00admieri.<\/strong><\/p>\n<div class=\"field-item even\">\n<div class=\"content-titulo\">\n<div class=\"titulo\">Venezuela: elecciones y levantar sanciones<\/div>\n<\/div>\n<\/div>\n<div class=\"field-item odd\">\n<div class=\"entity entity-paragraphs-item paragraphs-item-descripcion\">\n<div class=\"content\">\n<div class=\"field field-name-field-descripcion field-type-text-long field-label-hidden\">\n<div class=\"field-items\">\n<div class=\"field-item even\">\n<p>\u00a0El presidente Gustavo Pe\u00adtro plante\u00f3 a su hom\u00f3\u00adlogo de Estados Unidos, Joe Biden, una estrate\u00adgia que consiste en ir levantando progresivamente las sanciones a Venezuela a medida que haya avances en materia electoral en ese pa\u00eds.<\/p>\n<p>\u201cQued\u00f3 planteado sobre la mesa una estrategia que es ha\u00adcer primero elecciones y luego levantar sanciones. O paulati\u00adnamente, en la medida en que se vaya cumpliendo una agenda electoral, que se vayan levantan\u00addo tambi\u00e9n esas sanciones\u201d, dijo Petro en declaraciones en la Casa Blanca despu\u00e9s de su reuni\u00f3n en el despacho oval con el mandata\u00adrio estadounidense.<\/p>\n<p>Revel\u00f3 que uno de los temas del encuentro fueron las sanciones a Venezuela. Espec\u00edficamente, Pe\u00adtro propuso un proceso de \u201cdos rieles\u201d, que avancen paralela\u00admente. Uno de esos rieles ser\u00eda el del levantamiento de las san\u00adciones que EE. UU. ha impuesto a Venezuela y el otro un crono\u00adgrama para que haya elecciones con garant\u00edas en Venezuela, as\u00ed como la vuelta de ese estado al Sistema Interamericano de De\u00adrechos Humanos.<\/p>\n<p>La idea de Petro es que esos dos aspectos est\u00e9n comunicados y avancen de manera paralela has\u00adta llegar a un punto en el que el pueblo venezolano pueda \u201cde\u00adcidir, libremente, sin presiones y sin sanciones, su propio des\u00adtino\u201d. En esto, el Gobierno de Biden se ha mostrado abierto a levantar sanciones a Venezuela, pero solo si se dan pasos concre\u00adtos para elecciones libres y jus\u00adtas, se fortalece la defensa a los derechos humanos y se ataja la corrupci\u00f3n.<\/p>\n<div class=\"field-item odd\">\n<div class=\"entity entity-paragraphs-item paragraphs-item-descripcion\">\n<div class=\"content\">\n<div class=\"field field-name-field-descripcion field-type-text-long field-label-hidden\">\n<div class=\"field-items\">\n<div class=\"field-item even\">\n<p>\u00a0con restricciones econ\u00f3micas contra varios funcionarios ve\u00adnezolanos, incluido el hijo del presidente del pa\u00eds, Nicol\u00e1s Er\u00adnesto Maduro Guerra, y l\u00edmites a las operaciones en EE. UU. de la empresa Petr\u00f3leos de Venezuela (Pdvsa), principal fuente de divi\u00adsas para Caracas.<\/p>\n<p>Biden ha mantenido muchas de esas sanciones. Sin embargo, en noviembre del a\u00f1o pasado, el mandatario estadounidense autoriz\u00f3 a la petrolera Chevron a retomar sus operaciones de ex\u00adtracci\u00f3n en Venezuela de mane\u00adra limitada.<\/p>\n<p>Colombia acoger\u00e1 el pr\u00f3ximo martes una conferencia interna\u00adcional sobre Venezuela en la que las sanciones formar\u00e1n parte de la agenda y tambi\u00e9n se intenta\u00adr\u00e1n buscar formas para reactivar el di\u00e1logo entre el chavismo y la oposici\u00f3n, estancado desde no\u00adviembre.<\/p>\n<\/div>\n<\/div>\n<\/div>\n<\/div>\n<\/div>\n<\/div>\n<div class=\"field-item even\">\n<div class=\"content-imagen\">\n<div class=\"image\" data-bg-desk=\"https:\/\/www.elheraldo.co\/sites\/default\/files\/styles\/width_1180\/public\/petro_biden_2.jpg?itok=kWte73KK\" data-bg-mob=\"https:\/\/www.elheraldo.co\/sites\/default\/files\/styles\/414x780\/public\/petro_biden_2.jpg?itok=xLTKsXmJ\"><picture><source srcset=\"https:\/\/www.elheraldo.co\/sites\/default\/files\/styles\/width_820\/public\/petro_biden_2.jpg?itok=XoxnYDdA\" media=\"(min-width: 1180px)\" \/><source srcset=\"https:\/\/www.elheraldo.co\/sites\/default\/files\/styles\/width_768\/public\/petro_biden_2.jpg?itok=Tel2ZmWY\" media=\"(min-width: 768px)\" \/><source srcset=\"https:\/\/www.elheraldo.co\/sites\/default\/files\/styles\/width_414\/public\/petro_biden_2.jpg?itok=6RAZMyjB\" media=\"(max-width: 767px)\" \/><\/picture><\/div>\n<div data-bg-desk=\"https:\/\/www.elheraldo.co\/sites\/default\/files\/styles\/width_1180\/public\/petro_biden_2.jpg?itok=kWte73KK\" data-bg-mob=\"https:\/\/www.elheraldo.co\/sites\/default\/files\/styles\/414x780\/public\/petro_biden_2.jpg?itok=xLTKsXmJ\">\n<div class=\"field-item even\">\n<div class=\"content-titulo\">\n<div class=\"titulo\">Narcotr\u00e1fico.<\/div>\n<\/div>\n<\/div>\n<div class=\"field-item odd\">\n<div class=\"entity entity-paragraphs-item paragraphs-item-descripcion\">\n<div class=\"content\">\n<div class=\"field field-name-field-descripcion field-type-text-long field-label-hidden\">\n<div class=\"field-items\">\n<div class=\"field-item even\">\n<p>Tambi\u00e9n pidi\u00f3 el presidente Gus\u00adtavo Petro a Biden m\u00e1s lanchas, drones y embarcaciones para frenar a los narcotraficantes en Colombia y las fronteras.<\/p>\n<p>\u201cUna cosa es fumigar una mata y a unos seres humanos que son d\u00e9biles econ\u00f3micamente; y otra cosa es perseguir al empresaria\u00addo del narcotr\u00e1fico, algo que se hace a partir de labores de inteli\u00adgencia, se persiguen sus bienes y sus dineros\u201d, distingui\u00f3 Petro en la intervenci\u00f3n.<\/p>\n<p>Y explic\u00f3 que, para perseguir a ese empresariado del narco\u00adtr\u00e1fico, \u201csolicit\u00e9 un poco m\u00e1s de ayuda en ese aspecto. Necesita\u00admos m\u00e1s embarcaciones, m\u00e1s lanchas, m\u00e1s drones\u201d.<\/p>\n<\/div>\n<\/div>\n<\/div>\n<\/div>\n<\/div>\n<\/div>\n<div class=\"field-item even\">\n<div class=\"content-imagen\">\n<div class=\"image\" data-bg-desk=\"https:\/\/www.elheraldo.co\/sites\/default\/files\/styles\/width_1180\/public\/petro_pelosi.jpg?itok=JlqueM7T\" data-bg-mob=\"https:\/\/www.elheraldo.co\/sites\/default\/files\/styles\/414x780\/public\/petro_pelosi.jpg?itok=J8nfc4Pq\"><picture><source srcset=\"https:\/\/www.elheraldo.co\/sites\/default\/files\/styles\/width_820\/public\/petro_pelosi.jpg?itok=W3iLLEZO\" media=\"(min-width: 1180px)\" \/><source srcset=\"https:\/\/www.elheraldo.co\/sites\/default\/files\/styles\/width_768\/public\/petro_pelosi.jpg?itok=RqukW9Z_\" media=\"(min-width: 768px)\" \/><source srcset=\"https:\/\/www.elheraldo.co\/sites\/default\/files\/styles\/width_414\/public\/petro_pelosi.jpg?itok=2BBHfjWb\" media=\"(max-width: 767px)\" \/><\/picture><\/div>\n<div data-bg-desk=\"https:\/\/www.elheraldo.co\/sites\/default\/files\/styles\/width_1180\/public\/petro_pelosi.jpg?itok=JlqueM7T\" data-bg-mob=\"https:\/\/www.elheraldo.co\/sites\/default\/files\/styles\/414x780\/public\/petro_pelosi.jpg?itok=J8nfc4Pq\">\n<div class=\"field-item even\">\n<div class=\"content-titulo\">\n<div class=\"titulo\">Reuni\u00f3n con Pelosi. Temas: Paz, drogas y reforma agraria<\/div>\n<\/div>\n<\/div>\n<div class=\"field-item odd\">\n<div class=\"entity entity-paragraphs-item paragraphs-item-descripcion\">\n<div class=\"content\">\n<div class=\"field field-name-field-descripcion field-type-text-long field-label-hidden\">\n<div class=\"field-items\">\n<div class=\"field-item even\">\n<p>\u00a0Previamente, el mandatario colombiano sostuvo un encuentro con la ex presidenta de la C\u00e1mara de los EE. UU.,\u00a0<strong>Nancy Pelosi,<\/strong>\u00a0con quien hablaron, seg\u00fan Petro, \u201cde una agenda verde com\u00fan para toda Am\u00e9rica, la descarbonizaci\u00f3n de la econom\u00eda y el cuidado de la selva; el tema paz y drogas; la producci\u00f3n y reforma agraria, y la conferencia que se realizar\u00e1 la semana entrante sobre Venezuela\u201d.<\/p>\n<p>Tras el encuentro, el presidente de Colombia escribi\u00f3 en Twitter: \u201cGrandes amigos. Con Nancy Pelosi y (el representante)\u00a0<strong>Jim McGovern\u201d<\/strong>. A su vez, Pelosi trin\u00f3: \u201cHoy tuve el orgullo de reunirme con el presidente Petro para hablar sobre la larga relaci\u00f3n entre nuestros pa\u00edses y c\u00f3mo podemos trabajar juntos para combatir la crisis clim\u00e1tica,<strong>\u00a0reducir la pobreza\u00a0<\/strong>y detener la propagaci\u00f3n del fentanilo\u201d.<\/p>\n<p>Tomado de: El Heraldo<\/p>\n<\/div>\n<\/div>\n<\/div>\n<\/div>\n<\/div>\n<\/div>\n<\/div>\n<\/div>\n<\/div>\n<\/div>\n<\/div>\n<\/div>\n<\/div>\n<\/div>\n<\/div>\n<\/div>\n<\/div>\n<\/div>","protected":false},"excerpt":{"rendered":"<p>Biden estuvo de acuerdo con el cambio de deuda por acci\u00f3n clim\u00e1tica, lo que afirm\u00f3 el mandatario colombiano \u201cpuede cambiar el mundo\u201d. Biden don\u00f3 500 millones de d\u00f3lares para la selva amaz\u00f3nica. En medio de confluen\u00adcias en torno a la lucha contra el cambio clim\u00e1\u00adtico, entre ellas la nece\u00adsidad de establecer el cambio de deuda<\/p>","protected":false},"author":1,"featured_media":10981,"comment_status":"closed","ping_status":"closed","sticky":false,"template":"","format":"standard","meta":{"footnotes":""},"categories":[342,181],"tags":[],"class_list":["post-10980","post","type-post","status-publish","format-standard","has-post-thumbnail","hentry","category-news","category-noticias"],"views":28,"_links":{"self":[{"href":"https:\/\/www.amchambaq.com\/en\/wp-json\/wp\/v2\/posts\/10980","targetHints":{"allow":["GET"]}}],"collection":[{"href":"https:\/\/www.amchambaq.com\/en\/wp-json\/wp\/v2\/posts"}],"about":[{"href":"https:\/\/www.amchambaq.com\/en\/wp-json\/wp\/v2\/types\/post"}],"author":[{"embeddable":true,"href":"https:\/\/www.amchambaq.com\/en\/wp-json\/wp\/v2\/users\/1"}],"replies":[{"embeddable":true,"href":"https:\/\/www.amchambaq.com\/en\/wp-json\/wp\/v2\/comments?post=10980"}],"version-history":[{"count":1,"href":"https:\/\/www.amchambaq.com\/en\/wp-json\/wp\/v2\/posts\/10980\/revisions"}],"predecessor-version":[{"id":10982,"href":"https:\/\/www.amchambaq.com\/en\/wp-json\/wp\/v2\/posts\/10980\/revisions\/10982"}],"wp:featuredmedia":[{"embeddable":true,"href":"https:\/\/www.amchambaq.com\/en\/wp-json\/wp\/v2\/media\/10981"}],"wp:attachment":[{"href":"https:\/\/www.amchambaq.com\/en\/wp-json\/wp\/v2\/media?parent=10980"}],"wp:term":[{"taxonomy":"category","embeddable":true,"href":"https:\/\/www.amchambaq.com\/en\/wp-json\/wp\/v2\/categories?post=10980"},{"taxonomy":"post_tag","embeddable":true,"href":"https:\/\/www.amchambaq.com\/en\/wp-json\/wp\/v2\/tags?post=10980"}],"curies":[{"name":"wp","href":"https:\/\/api.w.org\/{rel}","templated":true}]}}