{"id":10977,"date":"2023-04-20T15:23:05","date_gmt":"2023-04-20T20:23:05","guid":{"rendered":"https:\/\/www.amchambaq.com\/?p=10977"},"modified":"2023-04-20T15:23:05","modified_gmt":"2023-04-20T20:23:05","slug":"biden-habla-de-colombia-como-la-piedra-angular-de-la-region-john-kirby","status":"publish","type":"post","link":"https:\/\/www.amchambaq.com\/en\/biden-habla-de-colombia-como-la-piedra-angular-de-la-region-john-kirby\/","title":{"rendered":"Biden habla de Colombia \u201ccomo la piedra angular de la regi\u00f3n\u201d: John Kirby"},"content":{"rendered":"<p>El portavoz de la Casa Blanca en Estados Unidos,\u00a0John Kirby, se pronunci\u00f3 este jueves minutos antes de la reuni\u00f3n entre el presidente Gustavo Petro y su hom\u00f3logo en el pa\u00eds norteamericano Joe Biden, sobre la concepci\u00f3n que tiene este \u00faltimo sobre el pa\u00eds latino.<\/p>\n<p>Seg\u00fan anunci\u00f3 el alto funcionario del Despacho Oval, Biden se refiere a Colombia \u201ccomo la piedra angular de la regi\u00f3n\u201d. Esto lo asegur\u00f3 en medio de una sesi\u00f3n informativa con la prensa antes del encuentro binacional.<\/p>\n<p>De acuerdo con Kirby, el m\u00e1ximo mandatario de los Estados Unidos ve al pa\u00eds latinoamericano \u201ccomo la piedra angular de la regi\u00f3n, porque es un pa\u00eds emblem\u00e1tico y potencial de las Am\u00e9ricas que ha tenido el apoyo bipartidista por 3 d\u00e9cadas&#8221;.<\/p>\n<div class=\"field-item odd\">\n<div class=\"entity entity-paragraphs-item paragraphs-item-descripcion\">\n<div class=\"content\">\n<div class=\"field field-name-field-descripcion field-type-text-long field-label-hidden\">\n<div class=\"field-items\">\n<div class=\"field-item even\">\n<p>Por su parte, el\u00a0presidente\u00a0<strong>Gustavo Petro,<\/strong>\u00a0dijo este jueves que abordar\u00e1 en la reuni\u00f3n temas como la guerra contra las drogas, que considera fracasada, pero no tratar\u00e1 la pol\u00edtica de extradiciones de su Gobierno.<\/p>\n<p>&#8220;Indudablemente hay diferencias. Nosotros creemos que la guerra contra las drogas ha fracasado. Estos 50 a\u00f1os demuestran un balance en n\u00fameros absolutamente desastroso tanto aqu\u00ed, en Estado Unidos, como en nuestra Am\u00e9rica Latina&#8221;, declar\u00f3 Petro ante la prensa en Washington, horas antes de acudir a<strong>\u00a0la Casa Blanca.<\/strong><\/p>\n<p>El mandatario explic\u00f3 que &#8220;la degradaci\u00f3n democr\u00e1tica es may\u00fascula, el n\u00famero de muertos se cuenta por millones y el n\u00famero de presos casi llega a una decena de millones&#8221; a ra\u00edz de la estrategia militar contra las drogas.<\/p>\n<\/div>\n<\/div>\n<\/div>\n<\/div>\n<\/div>\n<\/div>\n<div class=\"field-item even\">\n<div id=\"relacionado-body\">\n<div class=\"box-title\">\n<p>Seg\u00fan Petro, &#8220;el resultado final es que ha empeorado la situaci\u00f3n&#8221; y que el consumo de drogas est\u00e1 &#8220;matando a buena parte&#8221; de la poblaci\u00f3n.<\/p>\n<p>&#8220;Queremos abrir la discusi\u00f3n sobre este tema y sobre c\u00f3mo se articula la pol\u00edtica internacional de las drogas con el crecimiento de la violencia en toda Am\u00e9rica y la violencia en Colombia. El camino de la paz pasa por entender estas circunstancias&#8221;, dijo.<\/p>\n<\/div>\n<\/div>\n<\/div>","protected":false},"excerpt":{"rendered":"<p>El portavoz de la Casa Blanca en Estados Unidos,\u00a0John Kirby, se pronunci\u00f3 este jueves minutos antes de la reuni\u00f3n entre el presidente Gustavo Petro y su hom\u00f3logo en el pa\u00eds norteamericano Joe Biden, sobre la concepci\u00f3n que tiene este \u00faltimo sobre el pa\u00eds latino. Seg\u00fan anunci\u00f3 el alto funcionario del Despacho Oval, Biden se refiere<\/p>","protected":false},"author":1,"featured_media":10978,"comment_status":"closed","ping_status":"closed","sticky":false,"template":"","format":"standard","meta":{"footnotes":""},"categories":[342,181],"tags":[],"class_list":["post-10977","post","type-post","status-publish","format-standard","has-post-thumbnail","hentry","category-news","category-noticias"],"views":104,"_links":{"self":[{"href":"https:\/\/www.amchambaq.com\/en\/wp-json\/wp\/v2\/posts\/10977","targetHints":{"allow":["GET"]}}],"collection":[{"href":"https:\/\/www.amchambaq.com\/en\/wp-json\/wp\/v2\/posts"}],"about":[{"href":"https:\/\/www.amchambaq.com\/en\/wp-json\/wp\/v2\/types\/post"}],"author":[{"embeddable":true,"href":"https:\/\/www.amchambaq.com\/en\/wp-json\/wp\/v2\/users\/1"}],"replies":[{"embeddable":true,"href":"https:\/\/www.amchambaq.com\/en\/wp-json\/wp\/v2\/comments?post=10977"}],"version-history":[{"count":1,"href":"https:\/\/www.amchambaq.com\/en\/wp-json\/wp\/v2\/posts\/10977\/revisions"}],"predecessor-version":[{"id":10979,"href":"https:\/\/www.amchambaq.com\/en\/wp-json\/wp\/v2\/posts\/10977\/revisions\/10979"}],"wp:featuredmedia":[{"embeddable":true,"href":"https:\/\/www.amchambaq.com\/en\/wp-json\/wp\/v2\/media\/10978"}],"wp:attachment":[{"href":"https:\/\/www.amchambaq.com\/en\/wp-json\/wp\/v2\/media?parent=10977"}],"wp:term":[{"taxonomy":"category","embeddable":true,"href":"https:\/\/www.amchambaq.com\/en\/wp-json\/wp\/v2\/categories?post=10977"},{"taxonomy":"post_tag","embeddable":true,"href":"https:\/\/www.amchambaq.com\/en\/wp-json\/wp\/v2\/tags?post=10977"}],"curies":[{"name":"wp","href":"https:\/\/api.w.org\/{rel}","templated":true}]}}