{"id":10971,"date":"2023-04-20T08:54:20","date_gmt":"2023-04-20T13:54:20","guid":{"rendered":"https:\/\/www.amchambaq.com\/?p=10971"},"modified":"2023-04-20T08:54:20","modified_gmt":"2023-04-20T13:54:20","slug":"esta-es-la-agenda-de-petro-previa-a-la-reunion-con-biden-en-ee-uu","status":"publish","type":"post","link":"https:\/\/www.amchambaq.com\/en\/esta-es-la-agenda-de-petro-previa-a-la-reunion-con-biden-en-ee-uu\/","title":{"rendered":"Esta es la agenda de Petro previa a la reuni\u00f3n con Biden en EE. UU."},"content":{"rendered":"<p>El presidente Gustavo Petro se reunir\u00e1 con su hom\u00f3logo\u00a0<strong>Joe Biden<\/strong>\u00a0este jueves 20 de abril en la\u00a0<strong>Casa Blanca<\/strong>\u00a0(EE. UU.) para tratar temas relacionados con la paz, narcotr\u00e1fico, la crisis que se vive en Venezuela, crisis clim\u00e1tica y la generaci\u00f3n de energ\u00edas limpias de Latinoam\u00e9rica.<\/p>\n<p>Otro de los ejes tem\u00e1ticos que tocar\u00e1 el mandatario estadunidense\u00a0Biden est\u00e1 relacionado con el levantamiento de san\u00adciones a\u00a0<strong>Venezuela<\/strong>, algo que Washington estar\u00eda dispuesto a hacer, pero solo si resulta en la celebraci\u00f3n de elecciones libres y justas.<\/p>\n<p>Esta primera reuni\u00f3n bilateral con<strong>\u00a0Joe Biden\u00a0<\/strong>evidenciar\u00eda un escenario de estrechas relaciones entre dos pa\u00edses que tienen desencuentros notorios pero que saben que se necesitan mutuamente.<\/p>\n<p>El encuentro entre<strong>\u00a0Biden y Petro<\/strong>\u00a0se produce despu\u00e9s de que a finales del mes pasado hubiera en Washington el Di\u00e1logo de Al\u00adto Nivel entre Estados Unidos y Colombia, cuya reuni\u00f3n cont\u00f3 con la presencia del secretario de Estado de EE.UU., Antony Blinken, y el canciller colombiano, \u00c1lvaro Leyva, y abordaron asuntos de inter\u00e9s para ambos pa\u00edses.<\/p>\n<div class=\"field-item odd\">\n<div class=\"content-titulo\">\n<div class=\"titulo\"><strong>Agenda<\/strong><\/div>\n<\/div>\n<\/div>\n<div class=\"field-item even\">\n<div class=\"entity entity-paragraphs-item paragraphs-item-descripcion\">\n<div class=\"content\">\n<div class=\"field field-name-field-descripcion field-type-text-long field-label-hidden\">\n<div class=\"field-items\">\n<div class=\"field-item even\">\n<ul>\n<li>Reuni\u00f3n con la presidenta Emerita, Nancy Pelosi, Miembro de la C\u00e1mara de Representantes de los Estados Unidos, se llevar\u00e1 a cabo a las 10:00 a.m. en Washington y 9:00 a.m. en Colombia.<\/li>\n<li>Otro de los encuentros ser\u00e1 con el Vicepresidente del Comit\u00e9 de Relaciones Exteriores del Senado,\u00a0Jim Risch a las 11:15 a.m. en Washington y 10:15 a.m. en Colombia.\n<ul>\n<li>Asimismo, se llevar\u00e1 a cabo otra reuni\u00f3n con el Comit\u00e9 de Relaciones Exteriores del Senado, Presidente Bob Men\u00e9ndez a las 12:00 p.m. en Washington y a las 11:00 a.m. \u00a0en Colombia.<\/li>\n<li>Gustavo Petro tendr\u00e1 un encuentro con presidente de los Estados Unidos, Joe Biden, a las 2:20 p.m. en Washingtom y 1:20 p.m. en Colombia.<\/li>\n<li>El presidente Petro y el mandatario de los Estados Unidos, Joe Biden, se reunir\u00e1 a las 2:30 p.m. (hora Washington) y 1:30 p.m. (hora Colombia).<\/li>\n<\/ul>\n<\/li>\n<\/ul>\n<p>En la Casa Blanca se espera que se encuentre la comitiva de Petro y algunos altos funcionarios de la Casa Blanca como el secretario de Estado Antony Blinken; Alejandro Mayorkas, secretario de Seguridad Nacional de los Estados Unidos;\u00a0\u00a0Chris Dodd, asesor especial para las Am\u00e9ricas; Jonathan Finer, viceconsejero de Seguridad Nacional de los Estados Unidos y el embajador encargado Francisco Palmieri.<\/p>\n<\/div>\n<\/div>\n<\/div>\n<\/div>\n<\/div>\n<\/div>","protected":false},"excerpt":{"rendered":"<p>El presidente Gustavo Petro se reunir\u00e1 con su hom\u00f3logo\u00a0Joe Biden\u00a0este jueves 20 de abril en la\u00a0Casa Blanca\u00a0(EE. UU.) para tratar temas relacionados con la paz, narcotr\u00e1fico, la crisis que se vive en Venezuela, crisis clim\u00e1tica y la generaci\u00f3n de energ\u00edas limpias de Latinoam\u00e9rica. Otro de los ejes tem\u00e1ticos que tocar\u00e1 el mandatario estadunidense\u00a0Biden est\u00e1 relacionado<\/p>","protected":false},"author":1,"featured_media":10972,"comment_status":"closed","ping_status":"closed","sticky":false,"template":"","format":"standard","meta":{"footnotes":""},"categories":[342,181],"tags":[],"class_list":["post-10971","post","type-post","status-publish","format-standard","has-post-thumbnail","hentry","category-news","category-noticias"],"views":27,"_links":{"self":[{"href":"https:\/\/www.amchambaq.com\/en\/wp-json\/wp\/v2\/posts\/10971","targetHints":{"allow":["GET"]}}],"collection":[{"href":"https:\/\/www.amchambaq.com\/en\/wp-json\/wp\/v2\/posts"}],"about":[{"href":"https:\/\/www.amchambaq.com\/en\/wp-json\/wp\/v2\/types\/post"}],"author":[{"embeddable":true,"href":"https:\/\/www.amchambaq.com\/en\/wp-json\/wp\/v2\/users\/1"}],"replies":[{"embeddable":true,"href":"https:\/\/www.amchambaq.com\/en\/wp-json\/wp\/v2\/comments?post=10971"}],"version-history":[{"count":1,"href":"https:\/\/www.amchambaq.com\/en\/wp-json\/wp\/v2\/posts\/10971\/revisions"}],"predecessor-version":[{"id":10973,"href":"https:\/\/www.amchambaq.com\/en\/wp-json\/wp\/v2\/posts\/10971\/revisions\/10973"}],"wp:featuredmedia":[{"embeddable":true,"href":"https:\/\/www.amchambaq.com\/en\/wp-json\/wp\/v2\/media\/10972"}],"wp:attachment":[{"href":"https:\/\/www.amchambaq.com\/en\/wp-json\/wp\/v2\/media?parent=10971"}],"wp:term":[{"taxonomy":"category","embeddable":true,"href":"https:\/\/www.amchambaq.com\/en\/wp-json\/wp\/v2\/categories?post=10971"},{"taxonomy":"post_tag","embeddable":true,"href":"https:\/\/www.amchambaq.com\/en\/wp-json\/wp\/v2\/tags?post=10971"}],"curies":[{"name":"wp","href":"https:\/\/api.w.org\/{rel}","templated":true}]}}