{"id":10968,"date":"2023-04-19T08:45:25","date_gmt":"2023-04-19T13:45:25","guid":{"rendered":"https:\/\/www.amchambaq.com\/?p=10968"},"modified":"2023-04-19T08:45:25","modified_gmt":"2023-04-19T13:45:25","slug":"el-crecimiento-de-la-economia-en-febrero-fue-de-298","status":"publish","type":"post","link":"https:\/\/www.amchambaq.com\/en\/el-crecimiento-de-la-economia-en-febrero-fue-de-298\/","title":{"rendered":"El crecimiento de la econom\u00eda en febrero fue de 2,98 %"},"content":{"rendered":"<p>As\u00ed lo dio a conocer del Departamento Administrativo Nacional de Estad\u00edstica (Dane).<\/p>\n<div id=\"body\" class=\"content-article size-m\">\n<p>El crecimiento anual de la econom\u00eda en febrero de este a\u00f1o fue de 2,98 % frente al mismo mes del a\u00f1o pasado, de acuerdo con los resultados del\u00a0<strong>Indicador de Seguimiento a la Econom\u00eda<\/strong>\u00a0(ISE) del Departamento Administrativo Nacional de Estad\u00edstica (Dane).<\/p>\n<\/div>\n<div id=\"paragraphs\" class=\"content-article paragraphs size-m\">\n<div class=\"field-collection-container clearfix\">\n<div class=\"field field-name-field-contenido-articulos-2 field-type-field-collection field-label-hidden\">\n<div class=\"field-item even\">\n<div class=\"field-collection-view clearfix view-mode-full field-collection-view-final\">\n<div>\n<div class=\"content\">\n<div class=\"paragraphs-items paragraphs-items-field-campos paragraphs-items-field-campos-full paragraphs-items-full\">\n<div class=\"field field-name-field-campos field-type-paragraphs field-label-hidden\">\n<div class=\"field-item even\">\n<div id=\"relacionado-body\">\n<div class=\"box-title\">\n<p>Por actividades, las primarias (aquellas que las conforma el agro y la<strong>\u00a0explotaci\u00f3n de minas y canteras<\/strong>) presentaron un decrecimiento de 2,23 % anual.<\/p>\n<p>Entre tanto, las\u00a0<strong>actividades\u00a0secundarias\u00a0<\/strong>que incluyen las industrias manufactureras subieron 2,57 %, mientras que las terciarias que la conforma el comercio, actividades financieras, informaci\u00f3n y comunicaciones crecieron un 3,78 %.<\/p>\n<p>Sin embargo, el comportamiento mensual mostr\u00f3 una cara negativa en la\u00a0<strong>econom\u00eda del pa\u00eds<\/strong>, ya que si se compara con enero del presente a\u00f1o, el decrecimiento fue de 1,5 %.<\/p>\n<p><strong>Un crecimiento moderado<\/strong><\/p>\n<p>Los analistas sostienen que la econom\u00eda colombiana muestra crecimientos m\u00e1s moderados y mantiene la tendencia a contraerse.<\/p>\n<p>\u201cEl reto es mantener el consumo y la productividad en los mejores niveles posibles, evitar que la inflaci\u00f3n distorsione los precios, dar certidumbre a los agentes econ\u00f3micos y que las reformas en curso no sobrecarguen el tejido empresarial y esto aumente la presi\u00f3n inflacionaria y desencadene el desempleo\u201d, manifest\u00f3 Mar\u00eda Claudia Lacouture, presidenta de la C\u00e1mara de Comercio Colombo Americana (AmCham Colombia).<\/p>\n<p>Por su parte, Daniel Velandia, jefe de Research y economista en jefe de Credicorp Capital, expres\u00f3 que los datos de febrero estuvieron en l\u00ednea con las expectativas de crecimiento.<\/p>\n<p>\u201cLa desaceleraci\u00f3n de la actividad econ\u00f3mica se est\u00e1 dando de una manera ordenada sin mayores traumatismos en sectores particulares de la econom\u00eda, lo cual es bastante positivo considerando que se han dado significativos desaf\u00edos durante los pr\u00f3ximos meses, particularmente en un contexto de desaceleraci\u00f3n econ\u00f3mica mundial y de muy alta inflaci\u00f3n que empieza a tener una afectaci\u00f3n m\u00e1s visible en hogares\u201d, dijo Velandia.<\/p>\n<p>Tomado de: El Heraldo<\/p>\n<\/div>\n<\/div>\n<\/div>\n<\/div>\n<\/div>\n<\/div>\n<\/div>\n<\/div>\n<\/div>\n<\/div>\n<\/div>\n<\/div>","protected":false},"excerpt":{"rendered":"<p>As\u00ed lo dio a conocer del Departamento Administrativo Nacional de Estad\u00edstica (Dane). El crecimiento anual de la econom\u00eda en febrero de este a\u00f1o fue de 2,98 % frente al mismo mes del a\u00f1o pasado, de acuerdo con los resultados del\u00a0Indicador de Seguimiento a la Econom\u00eda\u00a0(ISE) del Departamento Administrativo Nacional de Estad\u00edstica (Dane). Por actividades, las<\/p>","protected":false},"author":1,"featured_media":10969,"comment_status":"closed","ping_status":"closed","sticky":false,"template":"","format":"standard","meta":{"footnotes":""},"categories":[342,181],"tags":[],"class_list":["post-10968","post","type-post","status-publish","format-standard","has-post-thumbnail","hentry","category-news","category-noticias"],"views":35,"_links":{"self":[{"href":"https:\/\/www.amchambaq.com\/en\/wp-json\/wp\/v2\/posts\/10968","targetHints":{"allow":["GET"]}}],"collection":[{"href":"https:\/\/www.amchambaq.com\/en\/wp-json\/wp\/v2\/posts"}],"about":[{"href":"https:\/\/www.amchambaq.com\/en\/wp-json\/wp\/v2\/types\/post"}],"author":[{"embeddable":true,"href":"https:\/\/www.amchambaq.com\/en\/wp-json\/wp\/v2\/users\/1"}],"replies":[{"embeddable":true,"href":"https:\/\/www.amchambaq.com\/en\/wp-json\/wp\/v2\/comments?post=10968"}],"version-history":[{"count":1,"href":"https:\/\/www.amchambaq.com\/en\/wp-json\/wp\/v2\/posts\/10968\/revisions"}],"predecessor-version":[{"id":10970,"href":"https:\/\/www.amchambaq.com\/en\/wp-json\/wp\/v2\/posts\/10968\/revisions\/10970"}],"wp:featuredmedia":[{"embeddable":true,"href":"https:\/\/www.amchambaq.com\/en\/wp-json\/wp\/v2\/media\/10969"}],"wp:attachment":[{"href":"https:\/\/www.amchambaq.com\/en\/wp-json\/wp\/v2\/media?parent=10968"}],"wp:term":[{"taxonomy":"category","embeddable":true,"href":"https:\/\/www.amchambaq.com\/en\/wp-json\/wp\/v2\/categories?post=10968"},{"taxonomy":"post_tag","embeddable":true,"href":"https:\/\/www.amchambaq.com\/en\/wp-json\/wp\/v2\/tags?post=10968"}],"curies":[{"name":"wp","href":"https:\/\/api.w.org\/{rel}","templated":true}]}}