{"id":10964,"date":"2023-04-19T08:40:48","date_gmt":"2023-04-19T13:40:48","guid":{"rendered":"https:\/\/www.amchambaq.com\/?p=10964"},"modified":"2023-04-20T10:34:24","modified_gmt":"2023-04-20T15:34:24","slug":"barranquilla-nominada-como-mejor-destino-lider-en-turismo-de-reuniones","status":"publish","type":"post","link":"https:\/\/www.amchambaq.com\/en\/barranquilla-nominada-como-mejor-destino-lider-en-turismo-de-reuniones\/","title":{"rendered":"Barranquilla, nominada como mejor destino l\u00edder en turismo de reuniones"},"content":{"rendered":"<p>La capital del Atl\u00e1ntico obtuvo la nominaci\u00f3n por parte de los World Travel Awards.<\/p>\n<p>La ciudad de Barranquilla fue nominada por los&nbsp;<strong>World Travel Awards<\/strong>&nbsp;como destino l\u00edder en turismo de reuniones y destino l\u00edder en festivales.<\/p>\n<p>En esta categor\u00eda tambi\u00e9n&nbsp;<strong>fueron nominadas&nbsp;<\/strong>las ciudades de Bogot\u00e1 y Medell\u00edn.<\/p>\n<p>Entre tanto, Colombia qued\u00f3 nominada como destino suramericano l\u00edder para turismo, y<strong>&nbsp;tambi\u00e9n de aventura,&nbsp;<\/strong>de cruceros, gastron\u00f3mico, cultural, sostenible, de naturaleza, para el avistamiento de ballenas y para J\u00f3venes.<\/p>\n<p>El viceministro de Turismo, Arturo Bravo, destac\u00f3 que en el&nbsp;<strong>Gobierno se ha impulsado<\/strong>&nbsp;un turismo inclusivo, sostenible y resiliente, que vincula regiones ricas en diversidad natural y cultural.<\/p>\n<div class=\"field-item odd\">\n<div class=\"entity entity-paragraphs-item paragraphs-item-descripcion\">\n<div class=\"content\">\n<div class=\"field field-name-field-descripcion field-type-text-long field-label-hidden\">\n<div class=\"field-items\">\n<div class=\"field-item even\">\n<p>\u201cContamos con destinos \u00fanicos para conquistar los mercados internacionales, que nos&nbsp;<strong>permitir\u00e1n avanzar&nbsp;<\/strong>en la transici\u00f3n energ\u00e9tica hacia un desarrollo sostenible y productivo\u201d, expres\u00f3 Bravo.<\/p>\n<p>Para Carmen Caballero, presidenta de&nbsp;<strong>ProColombia<\/strong>, el pa\u00eds est\u00e1 en el radar internacional porque est\u00e1 mostrando una Colombia que tiene al turismo en el centro de su transformaci\u00f3n.<\/p>\n<p>\u201cEs una industria que aporta a la transici\u00f3n energ\u00e9tica y al cuidado y promoci\u00f3n de su sociedad y naturaleza\u201d, detall\u00f3 Caballero.<\/p>\n<\/div>\n<\/div>\n<\/div>\n<\/div>\n<\/div>\n<\/div>\n<div class=\"field-item even\">\n<div id=\"relacionado-body\">\n<div class=\"box-title\">\n<p>Hasta el 9 de julio se puede votar en&nbsp;<a href=\"https:\/\/www.worldtravelawards.com\/vote?utm_medium=email&amp;utm_campaign=2023%20Nominee%20Notification%20Caribbean%20%20The%20Americas&amp;utm_content=2023%20Nominee%20Notification%20Caribbean%20%20The%20Americas+CID_bd7a8d87da119f5a535b0d5246a11b6e&amp;utm_source=mailshot&amp;utm_term=Voting\" rel=\"nofollow\">https:\/\/bit.ly\/3KC5TQ9<\/a>&nbsp;por Colombia para las nueve categor\u00edas de pa\u00edses en las que qued\u00f3 nominado para los World Travel Awards que se llevar\u00e1n a cabo el 26 de agosto en la isla de Santa Luc\u00eda.<\/p>\n<p>Adem\u00e1s, se puede votar por diferentes ciudades colombianas y hoteles, entre otros nominados, en&nbsp;<strong>19 categor\u00edas adicionales.<\/strong><\/p>\n<p>La versi\u00f3n de los premios, que cumplen 30 a\u00f1os, ser\u00e1 solo para destinos de las Am\u00e9ricas y el Caribe.<\/p>\n<p>Tomado de: El Heraldo<\/p>\n<\/div>\n<\/div>\n<\/div>","protected":false},"excerpt":{"rendered":"<p>La capital del Atl\u00e1ntico obtuvo la nominaci\u00f3n por parte de los World Travel Awards. La ciudad de Barranquilla fue nominada por los&nbsp;World Travel Awards&nbsp;como destino l\u00edder en turismo de reuniones y destino l\u00edder en festivales. En esta categor\u00eda tambi\u00e9n&nbsp;fueron nominadas&nbsp;las ciudades de Bogot\u00e1 y Medell\u00edn. Entre tanto, Colombia qued\u00f3 nominada como destino suramericano l\u00edder para<\/p>","protected":false},"author":1,"featured_media":10965,"comment_status":"closed","ping_status":"closed","sticky":false,"template":"","format":"standard","meta":{"footnotes":""},"categories":[342,181],"tags":[],"class_list":["post-10964","post","type-post","status-publish","format-standard","has-post-thumbnail","hentry","category-news","category-noticias"],"views":42,"_links":{"self":[{"href":"https:\/\/www.amchambaq.com\/en\/wp-json\/wp\/v2\/posts\/10964","targetHints":{"allow":["GET"]}}],"collection":[{"href":"https:\/\/www.amchambaq.com\/en\/wp-json\/wp\/v2\/posts"}],"about":[{"href":"https:\/\/www.amchambaq.com\/en\/wp-json\/wp\/v2\/types\/post"}],"author":[{"embeddable":true,"href":"https:\/\/www.amchambaq.com\/en\/wp-json\/wp\/v2\/users\/1"}],"replies":[{"embeddable":true,"href":"https:\/\/www.amchambaq.com\/en\/wp-json\/wp\/v2\/comments?post=10964"}],"version-history":[{"count":2,"href":"https:\/\/www.amchambaq.com\/en\/wp-json\/wp\/v2\/posts\/10964\/revisions"}],"predecessor-version":[{"id":10967,"href":"https:\/\/www.amchambaq.com\/en\/wp-json\/wp\/v2\/posts\/10964\/revisions\/10967"}],"wp:featuredmedia":[{"embeddable":true,"href":"https:\/\/www.amchambaq.com\/en\/wp-json\/wp\/v2\/media\/10965"}],"wp:attachment":[{"href":"https:\/\/www.amchambaq.com\/en\/wp-json\/wp\/v2\/media?parent=10964"}],"wp:term":[{"taxonomy":"category","embeddable":true,"href":"https:\/\/www.amchambaq.com\/en\/wp-json\/wp\/v2\/categories?post=10964"},{"taxonomy":"post_tag","embeddable":true,"href":"https:\/\/www.amchambaq.com\/en\/wp-json\/wp\/v2\/tags?post=10964"}],"curies":[{"name":"wp","href":"https:\/\/api.w.org\/{rel}","templated":true}]}}