{"id":10619,"date":"2023-02-16T10:28:11","date_gmt":"2023-02-16T15:28:11","guid":{"rendered":"https:\/\/www.amchambaq.com\/?p=10619"},"modified":"2023-02-16T10:28:11","modified_gmt":"2023-02-16T15:28:11","slug":"barranquilla-cerro-el-ano-pasado-con-una-mas-baja-de-tasa-de-desempleo-de-104","status":"publish","type":"post","link":"https:\/\/www.amchambaq.com\/en\/barranquilla-cerro-el-ano-pasado-con-una-mas-baja-de-tasa-de-desempleo-de-104\/","title":{"rendered":"Barranquilla cerr\u00f3 el a\u00f1o pasado con una m\u00e1s baja de tasa de desempleo de 10,4%"},"content":{"rendered":"<p>La inflaci\u00f3n en la capital del Atl\u00e1ntico lleg\u00f3 a 14,11% en 2022, dato que fue impulsado por el encarecimiento de los alimentos<\/p>\n<p>Las cifras macroecon\u00f3micas de Barranquilla con corte a diciembre del a\u00f1o pasado fueron positivas, pues hubo varios crecimientos en los principales indicadores. Seg\u00fan las entidades, la capital de Atl\u00e1ntico avanz\u00f3 en varios aspectos econ\u00f3micos, aunque a\u00fan adolece los problemas del pa\u00eds en general, como la inflaci\u00f3n, el desempleo y la informalidad.<\/p>\n<div class=\"relatedNews\">\n<header><strong>La tasa de desempleo fue de 10,4% (octubre-diciembre) en Barranquilla (sin su \u00c1rea Metropolitana) al cierre de 2022, un dato que a finales de 2021 se ubicaba en 12,8%<\/strong>, lo que representa una ca\u00edda de 2,4 puntos porcentuales. Sumando el \u00c1rea Metropolitana, el\u00a0<u>desempleo<\/u>\u00a0fue de 11,2%, cifra que est\u00e1 por encima del \u00faltimo dato total nacional de diciembre (10,3%).<\/header>\n<\/div>\n<header>Aunque estos niveles en doble d\u00edgito, son preocupantes, Juan Manuel Alvarado, gerente de Ciudad de la Alcald\u00eda de Barranquilla, dijo que el n\u00famero de ocupados en la capital de Atl\u00e1ntico y Soledad pas\u00f3 de 835.000 en 2021 a 910.000 a 2022.<\/p>\n<p>Andr\u00e9s Vargas, director del departamento de Econom\u00eda de la Universidad del Norte, asegur\u00f3 que la reducci\u00f3n del desempleo es \u201cel reflejo del proceso de recuperaci\u00f3n econ\u00f3mica, en buena medida jalonado por el desempe\u00f1o de la industria\u201d.\u00a0<strong>En informalidad, la ciudad ocupa el d\u00e9cimo lugar a nivel nacional con 59,7%, dos puntos por encima de la cifra general (57,8%).<\/strong><\/p>\n<p>Otro de los factores econ\u00f3micos determinantes para medir a Barranquilla es la\u00a0<u>inflaci\u00f3n<\/u>. La variaci\u00f3n mensual del \u00cdndice de Precios al Consumidor (IPC) para enero fue de 1,61% en la ciudad, lo cual est\u00e1 ligeramente por debajo del total nacional, que alcanz\u00f3 1,78%. Sin embargo,\u00a0<strong>la variaci\u00f3n anual del indicador en Barranquilla, con corte a enero, reflej\u00f3 un encarecimiento del costo de vida de 14,11%, arriba del promedio nacional (13,25%). \u201cAl igual que el resto del pa\u00eds, la inflaci\u00f3n de alimentos fue la m\u00e1s alta y lleg\u00f3 a 26,8%<\/strong>. Es importante indicar que para las dem\u00e1s categor\u00edas de gasto tambi\u00e9n se presentaron registros altos de inflaci\u00f3n, a excepci\u00f3n del rubro informaci\u00f3n y comunicaci\u00f3n\u201d, asegur\u00f3 Vargas.<\/p>\n<div class=\"news lr-barranquilla-especialesSect\">\n<div class=\"html-content\">\n<p><strong>Seg\u00fan el economista, en Barranquilla, as\u00ed como en el resto de Colombia, el efecto inflacionario no se ve representado solo en los alimentos, sino que ha tomado un car\u00e1cter m\u00e1s general.<\/strong>\u00a0Se espera que haya una moderaci\u00f3n en el alza de precios al cierre del a\u00f1o, \u201ctoda vez que el gasto de los hogares y empresas empieza a verse afectado por los altos precios y las perspectivas de desaceleraci\u00f3n econ\u00f3mica, as\u00ed como por el incremento en las tasas de inter\u00e9s producto de las decisiones del Emisor\u201d, dijo Vargas.<\/p>\n<p>La C\u00e1mara de Comercio de Barranquilla destac\u00f3 en su \u00faltimo informe que Barranquilla y Atl\u00e1ntico han crecido a \u201critmos acelerados\u201d. La condici\u00f3n de vida de los habitantes ha tenido entornos m\u00e1s favorables: hubo una disminuci\u00f3n de la pobreza monetaria de 38% en 2012 a 27,3% en 2019, una reducci\u00f3n de 10,7 puntos porcentuales. Asimismo, la \u00faltima medici\u00f3n del \u00cdndice Mensual Econ\u00f3mico Distrital arroj\u00f3 una variaci\u00f3n de 2,3% del PIB de la ciudad.<\/p>\n<\/div>\n<\/div>\n<\/header>\n<div class=\"mt-5\">Tomado de : La republica<\/div>","protected":false},"excerpt":{"rendered":"<p>La inflaci\u00f3n en la capital del Atl\u00e1ntico lleg\u00f3 a 14,11% en 2022, dato que fue impulsado por el encarecimiento de los alimentos Las cifras macroecon\u00f3micas de Barranquilla con corte a diciembre del a\u00f1o pasado fueron positivas, pues hubo varios crecimientos en los principales indicadores. Seg\u00fan las entidades, la capital de Atl\u00e1ntico avanz\u00f3 en varios aspectos<\/p>","protected":false},"author":1,"featured_media":10620,"comment_status":"closed","ping_status":"closed","sticky":false,"template":"","format":"standard","meta":{"footnotes":""},"categories":[342,181],"tags":[],"class_list":["post-10619","post","type-post","status-publish","format-standard","has-post-thumbnail","hentry","category-news","category-noticias"],"views":64,"_links":{"self":[{"href":"https:\/\/www.amchambaq.com\/en\/wp-json\/wp\/v2\/posts\/10619","targetHints":{"allow":["GET"]}}],"collection":[{"href":"https:\/\/www.amchambaq.com\/en\/wp-json\/wp\/v2\/posts"}],"about":[{"href":"https:\/\/www.amchambaq.com\/en\/wp-json\/wp\/v2\/types\/post"}],"author":[{"embeddable":true,"href":"https:\/\/www.amchambaq.com\/en\/wp-json\/wp\/v2\/users\/1"}],"replies":[{"embeddable":true,"href":"https:\/\/www.amchambaq.com\/en\/wp-json\/wp\/v2\/comments?post=10619"}],"version-history":[{"count":1,"href":"https:\/\/www.amchambaq.com\/en\/wp-json\/wp\/v2\/posts\/10619\/revisions"}],"predecessor-version":[{"id":10621,"href":"https:\/\/www.amchambaq.com\/en\/wp-json\/wp\/v2\/posts\/10619\/revisions\/10621"}],"wp:featuredmedia":[{"embeddable":true,"href":"https:\/\/www.amchambaq.com\/en\/wp-json\/wp\/v2\/media\/10620"}],"wp:attachment":[{"href":"https:\/\/www.amchambaq.com\/en\/wp-json\/wp\/v2\/media?parent=10619"}],"wp:term":[{"taxonomy":"category","embeddable":true,"href":"https:\/\/www.amchambaq.com\/en\/wp-json\/wp\/v2\/categories?post=10619"},{"taxonomy":"post_tag","embeddable":true,"href":"https:\/\/www.amchambaq.com\/en\/wp-json\/wp\/v2\/tags?post=10619"}],"curies":[{"name":"wp","href":"https:\/\/api.w.org\/{rel}","templated":true}]}}