{"id":10573,"date":"2023-02-13T09:51:41","date_gmt":"2023-02-13T14:51:41","guid":{"rendered":"https:\/\/www.amchambaq.com\/?p=10573"},"modified":"2023-02-13T09:51:41","modified_gmt":"2023-02-13T14:51:41","slug":"como-afecta-la-inflacion-y-la-devaluacion-a-la-exportacion-de-flores","status":"publish","type":"post","link":"https:\/\/www.amchambaq.com\/en\/como-afecta-la-inflacion-y-la-devaluacion-a-la-exportacion-de-flores\/","title":{"rendered":"C\u00f3mo afecta la inflaci\u00f3n y la devaluaci\u00f3n a la exportaci\u00f3n de flores"},"content":{"rendered":"<p>Augusto Solano, presidente de Asocolflores, manifest\u00f3 que el sector ha tenido un crecimiento de m\u00e1s del 20%.<\/p>\n<p id=\"p578364-m152-151-153\" class=\"parrafo first-parrafo\">Las flores son el segundo producto agr\u00edcola de exportaci\u00f3n de Colombia, despu\u00e9s del caf\u00e9. En esta ocasi\u00f3n Augusto Solano, presidente de Asocolflores, en entrevista con Portafolio habl\u00f3 sobre el balance del sector, los 50 a\u00f1os que cumplieron y el negocio del comercio internacional en v\u00edsperas de San Valent\u00edn.<\/p>\n<p>&nbsp;<\/p>\n<p id=\"p578364-m214-3-215\" class=\"parrafo\"><b>\u00bfC\u00f3mo les fue en exportaciones?<\/b><\/p>\n<p id=\"p578364-m220-4-221\" class=\"parrafo\">Este es un sector muy din\u00e1mico que responde a muchas de las circunstancias que ocurren en el mundo. La floricultura ha venido creciendo entre un 3% y 5%. Nos afect\u00f3 la pandemia porque las exportaciones bajaron un 5%. Pero los dos \u00faltimos a\u00f1os hemos tenido un crecimiento cercano al 20%. Por esta raz\u00f3n, el a\u00f1o pasado cerramos con unas exportaciones de US$2.052 millones.<\/p>\n<p id=\"p578364-m226-5-227\" class=\"parrafo\"><b>\u00bfCu\u00e1l fue volumen de exportaci\u00f3n en 2022?<\/b><\/p>\n<p id=\"p578364-m232-6-233\" class=\"parrafo\">El volumen cerr\u00f3 en 320.000 toneladas. Frente a las proyecciones es muy dif\u00edcil saber, pero considero que si logramos lo mismo en 2023 nos damos por bien servidos, porque la situaci\u00f3n del mundo de inflaci\u00f3n y recesi\u00f3n es un reto para un producto de estos que no es de primera necesidad y que es del ingreso disponible.<\/p>\n<p id=\"p578364-m238-7-239\" class=\"parrafo\">Sin embargo, en algunos mercados como en Europa las flores son algo que compran con su mercado, porque lo necesitan en sus casas. Ojal\u00e1 fuera as\u00ed en otras partes. Pero tenemos incertidumbre para poder lograr eso.<\/p>\n<p id=\"p578364-m244-8-245\" class=\"parrafo\"><b>\u00bfCu\u00e1les son los principales destinos?<\/b><\/p>\n<p id=\"p578364-m250-9-251\" class=\"parrafo\">El principal mercado es Estados Unidos, con un peso del 80% y el 20% restante va a 100 pa\u00edses. Entre esos se destacan Jap\u00f3n, Canad\u00e1, Corea del Sur y Reino Unido.<\/p>\n<p id=\"p578364-m256-10-257\" class=\"parrafo\"><b>\u00bfY en especies, qu\u00e9 exportan?<\/b><\/p>\n<p id=\"p578364-m262-11-263\" class=\"parrafo\">Colombia tiene una caracter\u00edstica y es su variedad. Tenemos 40 especies, 1.200 variedades y las principales son rosa, clavel, crisantemo, astromelia y \u00faltimamente hortensia.<\/p>\n<p id=\"p578364-m268-12-269\" class=\"parrafo\"><b>\u00bfQu\u00e9 pasa con los costos log\u00edsticos?<\/b><\/p>\n<p id=\"p578364-m274-13-275\" class=\"parrafo\">Del valor de una flor puesta en el lugar de destino, aproximadamente entre el 30% y el 40% es transporte.<\/p>\n<p id=\"p578364-m280-14-281\" class=\"parrafo\"><b>Usted pertenece a varias juntas internacionales, \u00bfc\u00f3mo ven el mercado colombiano?<\/b><\/p>\n<p id=\"p578364-m286-15-287\" class=\"parrafo\">Nuestro pa\u00eds es un jugador y proveedor de flores sumamente importante, muy reconocido y muy respetado, no solo por la calidad de las flores, sino por la seriedad de los floricultores.<\/p>\n<p id=\"p578364-m292-16-293\" class=\"parrafo\">Y realmente, esa es la \u00fanica manera de mantener los mercados, porque si los compradores reciben productos de buena calidad y no lo hacen a tiempo, no vuelven a comprar.<\/p>\n<p id=\"p578364-m298-17-299\" class=\"parrafo\"><b>Rusia es uno de los mercado a los que ingresan las flores,\u00a0\u00bfc\u00f3mo est\u00e1 la situaci\u00f3n?<\/b><\/p>\n<p id=\"p578364-m304-18-305\" class=\"parrafo\">A Rusia solo export\u00e1bamos el 3% de lo nuestro, si cay\u00f3 pero no tuvo un impacto muy grande, como el que s\u00ed tuvo Ecuador que exportaba el 30%, entonces esas flores ha tocado reubicarlas en otros mercados.<\/p>\n<p id=\"p578364-m336-20-337\" class=\"parrafo\"><b>\u00bfY qu\u00e9 expectativas tienen de San Valent\u00edn?<\/b><\/p>\n<p id=\"p578364-m342-21-343\" class=\"parrafo\">Esperamos que se comporte como siempre, exportando muchos m\u00e1s que en el a\u00f1o, junto con el d\u00eda de la madre.<\/p>\n<p id=\"p578364-m348-22-349\" class=\"parrafo\"><b>\u00bfLos afecta o beneficia la devaluaci\u00f3n?<\/b><\/p>\n<p id=\"p578364-m354-23-355\" class=\"parrafo\">Nos ha servido para compensar el incremento en costos de los fertilizantes, algunos productos importados y el costo de la mano de obra.<\/p>\n<p id=\"p578364-m360-24-361\" class=\"parrafo\"><b>\u00bfY la inflaci\u00f3n?<\/b><\/p>\n<p id=\"p578364-m366-25-367\" class=\"parrafo\">Nos impacta en los salarios, con el incremento del salario m\u00ednimo porque el 50% de los costos de operaci\u00f3n son manos de obra. El empaque ha subido mucho y el transporte.<\/p>\n<p id=\"p578364-m372-26-373\" class=\"parrafo\"><b>\u00bfC\u00f3mo va el empleo en el sector?<\/b><\/p>\n<p id=\"p578364-m378-27-379\" class=\"parrafo\">Este es un sector que da empleo formal con aportes de pensi\u00f3n, de salud y las empresas en muchas ocasiones van m\u00e1s all\u00e1 y dan ayudas en educaci\u00f3n y vivienda.<\/p>\n<p id=\"p578364-m384-28-385\" class=\"parrafo\">Creemos que en un pa\u00eds donde la mitad de los trabajadores son informales y el 80% en el campo lo son, el sector de la floricultura con solo 10.000 hect\u00e1reas ya genera 200.000 empleos entre directos e indirectos. No se trata solo de las divisas.<\/p>\n<p>Tomado de: Portafolio<\/p>\n<div id=\"div-gpt-ad-1628519221454-0\" class=\"ad-display\" data-ad-unit-name=\"inread\" data-google-query-id=\"CM7UkpDfkv0CFZYG0AQdnlgLkA\"><\/div>","protected":false},"excerpt":{"rendered":"<p>Augusto Solano, presidente de Asocolflores, manifest\u00f3 que el sector ha tenido un crecimiento de m\u00e1s del 20%. Las flores son el segundo producto agr\u00edcola de exportaci\u00f3n de Colombia, despu\u00e9s del caf\u00e9. En esta ocasi\u00f3n Augusto Solano, presidente de Asocolflores, en entrevista con Portafolio habl\u00f3 sobre el balance del sector, los 50 a\u00f1os que cumplieron y<\/p>","protected":false},"author":1,"featured_media":10574,"comment_status":"closed","ping_status":"closed","sticky":false,"template":"","format":"standard","meta":{"footnotes":""},"categories":[342,181],"tags":[],"class_list":["post-10573","post","type-post","status-publish","format-standard","has-post-thumbnail","hentry","category-news","category-noticias"],"views":51,"_links":{"self":[{"href":"https:\/\/www.amchambaq.com\/en\/wp-json\/wp\/v2\/posts\/10573","targetHints":{"allow":["GET"]}}],"collection":[{"href":"https:\/\/www.amchambaq.com\/en\/wp-json\/wp\/v2\/posts"}],"about":[{"href":"https:\/\/www.amchambaq.com\/en\/wp-json\/wp\/v2\/types\/post"}],"author":[{"embeddable":true,"href":"https:\/\/www.amchambaq.com\/en\/wp-json\/wp\/v2\/users\/1"}],"replies":[{"embeddable":true,"href":"https:\/\/www.amchambaq.com\/en\/wp-json\/wp\/v2\/comments?post=10573"}],"version-history":[{"count":1,"href":"https:\/\/www.amchambaq.com\/en\/wp-json\/wp\/v2\/posts\/10573\/revisions"}],"predecessor-version":[{"id":10575,"href":"https:\/\/www.amchambaq.com\/en\/wp-json\/wp\/v2\/posts\/10573\/revisions\/10575"}],"wp:featuredmedia":[{"embeddable":true,"href":"https:\/\/www.amchambaq.com\/en\/wp-json\/wp\/v2\/media\/10574"}],"wp:attachment":[{"href":"https:\/\/www.amchambaq.com\/en\/wp-json\/wp\/v2\/media?parent=10573"}],"wp:term":[{"taxonomy":"category","embeddable":true,"href":"https:\/\/www.amchambaq.com\/en\/wp-json\/wp\/v2\/categories?post=10573"},{"taxonomy":"post_tag","embeddable":true,"href":"https:\/\/www.amchambaq.com\/en\/wp-json\/wp\/v2\/tags?post=10573"}],"curies":[{"name":"wp","href":"https:\/\/api.w.org\/{rel}","templated":true}]}}