{"id":10524,"date":"2023-02-07T08:14:11","date_gmt":"2023-02-07T13:14:11","guid":{"rendered":"https:\/\/www.amchambaq.com\/?p=10524"},"modified":"2023-02-07T08:14:11","modified_gmt":"2023-02-07T13:14:11","slug":"arancel-a-importaciones-una-medida-viable-para-la-moda-colombiana","status":"publish","type":"post","link":"https:\/\/www.amchambaq.com\/en\/arancel-a-importaciones-una-medida-viable-para-la-moda-colombiana\/","title":{"rendered":"Arancel a importaciones, \u00bfuna medida viable para la moda colombiana?"},"content":{"rendered":"<p>El decreto entr\u00f3 en vigencia el 7 de enero de 2023. EL HERALDO convers\u00f3 con empresarios, abogados y representantes de agremiaciones sobre la situaci\u00f3n.<\/p>\n<div id=\"body\" class=\"content-article size-m\">\n<p dir=\"ltr\">En el Decreto 2598 de diciembre del a\u00f1o pasado el Gobierno nacional orden\u00f3 modificar parcialmente el arancel aduanero para la importaci\u00f3n de confecciones, unificando en 40 %\u00a0 el gravamen para las prendas, independientemente del umbral arancelario por kilogramo que estaba establecido en el anterior decreto de 2021.<\/p>\n<\/div>\n<div id=\"paragraphs\" class=\"content-article paragraphs size-m\">\n<div class=\"field-collection-container clearfix\">\n<div class=\"field field-name-field-contenido-articulos-2 field-type-field-collection field-label-hidden\">\n<div class=\"field-item even\">\n<div class=\"field-collection-view clearfix view-mode-full field-collection-view-final\">\n<div>\n<div class=\"content\">\n<div class=\"paragraphs-items paragraphs-items-field-campos paragraphs-items-field-campos-full paragraphs-items-full\">\n<div class=\"field field-name-field-campos field-type-paragraphs field-label-hidden\">\n<div class=\"field-item even\">\n<div class=\"entity entity-paragraphs-item paragraphs-item-descripcion\">\n<div class=\"content\">\n<div class=\"field field-name-field-descripcion field-type-text-long field-label-hidden\">\n<div class=\"field-items\">\n<div class=\"field-item even\">\n<p>El arancel que reg\u00eda para el sector era consecuente con el valor de las importaciones. De esta manera los productos declarados con un precio igual o inferior a los USD10 por kilogramo bruto ya ten\u00edan una tasa de 40 %, en tanto que los productos declarados con un valor superior a USD10 por kilo bruto pagaban un 15 %.<\/p>\n<p>Lo que pretende el Gobierno con la modificaci\u00f3n o unificaci\u00f3n del impuesto \u2013dice el Decreto 2598\u2013 es \u201cimpulsar un equilibrio en el comercio internacional, una mayor generaci\u00f3n de valor agregado, la competitividad, el empleo, en especial los femeninos, y en la productividad de la industria nacional de las confecciones\u201d . En ese sentido, durante la pasada edici\u00f3n de Colombiatex en Medell\u00edn, diversas voces del sector de la moda y las confecciones expresaron a EL HERALDO el impacto que puede tener la medida.<\/p>\n<\/div>\n<\/div>\n<\/div>\n<\/div>\n<\/div>\n<\/div>\n<div class=\"field-item odd\">\n<div class=\"shares\"><\/div>\n<div class=\"content-titulo\">\n<div class=\"titulo\">Lograr unidad de gremios<\/div>\n<\/div>\n<\/div>\n<div class=\"field-item even\">\n<div class=\"entity entity-paragraphs-item paragraphs-item-descripcion\">\n<div class=\"content\">\n<div class=\"field field-name-field-descripcion field-type-text-long field-label-hidden\">\n<div class=\"field-items\">\n<div class=\"field-item even\">\n<p><strong>Sebasti\u00e1n Diez,<\/strong>\u00a0presidente de Inexmoda, mencion\u00f3 que si bien la medida busca proteger e impulsar la industria colombiana uno de los\u00a0<strong>mayores retos<\/strong>\u00a0a los cuales se enfrenta es el de lograr unidad en agremiaciones.<\/p>\n<p>\u201cLas nuevas variaciones en los aranceles pueden representar una\u00a0<strong>ventaja competitiva<\/strong>\u00a0dentro del consumo local; sin embargo, esto debe estar soportado a la unidad de las agremiaciones. Actualmente existen much\u00edsimas agrupaciones que representan sectores espec\u00edficos de la industria y esto por ocasiones puede complicarse con base en la necesidad de unificar criterios dentro del cl\u00faster nacional\u201d.<\/p>\n<p>Por otra parte, Diez aclar\u00f3 que este impuesto est\u00e1 previsto exclusivamente para prendas terminadas.<\/p>\n<p>\u201cLa medida lo que busca es brindar protecci\u00f3n al empresario colombiano y es claro que este impuesto solo aplica para prendas terminadas, por lo que la compra de insumos estar\u00e1 libre de este arancel\u201d, manifest\u00f3 el presidente de\u00a0<strong>Inexmoda.<\/strong><\/p>\n<\/div>\n<\/div>\n<\/div>\n<\/div>\n<\/div>\n<\/div>\n<div class=\"field-item odd\">\n<div class=\"shares\"><\/div>\n<div class=\"content-titulo\">\n<div class=\"titulo\">Un sector de Pymes<\/div>\n<\/div>\n<\/div>\n<div class=\"field-item even\">\n<div class=\"entity entity-paragraphs-item paragraphs-item-descripcion\">\n<div class=\"content\">\n<div class=\"field field-name-field-descripcion field-type-text-long field-label-hidden\">\n<div class=\"field-items\">\n<div class=\"field-item even\">\n<p><strong>Juliana Villegas<\/strong>, vicepresidenta de exportaciones de<strong>\u00a0Procolombia,\u00a0<\/strong>tambi\u00e9n se refiri\u00f3 a la situaci\u00f3n comentando que \u201cen Colombia el 85 % de las empresas que est\u00e1n en el sector moda corresponden al segmento de peque\u00f1as y medianas industrias, y no poseen las capacidades para competir en estos grandes mercados. Por ello, la medida podr\u00eda suponer una ventaja\u201d.<\/p>\n<p>Por otra parte, Villegas explic\u00f3 que esta medida, que entr\u00f3 en vigencia el 7 de enero de este a\u00f1o, como todas las pol\u00edticas p\u00fablicas debe estar sujeta a un periodo de prueba para ver cu\u00e1les son los resultados que arroja.<\/p>\n<p>\u201cEn Procolombia creemos en un mercado equilibrado y competitivo, y dentro de esta perspectiva el\u00a0<strong>Mincomercio<\/strong>\u00a0tendr\u00e1 que hacer la vigilancia. Adem\u00e1s, si bien es verdad que el mercado nacional se fortalecer\u00e1, tambi\u00e9n es importante reconocer que no se pueden descuidar los mercados internacionales que la industria colombiana ha ganado con tanto esfuerzo\u201d, sostuvo la directiva de Procolombia.<\/p>\n<p>&nbsp;<\/p>\n<\/div>\n<\/div>\n<\/div>\n<\/div>\n<\/div>\n<\/div>\n<div class=\"field-item odd\">\n<div class=\"shares\"><\/div>\n<div class=\"content-titulo\">\n<div class=\"titulo\">Una industria competitiva<\/div>\n<\/div>\n<\/div>\n<div class=\"field-item even\">\n<div class=\"entity entity-paragraphs-item paragraphs-item-descripcion\">\n<div class=\"content\">\n<div class=\"field field-name-field-descripcion field-type-text-long field-label-hidden\">\n<div class=\"field-items\">\n<div class=\"field-item even\">\n<p><strong>Mario Hern\u00e1ndez<\/strong>, empresario colombiano del sector moda, se refiri\u00f3 al tema como una puerta abierta para aumentar el contrabando y la econom\u00eda informal.<\/p>\n<p>\u201cEste arancel aplica para los pa\u00edses con los cuales no tenemos\u00a0<strong>TLC<\/strong>\u00a0vigente, lo cual puede terminar siendo una oportunidad para aumentar el contrabando y la econom\u00eda informal. En Colombia gran parte de la industria se mueve desde peque\u00f1os talleres que no terminan de ser empresas realmente constituidas y por consiguiente no poseen ni las capacidades, ni los recursos, ni la preparaci\u00f3n necesaria para asumir los retos de un mercado tan competitivo\u201d, puntualiz\u00f3.<\/p>\n<p>Otra de las cosas en las que Hern\u00e1ndez recalc\u00f3 fue en la necesidad de hacer que la industria colombiana sea competitiva.<\/p>\n<p>\u201cM\u00e1s all\u00e1 de una pol\u00edtica de proteccionismo necesitamos abrirnos al mundo, pero hacerlo con\u00a0 un factor diferencial, ofreciendo calidad y dise\u00f1o que sea atractivo para el consumidor y esto se logra con tecnolog\u00eda y capacitaci\u00f3n. Mientras que en pa\u00edses como\u00a0<strong>China<\/strong>\u00a0los impuestos corresponden a un 30 %, en Colombia se paga un 60 %, lo que dificulta el fortalecimiento del sector\u201d.<\/p>\n<p>Por \u00faltimo, seg\u00fan inform\u00f3 recientemente el<strong>\u00a0Gobierno nacional,<\/strong>\u00a0la medida estar\u00eda pr\u00f3xima a entrar a un per\u00edodo de verificaci\u00f3n de viabilidad.<\/p>\n<\/div>\n<\/div>\n<\/div>\n<\/div>\n<\/div>\n<\/div>\n<div class=\"field-item odd\">\n<div class=\"shares\"><\/div>\n<div class=\"content-titulo\">\n<div class=\"titulo\">Desde el sector textil<\/div>\n<\/div>\n<\/div>\n<div class=\"field-item even\">\n<div class=\"entity entity-paragraphs-item paragraphs-item-descripcion\">\n<div class=\"content\">\n<div class=\"field field-name-field-descripcion field-type-text-long field-label-hidden\">\n<div class=\"field-items\">\n<div class=\"field-item even\">\n<p><strong>Gustavo Lenis,<\/strong>\u00a0presidente de la\u00a0<strong>textilera Fabricato,<\/strong>\u00a0no estuvo de acuerdo con el decreto que fij\u00f3 el Gobierno Nacional en el que se establece un arancel de 40 % para las confecciones importadas.<\/p>\n<p>\u201cNosotros no podemos pensar en un arancel fijo proteccionista para toda la cadena, y olvidarnos que hay un inter\u00e9s importante por reactivar el cultivo del algod\u00f3n y que las f\u00e1bricas textiles tambi\u00e9n juegan un papel importante dentro de esta cadena\u201d, asever\u00f3.<\/p>\n<p>La industria textil tiene en la actualidad grandes retos, por eso Lenis destac\u00f3 que, \u201cPara Fabricato es una pena que Coltejer deje de operar. Son las dos compa\u00f1\u00edas que lideraron la creaci\u00f3n del cluster textil en Antioquia, que ha venido desapareciendo. No solamente Coltejer, tambi\u00e9n Riotex y tambi\u00e9n Pantex\u201d.<\/p>\n<\/div>\n<\/div>\n<\/div>\n<\/div>\n<\/div>\n<\/div>\n<div class=\"field-item odd\">\n<div class=\"shares\"><\/div>\n<div class=\"content-titulo\">\n<div class=\"titulo\">Una medida que unifica impuestos<\/div>\n<\/div>\n<\/div>\n<div class=\"field-item even\">\n<div class=\"entity entity-paragraphs-item paragraphs-item-descripcion\">\n<div class=\"content\">\n<div class=\"field field-name-field-descripcion field-type-text-long field-label-hidden\">\n<div class=\"field-items\">\n<div class=\"field-item even\">\n<p><strong>Mar\u00eda Juliana Mar\u00edn<\/strong>, abogada especialista en derecho de la moda, dijo que esta era una medida ya existente en Colombia, y lo que pas\u00f3 fue un proceso de unificaci\u00f3n.<\/p>\n<p>\u201cAnte la entrada en vigencia de esta medida muchas personas se han sorprendido; sin embargo, lo que no saben es que estos impuestos ya exist\u00edan en el mercado, lo que hizo este nuevo decreto fue unificar las cantidades a las que se les aplica el impuesto\u201d.<\/p>\n<p>Para los que creen que ante la medida muchas marcas extranjeras se van a ir del pa\u00eds, Mar\u00edn explic\u00f3 que este impuesto extra llega a traer nuevas reglas en el juego del comercio de la moda; no obstante, \u201clas marcas no se van a ir del pa\u00eds, hay muchas de ellas que ya poseen acuerdos arancelarios y otras que en perspectiva de demanda les sigue siendo rentable permanecer con sus negocios en Colombia\u201d.<\/p>\n<p>La medida de la<strong>\u00a0C\u00e1mara Colombiana de las Confecciones,<\/strong>\u00a0seg\u00fan ella, finalmente busca promover el consumo de producto local.<\/p>\n<\/div>\n<p>Tomado de: El Heraldo<\/p>\n<\/div>\n<\/div>\n<\/div>\n<\/div>\n<\/div>\n<\/div>\n<\/div>\n<\/div>\n<\/div>\n<\/div>\n<\/div>\n<\/div>\n<\/div>\n<\/div>","protected":false},"excerpt":{"rendered":"<p>El decreto entr\u00f3 en vigencia el 7 de enero de 2023. EL HERALDO convers\u00f3 con empresarios, abogados y representantes de agremiaciones sobre la situaci\u00f3n. En el Decreto 2598 de diciembre del a\u00f1o pasado el Gobierno nacional orden\u00f3 modificar parcialmente el arancel aduanero para la importaci\u00f3n de confecciones, unificando en 40 %\u00a0 el gravamen para las<\/p>","protected":false},"author":1,"featured_media":10525,"comment_status":"closed","ping_status":"closed","sticky":false,"template":"","format":"standard","meta":{"footnotes":""},"categories":[342,181],"tags":[],"class_list":["post-10524","post","type-post","status-publish","format-standard","has-post-thumbnail","hentry","category-news","category-noticias"],"views":54,"_links":{"self":[{"href":"https:\/\/www.amchambaq.com\/en\/wp-json\/wp\/v2\/posts\/10524","targetHints":{"allow":["GET"]}}],"collection":[{"href":"https:\/\/www.amchambaq.com\/en\/wp-json\/wp\/v2\/posts"}],"about":[{"href":"https:\/\/www.amchambaq.com\/en\/wp-json\/wp\/v2\/types\/post"}],"author":[{"embeddable":true,"href":"https:\/\/www.amchambaq.com\/en\/wp-json\/wp\/v2\/users\/1"}],"replies":[{"embeddable":true,"href":"https:\/\/www.amchambaq.com\/en\/wp-json\/wp\/v2\/comments?post=10524"}],"version-history":[{"count":1,"href":"https:\/\/www.amchambaq.com\/en\/wp-json\/wp\/v2\/posts\/10524\/revisions"}],"predecessor-version":[{"id":10526,"href":"https:\/\/www.amchambaq.com\/en\/wp-json\/wp\/v2\/posts\/10524\/revisions\/10526"}],"wp:featuredmedia":[{"embeddable":true,"href":"https:\/\/www.amchambaq.com\/en\/wp-json\/wp\/v2\/media\/10525"}],"wp:attachment":[{"href":"https:\/\/www.amchambaq.com\/en\/wp-json\/wp\/v2\/media?parent=10524"}],"wp:term":[{"taxonomy":"category","embeddable":true,"href":"https:\/\/www.amchambaq.com\/en\/wp-json\/wp\/v2\/categories?post=10524"},{"taxonomy":"post_tag","embeddable":true,"href":"https:\/\/www.amchambaq.com\/en\/wp-json\/wp\/v2\/tags?post=10524"}],"curies":[{"name":"wp","href":"https:\/\/api.w.org\/{rel}","templated":true}]}}