{"id":10495,"date":"2023-02-03T09:24:34","date_gmt":"2023-02-03T14:24:34","guid":{"rendered":"https:\/\/www.amchambaq.com\/?p=10495"},"modified":"2023-02-03T09:24:34","modified_gmt":"2023-02-03T14:24:34","slug":"estados-unidos-es-el-socio-de-comercio-e-inversion-mas-grande-que-tiene-colombia","status":"publish","type":"post","link":"https:\/\/www.amchambaq.com\/en\/estados-unidos-es-el-socio-de-comercio-e-inversion-mas-grande-que-tiene-colombia\/","title":{"rendered":"&#8220;Estados Unidos es el socio de comercio e inversi\u00f3n m\u00e1s grande que tiene Colombia&#8221;"},"content":{"rendered":"<p>Francisco Palmieri, embajador encargado de los Estados Unidos, dio a conocer detalles sobre la relaci\u00f3n con el actual Gobierno<\/p>\n<p>Uno de los aspectos que siguen en consolidaci\u00f3n en el nuevo gobierno es la relaci\u00f3n con Estados Unidos. En entrevista con la FM, Francisco Palmieri, embajador encargado de los Estados Unidos en Colombia, convers\u00f3 sobre los aspectos importantes en su relaci\u00f3n con la administraci\u00f3n de Gustavo Petro. Se\u00f1al\u00f3 algunos elementos que han discutido en materia ambiental y de implementaci\u00f3n del Acuerdo de Paz. Seg\u00fan Palmieri, ambos gobiernos siguen siendo grandes aliados en la lucha contra el narcotr\u00e1fico.<\/p>\n<p><strong>\u00bfC\u00f3mo est\u00e1n las relaciones entre Washington y el Gobierno Petro?<\/strong><\/p>\n<p>Estamos trabajando con este Gobierno, apoyando su esfuerzo para lograr la Paz Total, tambi\u00e9n su trabajo en el tema del medio ambiente, la implementaci\u00f3n del Acuerdo de Paz, la lucha contra el narcotr\u00e1fico, y en fortalecer las relaciones comerciales entre ambos pa\u00edses. En ese \u00faltimo aspecto, Estados Unidos es un socio muy importante, y Colombia para nosotros tambi\u00e9n.<\/p>\n<p><strong>\u00bfC\u00f3mo est\u00e1 observando Estados Unidos el narcotr\u00e1fico en Colombia?<\/strong><\/p>\n<p>Tenemos una larga historia de estar trabajando junto a Colombia. Ante el nuevo Gobierno, nos estamos adaptando a sus prioridades, pero tambi\u00e9n tenemos una ventaja y es que antes de las elecciones presidenciales de 2022 adaptamos una estrategia hol\u00edstica enfocada en la protecci\u00f3n del medio ambiente y su v\u00ednculo al narcotr\u00e1fico, la deforestaci\u00f3n y la miner\u00eda ilegal. Entendemos la violencia en las zonas rurales y la importancia de salvar vidas all\u00ed, con un esfuerzo dirigido al mejorar la seguridad.<\/p>\n<p><strong>\u00bfLes preocupa que en la negociaci\u00f3n con bandas criminales se baje la presi\u00f3n a la lucha contra las drogas?<\/strong><\/p>\n<p>Al contrario, desde el inicio del nuevo Gobierno estamos recibiendo extradiciones regularmente. Tenemos intereses en entender, estamos escuchando c\u00f3mo se van manejando las negociaciones con bandas criminales. Sin embargo, en la lucha contra el narcotr\u00e1fico seguimos siendo grandes aliados.<\/p>\n<p><strong>\u00bfSiguen aumentando los cultivos il\u00edcitos?<\/strong><\/p>\n<p>Por supuesto, desde los \u00faltimos cinco a\u00f1os han venido aumentando los cultivos il\u00edcitos en el pa\u00eds . El Gobierno anterior luch\u00f3 contra esto. Sin embargo, entendemos que en algunas zonas del pa\u00eds, donde no hay oportunidades de desarrollo l\u00edcitas, lo que hay que hacer es precisamente crearlas. Hay que buscar y abrir oportunidades l\u00edcitas, en eso estamos comprometidos con el Gobierno.<\/p>\n<p><strong>\u00bfCu\u00e1l es su postura respecto a la propuesta del Gobierno Nacional de suspender extradiciones por colaboraci\u00f3n en Colombia?<\/strong><\/p>\n<p>Las extradiciones siguen. Por supuesto, vamos a entender c\u00f3mo, en el esfuerzo de lograr una Paz Total, van a tratar ese tema.<\/p>\n<p><strong>\u00bfEstados Unidos ve con tranquilidad los acercamientos entre Petro y Maduro?<\/strong><\/p>\n<p>Los dos pa\u00edses comparten una historia desde su independencia. Es una decisi\u00f3n soberana del Gobierno. Petro quiere promover m\u00e1s oportunidades comerciales dentro de los dos pa\u00edses y ha dicho que quiere que Venezuela regrese a la Comunidad Interamericana de Derechos Humanos. Yo creo que est\u00e1n manejando una situaci\u00f3n que puede ser sensible, de una manera constructiva.<\/p>\n<p><strong>\u00bfLes preocupa la intenci\u00f3n del gobierno nacional de legalizar los cultivos de coca del pa\u00eds?<\/strong><\/p>\n<p>Estamos buscando la manera de ayudar en un mejor esfuerzo de intersecci\u00f3n. Han puesto una meta de erradicaci\u00f3n que va a tener que cumplirse. Pero a la vez, creo que hay otras herramientas que podemos usar en la lucha contra el narcotr\u00e1fico.<\/p>\n<p><strong>\u00bfVen con buenos ojos que se legalice la coca\u00edna?<\/strong><\/p>\n<p>No, no vamos a apoyar la legalizaci\u00f3n de la coca\u00edna.<\/p>\n<p><strong>\u00bfC\u00f3mo ve que narcotraficantes puedan ser beneficiarios de la Paz Total?<\/strong><\/p>\n<p>En conversaciones con el gobierno, estamos tratando de entender qu\u00e9 esta pasando respecto a ese tema.<\/p>\n<p><strong>\u00bfQu\u00e9 se puede esperar del tema del visado de los colombianos para viajar a Estados Unidos?<\/strong><\/p>\n<p>Estados Unidos es el socio de comercio e inversi\u00f3n m\u00e1s grande que tiene Colombia gracias al Tratado del Libre Comercio. M\u00e1s de 40% de las exportaciones agr\u00edcolas colombianas van a Estados Unidos. El flujo de gente tambi\u00e9n es parte de ese comercio, yo s\u00e9 que el embajador en Estados Unidos ha propuesto eso. Estamos trabajando, revisando los requisitos para ver si se puede eliminar la visa para los colombianos.<\/p>\n<p><strong>\u00bfVan a retomarse las conversaciones para la venta de aviones F16?<\/strong><\/p>\n<p>S\u00ed. Es el mejor avi\u00f3n para las necesidades de Colombia.<\/p>\n<p>Tomado de : La Republica<\/p>","protected":false},"excerpt":{"rendered":"<p>Francisco Palmieri, embajador encargado de los Estados Unidos, dio a conocer detalles sobre la relaci\u00f3n con el actual Gobierno Uno de los aspectos que siguen en consolidaci\u00f3n en el nuevo gobierno es la relaci\u00f3n con Estados Unidos. En entrevista con la FM, Francisco Palmieri, embajador encargado de los Estados Unidos en Colombia, convers\u00f3 sobre los<\/p>","protected":false},"author":1,"featured_media":10496,"comment_status":"closed","ping_status":"closed","sticky":false,"template":"","format":"standard","meta":{"footnotes":""},"categories":[342,181],"tags":[],"class_list":["post-10495","post","type-post","status-publish","format-standard","has-post-thumbnail","hentry","category-news","category-noticias"],"views":107,"_links":{"self":[{"href":"https:\/\/www.amchambaq.com\/en\/wp-json\/wp\/v2\/posts\/10495","targetHints":{"allow":["GET"]}}],"collection":[{"href":"https:\/\/www.amchambaq.com\/en\/wp-json\/wp\/v2\/posts"}],"about":[{"href":"https:\/\/www.amchambaq.com\/en\/wp-json\/wp\/v2\/types\/post"}],"author":[{"embeddable":true,"href":"https:\/\/www.amchambaq.com\/en\/wp-json\/wp\/v2\/users\/1"}],"replies":[{"embeddable":true,"href":"https:\/\/www.amchambaq.com\/en\/wp-json\/wp\/v2\/comments?post=10495"}],"version-history":[{"count":1,"href":"https:\/\/www.amchambaq.com\/en\/wp-json\/wp\/v2\/posts\/10495\/revisions"}],"predecessor-version":[{"id":10497,"href":"https:\/\/www.amchambaq.com\/en\/wp-json\/wp\/v2\/posts\/10495\/revisions\/10497"}],"wp:featuredmedia":[{"embeddable":true,"href":"https:\/\/www.amchambaq.com\/en\/wp-json\/wp\/v2\/media\/10496"}],"wp:attachment":[{"href":"https:\/\/www.amchambaq.com\/en\/wp-json\/wp\/v2\/media?parent=10495"}],"wp:term":[{"taxonomy":"category","embeddable":true,"href":"https:\/\/www.amchambaq.com\/en\/wp-json\/wp\/v2\/categories?post=10495"},{"taxonomy":"post_tag","embeddable":true,"href":"https:\/\/www.amchambaq.com\/en\/wp-json\/wp\/v2\/tags?post=10495"}],"curies":[{"name":"wp","href":"https:\/\/api.w.org\/{rel}","templated":true}]}}