{"id":10492,"date":"2023-02-02T09:21:13","date_gmt":"2023-02-02T14:21:13","guid":{"rendered":"https:\/\/www.amchambaq.com\/?p=10492"},"modified":"2023-02-02T09:21:13","modified_gmt":"2023-02-02T14:21:13","slug":"el-tiempo-que-podria-demorar-el-gobierno-de-ee-uu-en-quitar-el-requisito-de-visa-a-los-colombianos","status":"publish","type":"post","link":"https:\/\/www.amchambaq.com\/en\/el-tiempo-que-podria-demorar-el-gobierno-de-ee-uu-en-quitar-el-requisito-de-visa-a-los-colombianos\/","title":{"rendered":"El tiempo que podr\u00eda demorar el Gobierno de EE. UU. en quitar el requisito de visa a los colombianos"},"content":{"rendered":"<div>Estados Unidos estudia el cumplimiento de requisitos por parte de Colombia para poder dar v\u00eda libre a la propuesta de eliminaci\u00f3n de visa.<\/div>\n<div class=\"byline\">\n<div class=\"datetime\">La posibilidad de eliminar la visa para que los colombianos puedan ingresar libremente a Estados Unidos, tal como fue solicitado recientemente por el Gobierno colombiano, es una opci\u00f3n cuyo estudio podr\u00eda tomar alg\u00fan tiempo, de acuerdo con las declaraciones de Francisco Palmieri, embajador encargado de Estados Unidos en Colombia, quien dialog\u00f3 con\u00a0<i>La FM<\/i>.<\/div>\n<\/div>\n<div><\/div>\n<div>Palmieri dijo a La FM que la gesti\u00f3n para la eliminaci\u00f3n de la visa se est\u00e1 realizando en equipo con el embajador de Colombia en Estados Unidos, Luis Gilberto Murillo. El embajador Palmieri adem\u00e1s aclar\u00f3 que se est\u00e1n revisando los requisitos para dar una respuesta al Gobierno colombiano al respecto.<\/div>\n<div><b>\u201cYo s\u00e9 que el embajador Luis Gilberto Murillo ha planteado eso y estamos d\u00eda a d\u00eda revisando los requisitos y trabajando con el gobierno colombiano para ver si podemos realizar (cumplir) ese deseo de quitar la visa para viajar\u201d,\u00a0<\/b>asegur\u00f3 el embajador.<\/div>\n<div><\/div>\n<div>\n<p class=\"section sp-8\">Adem\u00e1s, agreg\u00f3: \u201cnote que dur\u00f3 una d\u00e9cada para eliminar ese requisito para viajar a Inglaterra\u201d, dijo, aunque aclar\u00f3 ante una contrapregunta \u201cLuis Gilberto tiene la \u00faltima palabra, no va a durar todo ese tiempo\u201d dijo.<\/p>\n<div class=\"section sp-8\">\n<div id=\"138bbacb-8851-42dc-9f01-3eb812a5b9ea\"><\/div>\n<\/div>\n<p class=\"section sp-8\">Para el embajador, el cumplimiento de los requisitos es fundamental \u201cHay elementos que se tienen que cumplir y conf\u00edo que el embajador Murillo est\u00e9 luchando por los colombianos en Washington,\u00a0<a href=\"https:\/\/www.semana.com\/noticias-estados-unidos\/articulo\/la-quinta-es-la-vencida-tiktoker-revelo-como-tras-varios-intentos-por-fin-consiguio-aprobacion-de-su-visa-a-ee-uu\/202249\/\" target=\"_blank\" rel=\"noopener\">para (lograr) eso\u201d.<\/a><\/p>\n<div class=\"section sp-8\">\n<h2 class=\"\">Relaciones comerciales<\/h2>\n<\/div>\n<p class=\"section sp-8\">Seg\u00fan el funcionario la relaci\u00f3n de Estados Unidos y Colombia tiene una relevancia comercial: \u201c<b>Los Estados Unidos son el socio de comercio y de inversi\u00f3n que tiene Colombia<\/b>\u201d, dijo Palmieri, mencionando los tratados de Libre Comercio que se han venido desarrollando entre los dos pa\u00edses. Adem\u00e1s, asegur\u00f3 que<a href=\"https:\/\/www.semana.com\/noticias-estados-unidos\/articulo\/la-lucha-de-otro-colombiano-con-cancer-en-estados-unidos-semana-conocio-la-batalla-de-su-familia-para-obtener-visa-humanitaria\/202322\/\" target=\"_blank\" rel=\"noopener\">\u00a0\u201chay m\u00e1s del 40% de exportaciones agr\u00edcolas que van a Estados Unidos\u201d desde Colombia.<\/a><\/p>\n<p class=\"section sp-8\">Palmieri resalt\u00f3 que para Estados Unidos, Colombia es tambi\u00e9n un socio comercial fundamental y de hecho mencion\u00f3 el flujo de gente entre Colombia y Estados Unidos como \u201cparte de ese comercio\u201d.<\/p>\n<div class=\"section sp-8\">\n<h2 class=\"\">Avances<\/h2>\n<\/div>\n<p class=\"section sp-8\">El pasado mes de mayo el embajador Gilberto Murillo habl\u00f3 justamente sobre esos avances del proceso, en conversaci\u00f3n con el diario El Tiempo: \u201cEso tiene unos requisitos y estamos trabajando para cumplirlos. El secretario de Seguridad Interna, Alejandro Mayorkas, durante su reciente visita a Colombia, manifest\u00f3 su apertura para avanzar en este proceso, que es de largo plazo\u201d, dijo el funcionario.<\/p>\n<p class=\"section sp-8\">Tras un encuentro del embajador Murillo con el presidente de Estados Unidos Joe Biden, Murillo asegur\u00f3 en di\u00e1logo con\u00a0<i>Caracol Radio<\/i>:\u00a0<b>\u201cHay otros puntos de la agenda (\u2026), y tienen que ver con la agilizaci\u00f3n del tr\u00e1mite de visas regulares y eso va muy bien. Ha sido prioridad del Gobierno de los Estados Unidos (\u2026). Se ha avanzado bastante. (\u2026). Hay mucha receptividad y hemos definido un plan para ir mirando paso a paso los requisitos que Colombia debe completar porque cumple algunos\u201d<\/b>.<\/p>\n<p class=\"section sp-8\">Durante esa entrevista Murillo habr\u00eda destacado la importancia que tiene en este momento, que los ciudadanos colombianos no pasen por alto las v\u00edas regulares de migraci\u00f3n, para evitar ser blanco de deportaci\u00f3n.<\/p>\n<div class=\"section sp-8\">\n<h2 class=\"\">Application<\/h2>\n<\/div>\n<p class=\"section sp-8\">La solicitud de parte del Gobierno colombiano, se dio despu\u00e9s de la visita de Anthony Blinken, Secretario de Estado de Estados Unidos, a Colombia.<\/p>\n<p class=\"section sp-8\">En ese momento, fuentes de alto nivel del Gobierno nacional se\u00f1alaron que dentro de la cooperaci\u00f3n que existe entre ambas naciones,\u00a0<b>se debe facilitar la visita de connacionales a Estados Unidos, ya que en repetidas oportunidades se ha se\u00f1alado que Colombia es catalogado como \u201csocio estrat\u00e9gico\u201d<\/b>.<\/p>\n<p>En ese momento, Blinken sostuvo un di\u00e1logo con el presidente Gustavo Petro sobre temas como el apoyo a la implementaci\u00f3n de la paz total, los gobiernos democr\u00e1ticos, el respeto a los derechos humanos en el hemisferio occidental, la crisis clim\u00e1tica y la protecci\u00f3n de la biodiversidad.<\/p>\n<p>Tomado de: Semana<\/p>\n<\/div>","protected":false},"excerpt":{"rendered":"<p>Estados Unidos estudia el cumplimiento de requisitos por parte de Colombia para poder dar v\u00eda libre a la propuesta de eliminaci\u00f3n de visa. La posibilidad de eliminar la visa para que los colombianos puedan ingresar libremente a Estados Unidos, tal como fue solicitado recientemente por el Gobierno colombiano, es una opci\u00f3n cuyo estudio podr\u00eda tomar<\/p>","protected":false},"author":1,"featured_media":10493,"comment_status":"closed","ping_status":"closed","sticky":false,"template":"","format":"standard","meta":{"footnotes":""},"categories":[342,181],"tags":[],"class_list":["post-10492","post","type-post","status-publish","format-standard","has-post-thumbnail","hentry","category-news","category-noticias"],"views":129,"_links":{"self":[{"href":"https:\/\/www.amchambaq.com\/en\/wp-json\/wp\/v2\/posts\/10492","targetHints":{"allow":["GET"]}}],"collection":[{"href":"https:\/\/www.amchambaq.com\/en\/wp-json\/wp\/v2\/posts"}],"about":[{"href":"https:\/\/www.amchambaq.com\/en\/wp-json\/wp\/v2\/types\/post"}],"author":[{"embeddable":true,"href":"https:\/\/www.amchambaq.com\/en\/wp-json\/wp\/v2\/users\/1"}],"replies":[{"embeddable":true,"href":"https:\/\/www.amchambaq.com\/en\/wp-json\/wp\/v2\/comments?post=10492"}],"version-history":[{"count":1,"href":"https:\/\/www.amchambaq.com\/en\/wp-json\/wp\/v2\/posts\/10492\/revisions"}],"predecessor-version":[{"id":10494,"href":"https:\/\/www.amchambaq.com\/en\/wp-json\/wp\/v2\/posts\/10492\/revisions\/10494"}],"wp:featuredmedia":[{"embeddable":true,"href":"https:\/\/www.amchambaq.com\/en\/wp-json\/wp\/v2\/media\/10493"}],"wp:attachment":[{"href":"https:\/\/www.amchambaq.com\/en\/wp-json\/wp\/v2\/media?parent=10492"}],"wp:term":[{"taxonomy":"category","embeddable":true,"href":"https:\/\/www.amchambaq.com\/en\/wp-json\/wp\/v2\/categories?post=10492"},{"taxonomy":"post_tag","embeddable":true,"href":"https:\/\/www.amchambaq.com\/en\/wp-json\/wp\/v2\/tags?post=10492"}],"curies":[{"name":"wp","href":"https:\/\/api.w.org\/{rel}","templated":true}]}}