{"id":10486,"date":"2023-02-02T09:09:42","date_gmt":"2023-02-02T14:09:42","guid":{"rendered":"https:\/\/www.amchambaq.com\/?p=10486"},"modified":"2023-02-02T09:09:42","modified_gmt":"2023-02-02T14:09:42","slug":"la-inversion-de-mpc-para-apoyar-la-transicion-energetica-en-el-pais","status":"publish","type":"post","link":"https:\/\/www.amchambaq.com\/en\/la-inversion-de-mpc-para-apoyar-la-transicion-energetica-en-el-pais\/","title":{"rendered":"La inversi\u00f3n de MPC para apoyar la transici\u00f3n energ\u00e9tica en el pa\u00eds"},"content":{"rendered":"<p>Martin Vogt, CEO de MPC Energy Solutions, explic\u00f3 que esperan empezar a construir un nuevo proyecto solar a finales de 2023 e inicios de 2024.<\/p>\n<p id=\"p577844-m317-316-318\" class=\"parrafo first-parrafo\"><b>n medio de la pol\u00edtica del Gobierno Nacional de impulsar la transici\u00f3n energ\u00e9tica,\u00a0<\/b>una serie de compa\u00f1\u00edas han venido avanzando en el proceso de desarrollo, construcci\u00f3n y operaci\u00f3n de parques.<\/p>\n<div id=\"div-gpt-ad-1628519221454-0\" class=\"ad-display\" data-ad-unit-name=\"inread\" data-google-query-id=\"CNGBosSA9_wCFc2LWgUduI4HVg\">\n<div id=\"google_ads_iframe_\/49787872\/portafolio\/economia\/articulos\/inread_0__container__\"><iframe id=\"google_ads_iframe_\/49787872\/portafolio\/economia\/articulos\/inread_0\" tabindex=\"0\" title=\"3rd party ad content\" role=\"region\" name=\"google_ads_iframe_\/49787872\/portafolio\/economia\/articulos\/inread_0\" width=\"1\" height=\"1\" frameborder=\"0\" marginwidth=\"0\" marginheight=\"0\" scrolling=\"no\" aria-label=\"Advertisement\" data-load-complete=\"true\" data-google-container-id=\"3\" data-mce-fragment=\"1\"><\/iframe><\/div>\n<\/div>\n<p id=\"p577844-m367-2-368\" class=\"parrafo\">Una de ellas es\u00a0<b>MPC Energy Solutions,\u00a0<\/b>que lleg\u00f3 al pa\u00eds en 2017 y ya tiene en operaci\u00f3n dos parques.\u00a0<b>Martin Vogt, CEO de la compa\u00f1\u00eda,\u00a0<\/b>explic\u00f3 que su objetivo es apoyar el proceso de transici\u00f3n del pa\u00eds y para ello tienen un &#8216;pipeline&#8217; (canalizaci\u00f3n para el transporte a grandes distancias de gas, l\u00edquidos o s\u00f3lidos pulverizados) de proyectos en inversi\u00f3n.<\/p>\n<p>Por el momento, la compa\u00f1\u00eda no ha cambiado sus planes de inversi\u00f3n por los anuncios que ha hecho el Gobierno.<\/p>\n<p><b>\u00bfHace cu\u00e1nto ha estado MPC aqu\u00ed?<br \/>\n<\/b><br \/>\nEstamos en el pa\u00eds desde 2017, empezamos junto con una empresa portuguesa y desarrollamos proyectos solares y e\u00f3licos. Aqu\u00ed en Colombia hemos construido dos proyectos solares<\/p>\n<p>Uno que se llama Los Girasoles, del que estamos celebrando la culminaci\u00f3n; otro que se llama Planeta Rica. Este es un proyecto de 26 megavatios. Estamos muy emocionados de que ahora, despu\u00e9s de cinco a\u00f1os, 2023 sea el a\u00f1o en el que realmente comencemos a operar nuestros primeros dos proyectos solares aqu\u00ed.<\/p>\n<p>Nuestro Equipo de Desarrollo est\u00e1 trabajando en varios otras obras en el lado solar, pero tambi\u00e9n de viento. Estamos considerando la regi\u00f3n de La Guajira para el desarrollo de proyectos.<\/p>\n<p><b>\u00bfCu\u00e1l es la capacidad neta de los dos proyectos?<br \/>\n<\/b><br \/>\nLa capacidad neta es de 37 megavatios en estos dos parques.<\/p>\n<p><b>\u00bfCu\u00e1l es la inversi\u00f3n que tom\u00f3?<br \/>\n<\/b><br \/>\nLa inversi\u00f3n que tom\u00f3 yo dir\u00eda que ronda los US$40 millones. En toda la operaci\u00f3n, la capacidad actual es de alrededor de 200 megavatios en energ\u00eda e\u00f3lica y alrededor de 400 a 500 megavatios en energ\u00eda solar fotovoltaica. Estamos buscando llevar estos proyectos en \u2018listos para construir\u2019, para 2025. Entonces, en 2023 y 2024 comenzaremos con nuevos desarrollos.<\/p>\n<p><b>Para ese &#8216;pipeline&#8217; que acaba de mencionar. \u00bfYa tiene la inversi\u00f3n requerida?<br \/>\n<\/b><br \/>\nDir\u00eda que el n\u00famero para el desarrollo de los parques e\u00f3licos rondar\u00e1 los US$350 millones y en el caso de la solar otros US$400 millones.<\/p>\n<p><b>Todos los pa\u00edses est\u00e1n avanzando en la transici\u00f3n energ\u00e9tica. \u00bfC\u00f3mo ve la regi\u00f3n en camino hacia esa meta y c\u00f3mo podr\u00eda apoyar?<br \/>\n<\/b><br \/>\nClaramente estamos apoyando como empresa privada al invertir nuestro capital aqu\u00ed, pero no solo eso, tenemos empleo local y al final la energ\u00eda aqu\u00ed es un producto comercial. Siempre y cuando un gobierno cree el marco regulatorio adecuado que nos permita vender energ\u00eda a las partes que quieren comprar, esto es todo lo que necesitamos.<\/p>\n<p>Ha mencionado dos veces los cambios normativos. \u00bfVe eso como un desaf\u00edo para que el sector privado invierta m\u00e1s en Colombia?<\/p>\n<p>Lo que es un desaf\u00edo para los inversores privados, especialmente para los extranjeros, en ese sentido, es que los marcos regulatorios cambian constantemente.<\/p>\n<p>Necesitamos tiempo para construir los proyectos incluso antes de que comiencen a generar energ\u00eda. Si comienzan a cambiar los marcos regulatorios en el medio, cambia el modelo de negocio tambi\u00e9n, por lo que crea incertidumbre y nunca es bueno para un inversor.<\/p>\n<p>Tambi\u00e9n necesitamos certeza, saber que cuando vengamos aqu\u00ed podemos vender nuestra energ\u00eda durante los pr\u00f3ximos 20 a\u00f1os bajo un determinado marco regulatorio, por lo que cada vez que comience a modificar o ajustar ese marco, crear\u00e1 incertidumbre.<\/p>\n<p><b>\u00bfHa sentido esa incertidumbre?<br \/>\n<\/b><br \/>\nNo. Creo que la gente est\u00e1 tratando de descifrar el nuevo Gobierno. El cambio del ejecutivo siempre es un momento de incertidumbre en s\u00ed mismo y eso nada tiene que ver con que haya un cambio de color pol\u00edtico. En ese sentido, las energ\u00edas renovables no tienen por qu\u00e9 temer.<\/p>\n<p>Lo importante es qu\u00e9 tipo de mecanismo es el preferido por el Gobierno para promover las energ\u00edas renovables.<\/p>\n<p><b>\u00bfNo est\u00e1 cambiando nada en su plan de inversi\u00f3n?<br \/>\n<\/b><br \/>\nNo, no estamos cambiando nada.<\/p>\n<p><b>\u00bfExiste un plan m\u00e1s grande para\u00a0el almacenamiento\u00a0de energ\u00eda en\u00a0sus proyectos?<br \/>\n<\/b><br \/>\nVimos la licitaci\u00f3n aqu\u00ed cuando hicieron la primera subasta para almacenamiento. Sentimos que era muy interesante, lamentablemente no encontramos el socio adecuado para participar, pero, en general, la regi\u00f3n se mueve hacia las aplicaciones de almacenamiento para combinarlas.<\/p>\n<p>Aqu\u00ed en Colombia es un gran desaf\u00edo porque en este momento si est\u00e1s vendiendo energ\u00eda solar el precio es muy barato y las bater\u00edas siguen siendo muy caras, con lo que no es f\u00e1cil retornar la inversi\u00f3n.<\/p>\n<p><b>\u00bfHan trabajado en energ\u00eda e\u00f3lica marina o en hidr\u00f3geno verde?<br \/>\n<\/b><br \/>\nVemos el hidr\u00f3geno como un escenario a largo plazo que se desarrollar\u00e1, sin embargo, tambi\u00e9n entendemos que la tecnolog\u00eda desde la perspectiva comercial a\u00fan es muy inmadura.<\/p>\n<p>Tenemos que usar hidr\u00f3geno, pero todav\u00eda est\u00e1 en desarrollo. Seguimos de cerca el hidr\u00f3geno y vemos, por supuesto, nuestra energ\u00eda solar y e\u00f3lica como un insumo cr\u00edtico para la producci\u00f3n de hidr\u00f3geno verde.<\/p>\n<p>Tomado de: Portafolio<\/p>","protected":false},"excerpt":{"rendered":"<p>Martin Vogt, CEO de MPC Energy Solutions, explic\u00f3 que esperan empezar a construir un nuevo proyecto solar a finales de 2023 e inicios de 2024. n medio de la pol\u00edtica del Gobierno Nacional de impulsar la transici\u00f3n energ\u00e9tica,\u00a0una serie de compa\u00f1\u00edas han venido avanzando en el proceso de desarrollo, construcci\u00f3n y operaci\u00f3n de parques. Una<\/p>","protected":false},"author":1,"featured_media":10487,"comment_status":"closed","ping_status":"closed","sticky":false,"template":"","format":"standard","meta":{"footnotes":""},"categories":[342,181],"tags":[],"class_list":["post-10486","post","type-post","status-publish","format-standard","has-post-thumbnail","hentry","category-news","category-noticias"],"views":44,"_links":{"self":[{"href":"https:\/\/www.amchambaq.com\/en\/wp-json\/wp\/v2\/posts\/10486","targetHints":{"allow":["GET"]}}],"collection":[{"href":"https:\/\/www.amchambaq.com\/en\/wp-json\/wp\/v2\/posts"}],"about":[{"href":"https:\/\/www.amchambaq.com\/en\/wp-json\/wp\/v2\/types\/post"}],"author":[{"embeddable":true,"href":"https:\/\/www.amchambaq.com\/en\/wp-json\/wp\/v2\/users\/1"}],"replies":[{"embeddable":true,"href":"https:\/\/www.amchambaq.com\/en\/wp-json\/wp\/v2\/comments?post=10486"}],"version-history":[{"count":1,"href":"https:\/\/www.amchambaq.com\/en\/wp-json\/wp\/v2\/posts\/10486\/revisions"}],"predecessor-version":[{"id":10488,"href":"https:\/\/www.amchambaq.com\/en\/wp-json\/wp\/v2\/posts\/10486\/revisions\/10488"}],"wp:featuredmedia":[{"embeddable":true,"href":"https:\/\/www.amchambaq.com\/en\/wp-json\/wp\/v2\/media\/10487"}],"wp:attachment":[{"href":"https:\/\/www.amchambaq.com\/en\/wp-json\/wp\/v2\/media?parent=10486"}],"wp:term":[{"taxonomy":"category","embeddable":true,"href":"https:\/\/www.amchambaq.com\/en\/wp-json\/wp\/v2\/categories?post=10486"},{"taxonomy":"post_tag","embeddable":true,"href":"https:\/\/www.amchambaq.com\/en\/wp-json\/wp\/v2\/tags?post=10486"}],"curies":[{"name":"wp","href":"https:\/\/api.w.org\/{rel}","templated":true}]}}