{"id":10483,"date":"2023-02-02T08:59:37","date_gmt":"2023-02-02T13:59:37","guid":{"rendered":"https:\/\/www.amchambaq.com\/?p=10483"},"modified":"2023-02-02T08:59:37","modified_gmt":"2023-02-02T13:59:37","slug":"barranquilla-logro-recuperar-42-mil-empleos-en-el-ultimo-ano","status":"publish","type":"post","link":"https:\/\/www.amchambaq.com\/en\/barranquilla-logro-recuperar-42-mil-empleos-en-el-ultimo-ano\/","title":{"rendered":"Barranquilla logr\u00f3 recuperar 42 mil empleos en el \u00faltimo a\u00f1o"},"content":{"rendered":"<p>Las actividades inmobiliarias son\u00a0 la rama con mayor crecimiento en los puestos de trabajo.<\/p>\n<div id=\"body\" class=\"content-article size-m\">\n<p><strong>Reducir el desempleo<\/strong>\u00a0es uno de los objetivos trazados para\u00a0<strong>Barranquilla<\/strong>\u00a0tras la pandemia por la covid-19. Desde la administraci\u00f3n distrital se ha emprendido un aguerrido camino para volver a una tasa de un d\u00edgito, recuperar los empleos perdidos y mermar la informalidad, con el fin de mejorar la calidad de vida de los barranquilleros.<\/p>\n<\/div>\n<div id=\"paragraphs\" class=\"content-article paragraphs size-m\">\n<div class=\"field-collection-container clearfix\">\n<div class=\"field field-name-field-contenido-articulos-2 field-type-field-collection field-label-hidden\">\n<div class=\"field-item even\">\n<div class=\"field-collection-view clearfix view-mode-full field-collection-view-final\">\n<div>\n<div class=\"content\">\n<div class=\"paragraphs-items paragraphs-items-field-campos paragraphs-items-field-campos-full paragraphs-items-full\">\n<div class=\"field field-name-field-campos field-type-paragraphs field-label-hidden\">\n<div class=\"field-item even\">\n<div id=\"relacionado-body\">\n<div class=\"box-title\">\n<div class=\"field-item odd\">\n<div class=\"entity entity-paragraphs-item paragraphs-item-descripcion\">\n<div class=\"content\">\n<div class=\"field field-name-field-descripcion field-type-text-long field-label-hidden\">\n<div class=\"field-items\">\n<div class=\"field-item even\">\n<p>Los indicadores del mercado laboral en 2022 muestran que la capital del Atl\u00e1ntico ha tenido avances en este objetivo, alcanzando una<strong>\u00a0disminuci\u00f3n de 2,48 puntos porcentuales\u00a0<\/strong>en la tasa de desempleo, la cual pas\u00f3 de 12,8 % entre octubre y diciembre de 2021 a 10,4 % para el mismo trimestre de 2022.<\/p>\n<p><strong>Juan Manuel Alvarado<\/strong>, gerentede Ciudad, sostuvo que dicho indicador fue inferior al registrado para el \u00e1rea metropolitana, que incluye el municipio de Soledad, que fue de 11,2 %.<\/p>\n<p>\u201cBarranquilla pas\u00f3 de 81.000 desempleados para el cierre de 2021 a tener 69.000 en el \u00faltimo periodo. Un reflejo importante del buen momento y dinamismo de la ciudad\u201d, agreg\u00f3.<\/p>\n<p>La poblaci\u00f3n ocupada aument\u00f3 en\u00a0<strong>42 mil personas<\/strong>, pasando de 553 mil trabajadores a cierre de 2021 a 595 mil trabajadores en el mismo periodo de 2022.<\/p>\n<p>\u201cEl mercado laboral en Barranquilla ha presentado un desempe\u00f1o favorable y una r\u00e1pida recuperaci\u00f3n del empleo en los \u00faltimos a\u00f1os\u201d, afirm\u00f3.<\/p>\n<p>El funcionario dijo que en Barranquilla la tasa de informalidad se ubic\u00f3 en el 59,7 %,<strong>\u00a0ligeramente superior a la tasa nacional (<\/strong>57,8 %), presentando junto con\u00a0Cartagena y Monter\u00eda las tasas m\u00e1s bajas de la regi\u00f3n Caribe.<\/p>\n<p>Explic\u00f3 que en comparaci\u00f3n con el \u00faltimo trimestre (octubrediciembre) de 2021, la informalidad en el \u00e1rea metropolitana de Barranquilla ha disminuido 1,6 puntos porcentuales.<\/p>\n<\/div>\n<\/div>\n<\/div>\n<\/div>\n<\/div>\n<\/div>\n<div class=\"field-item even\">\n<div class=\"shares\"><\/div>\n<div class=\"content-titulo\">\n<div class=\"titulo\">Generadores de empleo<\/div>\n<\/div>\n<\/div>\n<div class=\"field-item odd\">\n<div class=\"entity entity-paragraphs-item paragraphs-item-descripcion\">\n<div class=\"content\">\n<div class=\"field field-name-field-descripcion field-type-text-long field-label-hidden\">\n<div class=\"field-items\">\n<div class=\"field-item even\">\n<p>En 2022, el sector que m\u00e1s creci\u00f3 en cuanto al n\u00famero de ocupados fue el de actividades inmobiliarias, con un incremento de 103 %, seguido de\u00a0<strong>actividades art\u00edsticas, entretenimiento, recreaci\u00f3n\u00a0<\/strong>y otras actividades de servicios, con un 34%.<\/p>\n<p>Sin embargo, comercio es el sector que tradicionalmente genera m\u00e1s empleos en la ciudad, los cuales se han logrado recuperar superando las cifras prepandemia. Esta rama pas\u00f3 de tener 194 mil ocupados en 2019 a contar con 188 mil en 2020, en 2021 alcanz\u00f3 los 201 mil y en 2022<strong>\u00a0cerr\u00f3 con 212 mil.<\/strong><\/p>\n<p>El a\u00f1o pasado, la rama de manufacturas tambi\u00e9n mantuvo su ritmo de crecimiento en generaci\u00f3n de empleo, pasando de 80.000 ocupados a 104.000 en un a\u00f1o; seguido del sector de alojamiento y servicios de comida, que pas\u00f3 de 64.000 empleados a 74.000, y el tercer sector de mayor movimiento y crecimiento fue el inmobiliario que aument\u00f3 en 8.000 ocupados.<\/p>\n<div class=\"field-item odd\">\n<div class=\"content-titulo\">\n<div class=\"titulo\">Recuperaci\u00f3n pospandemia<\/div>\n<\/div>\n<\/div>\n<div class=\"field-item even\">\n<div class=\"entity entity-paragraphs-item paragraphs-item-descripcion\">\n<div class=\"content\">\n<div class=\"field field-name-field-descripcion field-type-text-long field-label-hidden\">\n<div class=\"field-items\">\n<div class=\"field-item even\">\n<p>Durante varios a\u00f1os Barranquilla y su \u00e1rea metropolitana (solo Soledad) se mantuvieron entre los tres territorios con menor tasa de desempleo en Colombia y en 2019, antes de la llegada de la pandemia, este indicador se\u00a0encontraba en un d\u00edgito.<\/p>\n<p>En 2019 la tasa promedio de desempleo fue de 7,8 %, la segunda m\u00e1s baja del pa\u00eds. En dicho a\u00f1o se redujo 0,7 puntos porcentuales\u00a0<strong>en comparaci\u00f3n con 2018.<\/strong><\/p>\n<p>Con la llegada de la pandemia la senda de reducci\u00f3n de la tasa de desempleo se afect\u00f3 y se perdieron cerca de 150 mil empleos, la mayor\u00eda de los cuales, unos 144 mil, ya se han recuperado. Se pas\u00f3 de 766 mil personas ocupadas al cierre de 2020 a 910 mil en 2022.<\/p>\n<p>Antes de la pandemia la din\u00e1mica del\u00a0<strong>mercado laboral en Barranquilla y Soledad\u00a0<\/strong>estaba por encima del promedio nacional, puesto que la tasa de desempleo a lo largo de 2019 estuvo por debajo del 8 %, mientras que el total nacional y las otras ciudades principales estuvieron por encima de 10 %.<\/p>\n<p>Mientras que, en 2019, Barranquilla y Soledad culminaban el a\u00f1o con 835 mil personas ocupadas, en el \u00faltimo trimestre del 2022 alcanzaron un m\u00e1ximo hist\u00f3rico en los \u00faltimos 10 a\u00f1os al reportar 910 mil personas ocupadas, lo cual se traduce en 75 mil personas m\u00e1s con empleo.<\/p>\n<p>A su vez,<strong>\u00a0Oriana \u00c1lvarez<\/strong>, directora de Fundesarrollo, dijo que la reducci\u00f3n de la tasa de desempleo en 2022 puede obedecer a la creaci\u00f3n de 75 mil nuevos empleos, con un aumento de 8,9 % frente al mismo periodo de 2021, y a su vez a la disminuci\u00f3n en 14 % de poblaci\u00f3n desocupada con 18.500 desempleados menos.<\/p>\n<p>Adem\u00e1s, salieron de la inactividad 34.100 personas, lo que representa una disminuci\u00f3n de 6,2 % de la\u00a0<strong>poblaci\u00f3n inactiva en la ciudad.<\/strong><\/p>\n<p>Tomada de: El heraldo<\/p>\n<p>&nbsp;<\/p>\n<\/div>\n<\/div>\n<\/div>\n<\/div>\n<\/div>\n<\/div>\n<\/div>\n<\/div>\n<\/div>\n<\/div>\n<\/div>\n<\/div>\n<\/div>\n<\/div>\n<\/div>\n<\/div>\n<\/div>\n<\/div>\n<\/div>\n<\/div>\n<\/div>\n<\/div>\n<\/div>\n<\/div>","protected":false},"excerpt":{"rendered":"<p>Las actividades inmobiliarias son\u00a0 la rama con mayor crecimiento en los puestos de trabajo. Reducir el desempleo\u00a0es uno de los objetivos trazados para\u00a0Barranquilla\u00a0tras la pandemia por la covid-19. Desde la administraci\u00f3n distrital se ha emprendido un aguerrido camino para volver a una tasa de un d\u00edgito, recuperar los empleos perdidos y mermar la informalidad, con<\/p>","protected":false},"author":1,"featured_media":10484,"comment_status":"closed","ping_status":"closed","sticky":false,"template":"","format":"standard","meta":{"footnotes":""},"categories":[342,181],"tags":[],"class_list":["post-10483","post","type-post","status-publish","format-standard","has-post-thumbnail","hentry","category-news","category-noticias"],"views":63,"_links":{"self":[{"href":"https:\/\/www.amchambaq.com\/en\/wp-json\/wp\/v2\/posts\/10483","targetHints":{"allow":["GET"]}}],"collection":[{"href":"https:\/\/www.amchambaq.com\/en\/wp-json\/wp\/v2\/posts"}],"about":[{"href":"https:\/\/www.amchambaq.com\/en\/wp-json\/wp\/v2\/types\/post"}],"author":[{"embeddable":true,"href":"https:\/\/www.amchambaq.com\/en\/wp-json\/wp\/v2\/users\/1"}],"replies":[{"embeddable":true,"href":"https:\/\/www.amchambaq.com\/en\/wp-json\/wp\/v2\/comments?post=10483"}],"version-history":[{"count":1,"href":"https:\/\/www.amchambaq.com\/en\/wp-json\/wp\/v2\/posts\/10483\/revisions"}],"predecessor-version":[{"id":10485,"href":"https:\/\/www.amchambaq.com\/en\/wp-json\/wp\/v2\/posts\/10483\/revisions\/10485"}],"wp:featuredmedia":[{"embeddable":true,"href":"https:\/\/www.amchambaq.com\/en\/wp-json\/wp\/v2\/media\/10484"}],"wp:attachment":[{"href":"https:\/\/www.amchambaq.com\/en\/wp-json\/wp\/v2\/media?parent=10483"}],"wp:term":[{"taxonomy":"category","embeddable":true,"href":"https:\/\/www.amchambaq.com\/en\/wp-json\/wp\/v2\/categories?post=10483"},{"taxonomy":"post_tag","embeddable":true,"href":"https:\/\/www.amchambaq.com\/en\/wp-json\/wp\/v2\/tags?post=10483"}],"curies":[{"name":"wp","href":"https:\/\/api.w.org\/{rel}","templated":true}]}}