{"id":10385,"date":"2023-01-19T09:04:04","date_gmt":"2023-01-19T14:04:04","guid":{"rendered":"https:\/\/www.amchambaq.com\/?p=10385"},"modified":"2023-01-19T09:04:04","modified_gmt":"2023-01-19T14:04:04","slug":"la-reforma-laboral-tendra-18-ejes-tematicos-mintrabajo","status":"publish","type":"post","link":"https:\/\/www.amchambaq.com\/en\/la-reforma-laboral-tendra-18-ejes-tematicos-mintrabajo\/","title":{"rendered":"La reforma laboral tendr\u00e1 18 ejes tem\u00e1ticos: Mintrabajo"},"content":{"rendered":"<p>Son 18 los temas centrales que abordar\u00e1\u00a0la<strong>\u00a0reforma laboral\u00a0<\/strong>y que ser\u00e1n analizados con diferentes sectores del pa\u00eds en la discusi\u00f3n t\u00e9cnica del\u00a0<strong>proyecto de ley\u00a0<\/strong>que se planea radicar en el\u00a0<strong>Congreso<\/strong>\u00a0de la Rep\u00fablica el pr\u00f3ximo 16 de marzo.<\/p>\n<p>Entre los aspectos que abordar\u00e1 la reforma se destacan los principios laborales y constitucionales, estabilidad laboral y modalidades de contratos, tercerizaci\u00f3n, subcontrataci\u00f3n y unidad de empresa, control de uso de contrato de prestaci\u00f3n de servicios, contrato de aprendizaje, dominicales y festivos, jornada nocturna, automatizaci\u00f3n, descarbonizaci\u00f3n, trabajo en plataformas digitales, trabajo rural, informal, sexual y migrante, equidad y reducci\u00f3n de brechas, asociaci\u00f3n sindical, negociaci\u00f3n colectiva y huelga.<\/p>\n<p>La ministra de Trabajo,\u00a0<strong>Gloria In\u00e9s Ram\u00edrez,\u00a0<\/strong>asegur\u00f3 que se fomentar\u00e1 la participaci\u00f3n activa de los integrantes de las Subcomisiones Departamentales y de la Comisi\u00f3n Permanente de Concertaci\u00f3n de Pol\u00edticas Salariales y Laborales.<\/p>\n<p>\u201cLos insumos t\u00e9cnicos que se trabajen ser\u00e1n trasladados a la Subcomisi\u00f3n para la Reforma Laboral como parte del compromiso del trabajo tripartito de concertaci\u00f3n\u201d, se\u00f1al\u00f3.<\/p>\n<p>El ministerio present\u00f3 el cronograma que se desarrollar\u00e1 en el primer trimestre de 2023, que incluye 33 reuniones de las subcomisiones departamentales (ampliadas), del 15 enero al 3 febrero; encuentros tem\u00e1ticos del 20 enero al 3 de febrero y la concertaci\u00f3n con la Comisi\u00f3n Permanente en los d\u00edas 9, 16, 23 de febrero y 2 de marzo de 2023.<\/p>\n<p>Est\u00e1 abierta la posibilidad de que puedan ser convocados otros sectores y organizaciones que enriquezcan las propuestas.<\/p>\n<p>Los temas que se debatir\u00e1n en las regiones con los m\u00e1s representativos de la agenda laboral, entre ellos, el trabajo en\u00a0<strong>plataformas digitales<\/strong>\u00a0y el\u00a0<strong>trabajo rural<\/strong>, entre otros.<\/p>\n<p>Esto qued\u00f3 establecido en un encuentro presidido por el viceministro de Relaciones Laborales e Inspecci\u00f3n, Edwin Palma Egea y el director de Derechos Fundamentales y secretario T\u00e9cnico de la Comisi\u00f3n Permanente de Concertaci\u00f3n de Pol\u00edticas Salariales y Laborales, Nicol\u00e1s Escand\u00f3n, participaron delegados de los gremios y de las organizaciones sindicales.<\/p>\n<p>Tomado de: EL HERALDO<\/p>","protected":false},"excerpt":{"rendered":"<p>Son 18 los temas centrales que abordar\u00e1\u00a0la\u00a0reforma laboral\u00a0y que ser\u00e1n analizados con diferentes sectores del pa\u00eds en la discusi\u00f3n t\u00e9cnica del\u00a0proyecto de ley\u00a0que se planea radicar en el\u00a0Congreso\u00a0de la Rep\u00fablica el pr\u00f3ximo 16 de marzo. Entre los aspectos que abordar\u00e1 la reforma se destacan los principios laborales y constitucionales, estabilidad laboral y modalidades de contratos,<\/p>","protected":false},"author":1,"featured_media":10386,"comment_status":"closed","ping_status":"closed","sticky":false,"template":"","format":"standard","meta":{"footnotes":""},"categories":[342,181],"tags":[],"class_list":["post-10385","post","type-post","status-publish","format-standard","has-post-thumbnail","hentry","category-news","category-noticias"],"views":81,"_links":{"self":[{"href":"https:\/\/www.amchambaq.com\/en\/wp-json\/wp\/v2\/posts\/10385","targetHints":{"allow":["GET"]}}],"collection":[{"href":"https:\/\/www.amchambaq.com\/en\/wp-json\/wp\/v2\/posts"}],"about":[{"href":"https:\/\/www.amchambaq.com\/en\/wp-json\/wp\/v2\/types\/post"}],"author":[{"embeddable":true,"href":"https:\/\/www.amchambaq.com\/en\/wp-json\/wp\/v2\/users\/1"}],"replies":[{"embeddable":true,"href":"https:\/\/www.amchambaq.com\/en\/wp-json\/wp\/v2\/comments?post=10385"}],"version-history":[{"count":1,"href":"https:\/\/www.amchambaq.com\/en\/wp-json\/wp\/v2\/posts\/10385\/revisions"}],"predecessor-version":[{"id":10387,"href":"https:\/\/www.amchambaq.com\/en\/wp-json\/wp\/v2\/posts\/10385\/revisions\/10387"}],"wp:featuredmedia":[{"embeddable":true,"href":"https:\/\/www.amchambaq.com\/en\/wp-json\/wp\/v2\/media\/10386"}],"wp:attachment":[{"href":"https:\/\/www.amchambaq.com\/en\/wp-json\/wp\/v2\/media?parent=10385"}],"wp:term":[{"taxonomy":"category","embeddable":true,"href":"https:\/\/www.amchambaq.com\/en\/wp-json\/wp\/v2\/categories?post=10385"},{"taxonomy":"post_tag","embeddable":true,"href":"https:\/\/www.amchambaq.com\/en\/wp-json\/wp\/v2\/tags?post=10385"}],"curies":[{"name":"wp","href":"https:\/\/api.w.org\/{rel}","templated":true}]}}