{"id":10368,"date":"2023-01-16T15:26:28","date_gmt":"2023-01-16T20:26:28","guid":{"rendered":"https:\/\/www.amchambaq.com\/?p=10368"},"modified":"2023-01-16T15:26:28","modified_gmt":"2023-01-16T20:26:28","slug":"presidenta-de-amcham-colombia-hizo-un-llamado-al-sector-publico-y-privado-para-combatir-la-inflacion","status":"publish","type":"post","link":"https:\/\/www.amchambaq.com\/en\/presidenta-de-amcham-colombia-hizo-un-llamado-al-sector-publico-y-privado-para-combatir-la-inflacion\/","title":{"rendered":"Presidenta de AmCham Colombia hizo un llamado al sector p\u00fablico y privado para combatir la inflaci\u00f3n"},"content":{"rendered":"<p>Frente a la elevada inflaci\u00f3n que est\u00e1 enfrentando el pa\u00eds, que de acuerdo con el Departamento Administrativos Nacional de Estad\u00edsticas lleg\u00f3 al\u00a0<b>13,2 %<\/b>\u00a0la primera semana de este a\u00f1o (y la m\u00e1s alta del siglo XXI), este 11 de enero, la presidenta ejecutiva de la C\u00e1mara de Comercio Colombo Americana,\u00a0<b>AmCham Colombia<\/b>\u00a0y presidenta de la Alianza de asociaciones y gremios de Colombia,\u00a0<b>Aliadas, Mar\u00eda Claudia Lacouture,\u00a0<\/b>hizo un llamado a que se articulen el sector p\u00fablico y privado para que hacerle frente a este fen\u00f3meno econ\u00f3mico.<\/p>\n<p>\u201cLa alta inflaci\u00f3n tiene un efecto negativo en el crecimiento econ\u00f3mico del pa\u00eds, ya que afecta a todos los colombianos. Es indispensable que se adelante un trabajo coordinado entre el Gobierno Nacional y el sector privado para moderar su impacto, generar confianza en la econom\u00eda y para que haya desarrollo social\u201d, indic\u00f3 a trav\u00e9s de un trino la presidenta de AmCham Colombia, quien acto seguido se refiri\u00f3 a los efectos negativos de la inflaci\u00f3n.<\/p>\n<p>\u201cLa alta inflaci\u00f3n reduce el poder adquisitivo y aumenta los costos de producci\u00f3n, combustible y de mano de obra. Todos los colombianos se ver\u00e1n afectados\u201d, concluy\u00f3 la presidenta Lacouture y quien se desempe\u00f1\u00f3 como presidenta de ProColombia y ministra de Comercio, Industria y Turismo.<\/p>\n<p>Colombia cerr\u00f3 el a\u00f1o como el cuarto pa\u00eds de Am\u00e9rica Latina con inflaci\u00f3n m\u00e1s alta, solo por detr\u00e1s de\u00a0<b>Venezuela (cifra no oficial de 155%), Argentina (92,4%) y Chile (13,3%).<\/b><\/p>\n<h2 class=\"header\">Las proyecciones de 2023<\/h2>\n<p class=\"paragraph\">La consultora de riesgos pol\u00edticos\u00a0<b>Colombia Risk Analysis<\/b>\u00a0present\u00f3 este 11 de enero su informe de riesgos para el pa\u00eds en 2023, en el qe dej\u00f3 seis puntos claves que se deben atender en el pa\u00eds, sobre todo en campos como la econom\u00eda, la pol\u00edtica, las elecciones y la seguridad, entre otros.<\/p>\n<p class=\"paragraph\">No resultan ajenas situaciones que se han recalcado en repetidas ocasiones, tales como la\u00a0<b>inflaci\u00f3n<\/b>, la fluctuaci\u00f3n y la volatilidad de las divisas, el conflicto entre Rusia y Ucrania, e incluso, las persistentes consecuencias derivadas de la pandemia que trajo el covid-19.<\/p>\n<p class=\"paragraph\">Adem\u00e1s,\u00a0<b>Colombia\u00a0<\/b>tiene unos retos ajenos y propios que tendr\u00e1 que sortear en lo corrido del nuevo a\u00f1o, y dependiendo del tratamiento que se le d\u00e9 a los mismos, se consolidar\u00edan pol\u00edticas que generar\u00edan m\u00e1s confianza en el gobierno, y que a su vez mitigar\u00edan las afectaciones arrastradas de a\u00f1os anteriores.<\/p>\n<p>En este sentido, tal vez uno de los aspectos m\u00e1s significativos reside en el campo econ\u00f3mico; al igual que el a\u00f1o pasado, el tema monetario marcar\u00e1 la agenda nacional, desde un pronunciamiento de alg\u00fan funcionario gubernamental, hasta la variaci\u00f3n en las tasas de referencia, podr\u00e1n implicar cambios significativos en las finanzas del pa\u00eds.<\/p>\n<p>Tomado de: INFOBAE<\/p>","protected":false},"excerpt":{"rendered":"<p>Frente a la elevada inflaci\u00f3n que est\u00e1 enfrentando el pa\u00eds, que de acuerdo con el Departamento Administrativos Nacional de Estad\u00edsticas lleg\u00f3 al\u00a013,2 %\u00a0la primera semana de este a\u00f1o (y la m\u00e1s alta del siglo XXI), este 11 de enero, la presidenta ejecutiva de la C\u00e1mara de Comercio Colombo Americana,\u00a0AmCham Colombia\u00a0y presidenta de la Alianza de<\/p>","protected":false},"author":1,"featured_media":10249,"comment_status":"closed","ping_status":"closed","sticky":false,"template":"","format":"standard","meta":{"footnotes":""},"categories":[342,181],"tags":[],"class_list":["post-10368","post","type-post","status-publish","format-standard","has-post-thumbnail","hentry","category-news","category-noticias"],"views":146,"_links":{"self":[{"href":"https:\/\/www.amchambaq.com\/en\/wp-json\/wp\/v2\/posts\/10368","targetHints":{"allow":["GET"]}}],"collection":[{"href":"https:\/\/www.amchambaq.com\/en\/wp-json\/wp\/v2\/posts"}],"about":[{"href":"https:\/\/www.amchambaq.com\/en\/wp-json\/wp\/v2\/types\/post"}],"author":[{"embeddable":true,"href":"https:\/\/www.amchambaq.com\/en\/wp-json\/wp\/v2\/users\/1"}],"replies":[{"embeddable":true,"href":"https:\/\/www.amchambaq.com\/en\/wp-json\/wp\/v2\/comments?post=10368"}],"version-history":[{"count":1,"href":"https:\/\/www.amchambaq.com\/en\/wp-json\/wp\/v2\/posts\/10368\/revisions"}],"predecessor-version":[{"id":10369,"href":"https:\/\/www.amchambaq.com\/en\/wp-json\/wp\/v2\/posts\/10368\/revisions\/10369"}],"wp:featuredmedia":[{"embeddable":true,"href":"https:\/\/www.amchambaq.com\/en\/wp-json\/wp\/v2\/media\/10249"}],"wp:attachment":[{"href":"https:\/\/www.amchambaq.com\/en\/wp-json\/wp\/v2\/media?parent=10368"}],"wp:term":[{"taxonomy":"category","embeddable":true,"href":"https:\/\/www.amchambaq.com\/en\/wp-json\/wp\/v2\/categories?post=10368"},{"taxonomy":"post_tag","embeddable":true,"href":"https:\/\/www.amchambaq.com\/en\/wp-json\/wp\/v2\/tags?post=10368"}],"curies":[{"name":"wp","href":"https:\/\/api.w.org\/{rel}","templated":true}]}}