{"id":10339,"date":"2023-01-05T08:40:13","date_gmt":"2023-01-05T13:40:13","guid":{"rendered":"https:\/\/www.amchambaq.com\/?p=10339"},"modified":"2023-01-05T08:40:13","modified_gmt":"2023-01-05T13:40:13","slug":"ministerio-de-minas-y-energia-destaca-a-barranquilla-como-ciudad-lider-en-transicion-energetica","status":"publish","type":"post","link":"https:\/\/www.amchambaq.com\/en\/ministerio-de-minas-y-energia-destaca-a-barranquilla-como-ciudad-lider-en-transicion-energetica\/","title":{"rendered":"Ministerio de Minas y Energ\u00eda destaca a Barranquilla como ciudad l\u00edder en transici\u00f3n energ\u00e9tica"},"content":{"rendered":"<p>Reconociendo la apuesta de Barranquilla en su salto a la generaci\u00f3n de energ\u00edas renovables para la preservaci\u00f3n y cuidado del medioambiente, la ministra de Minas y Energ\u00eda, Irene V\u00e9lez, visit\u00f3 este mi\u00e9rcoles la F\u00e1brica de Cultura, una de las edificaciones p\u00fablicas de la ciudad que cuenta con sistema fotovoltaico para la autogeneraci\u00f3n de energ\u00eda que permite disminuir el consumo comercial y reducir la producci\u00f3n de CO2, lo que contribuye a la desaceleraci\u00f3n del cambio clim\u00e1tico.<\/p>\n<p>De acuerdo con la ministra, la F\u00e1brica de Cultura es un ejemplo del Distrito de Barranquilla en soluciones fotovoltaicas en las edificaciones p\u00fablicas. \u201cEsto puede generar una autosuficiencia energ\u00e9tica de instituciones educativas y culturales como esta, pero tambi\u00e9n podr\u00eda abanderar el funcionamiento del Gobierno en otros edificios\u201d, expres\u00f3.<\/p>\n<p>Asimismo, agreg\u00f3 que el Gobierno de la ciudad \u201ctiene toda esta perspectiva de ampliar la estrategia de soluciones fotovoltaicas, y yo creo que as\u00ed como Barranquilla lo est\u00e1 haciendo, podemos impactar otras ciudades del pa\u00eds con un esfuerzo colegiado entre el Gobierno nacional y los gobiernos locales, porque para nosotros la transici\u00f3n energ\u00e9tica justa consiste precisamente en promover estas soluciones de generaci\u00f3n que se fundan en energ\u00edas renovables no convencionales\u201d, destac\u00f3.<\/p>\n<p>En detalle, manifest\u00f3 que lo anterior tiene el potencial de generar una reducci\u00f3n de los costos de funcionamiento en los gobiernos, por lo que es algo que -desde el Plan Nacional de Desarrollo- est\u00e1n dispuestos a apoyar.<\/p>\n<p>Durante el recorrido, la funcionaria estuvo acompa\u00f1ada por el alcalde (e) Alfredo Carbonell; el gerente de APBAQ, Carlos Sarabia, y el jefe de la Oficina de Servicios P\u00fablicos, Juan Carlos G\u00f3mez.<\/p>\n<p>Para el alcalde (e), Alfredo Carbonell, la visita permiti\u00f3 mostrar el modelo de generaci\u00f3n de energ\u00eda fotovoltaica con paneles solares, a trav\u00e9s de un ejemplo de una edificaci\u00f3n p\u00fablica donde se aprovecha la luz solar para la autogeneraci\u00f3n.<\/p>\n<p>\u201cEste es apenas uno de los primeros de 300 proyectos en instituciones p\u00fablicas que queremos replicar. Vemos con complacencia que para el Gobierno nacional es un modelo asertivo y esperamos poder seguir trabajando en equipo para que siga creciendo en la ciudad y ojal\u00e1 en otras partes del pa\u00eds\u201d, se\u00f1al\u00f3.<\/p>\n<p><strong>Sistema fotovoltaico F\u00e1brica de Cultura<\/strong><\/p>\n<p>La F\u00e1brica de Cultura se encuentra ubicada en Barrio Abajo. El edificio, de condiciones bioclim\u00e1ticas, consta de 11.146 metros cuadrados de construcci\u00f3n, que integran una zona hist\u00f3rica dedicada a la conservaci\u00f3n patrimonial y un espacio moderno destinado al arte, la formaci\u00f3n y la divulgaci\u00f3n. En 9 pisos alberga un auditorio con cubierta tipo b\u00f3veda, plaza central, salas de producci\u00f3n, de teatro y de danza dotados con la m\u00e1s alta tecnolog\u00eda, adem\u00e1s de un gran escenario para exposiciones.<\/p>\n<p>El proyecto, cuyo dise\u00f1o estuvo a cargo del Instituto Tecnol\u00f3gico de Z\u00farich ETH-Z\u00farich y la Universidad del Norte, fue seleccionado como uno de los ganadores de los International Architecture Awards que otorga el Museo Ateneo de Chicago de Arquitectura y el Centro Europeo de Arquitectura, Arte, Dise\u00f1o y Estudios Urbanos.<\/p>\n<p>En este escenario cultural se instalaron 175 paneles solares de 335Wp, los cuales tienen \u00e1rea de 2m x 1m con una potencia pico de 58.6 kWp. Debido al uso de fuentes amigables, como son los sistemas fotovoltaicos, se estima la reducci\u00f3n de 34 Toneladas de CO2 anuales que contribuyen con la desaceleraci\u00f3n del cambio clim\u00e1tico y a un aire con menos contaminaci\u00f3n.<\/p>\n<p><strong>Energ\u00edas renovables en edificios p\u00fablicos\u00a0<\/strong><\/p>\n<p>Con la Instituci\u00f3n Educativa Distrital Sim\u00f3n Bol\u00edvar sede II tambi\u00e9n se dio el salto desde los colegios oficiales a la generaci\u00f3n de energ\u00eda renovable a trav\u00e9s de paneles solares. En este escenario se instalaron 100 paneles que beneficiar\u00e1n a 1.283 estudiantes y docentes y permitir\u00e1 el ahorro hasta en un 25 % en la facturaci\u00f3n, al tiempo que incentiva la generaci\u00f3n de empleos verdes y la reducci\u00f3n aproximada de 23.000\u00a0toneladas de gases de efecto invernadero.<\/p>\n<p>Esta transici\u00f3n llegar\u00e1 a otros edificios p\u00fablicos de la ciudad para suministrar energ\u00eda verde a los\u00a0CAMINO y PASO, colegios, escenarios deportivos, mercados, entre otros.<\/p>","protected":false},"excerpt":{"rendered":"<p>Reconociendo la apuesta de Barranquilla en su salto a la generaci\u00f3n de energ\u00edas renovables para la preservaci\u00f3n y cuidado del medioambiente, la ministra de Minas y Energ\u00eda, Irene V\u00e9lez, visit\u00f3 este mi\u00e9rcoles la F\u00e1brica de Cultura, una de las edificaciones p\u00fablicas de la ciudad que cuenta con sistema fotovoltaico para la autogeneraci\u00f3n de energ\u00eda que<\/p>","protected":false},"author":1,"featured_media":10340,"comment_status":"closed","ping_status":"closed","sticky":false,"template":"","format":"standard","meta":{"footnotes":""},"categories":[342,181],"tags":[],"class_list":["post-10339","post","type-post","status-publish","format-standard","has-post-thumbnail","hentry","category-news","category-noticias"],"views":58,"_links":{"self":[{"href":"https:\/\/www.amchambaq.com\/en\/wp-json\/wp\/v2\/posts\/10339","targetHints":{"allow":["GET"]}}],"collection":[{"href":"https:\/\/www.amchambaq.com\/en\/wp-json\/wp\/v2\/posts"}],"about":[{"href":"https:\/\/www.amchambaq.com\/en\/wp-json\/wp\/v2\/types\/post"}],"author":[{"embeddable":true,"href":"https:\/\/www.amchambaq.com\/en\/wp-json\/wp\/v2\/users\/1"}],"replies":[{"embeddable":true,"href":"https:\/\/www.amchambaq.com\/en\/wp-json\/wp\/v2\/comments?post=10339"}],"version-history":[{"count":1,"href":"https:\/\/www.amchambaq.com\/en\/wp-json\/wp\/v2\/posts\/10339\/revisions"}],"predecessor-version":[{"id":10341,"href":"https:\/\/www.amchambaq.com\/en\/wp-json\/wp\/v2\/posts\/10339\/revisions\/10341"}],"wp:featuredmedia":[{"embeddable":true,"href":"https:\/\/www.amchambaq.com\/en\/wp-json\/wp\/v2\/media\/10340"}],"wp:attachment":[{"href":"https:\/\/www.amchambaq.com\/en\/wp-json\/wp\/v2\/media?parent=10339"}],"wp:term":[{"taxonomy":"category","embeddable":true,"href":"https:\/\/www.amchambaq.com\/en\/wp-json\/wp\/v2\/categories?post=10339"},{"taxonomy":"post_tag","embeddable":true,"href":"https:\/\/www.amchambaq.com\/en\/wp-json\/wp\/v2\/tags?post=10339"}],"curies":[{"name":"wp","href":"https:\/\/api.w.org\/{rel}","templated":true}]}}