{"id":10281,"date":"2022-12-15T10:30:43","date_gmt":"2022-12-15T15:30:43","guid":{"rendered":"https:\/\/www.amchambaq.com\/?p=10281"},"modified":"2022-12-15T10:30:43","modified_gmt":"2022-12-15T15:30:43","slug":"dia-clave-para-fijar-el-reajuste-del-minimo","status":"publish","type":"post","link":"https:\/\/www.amchambaq.com\/en\/dia-clave-para-fijar-el-reajuste-del-minimo\/","title":{"rendered":"D\u00eda clave para fijar el reajuste del m\u00ednimo"},"content":{"rendered":"<p><b>Este jueves 15 de diciembre se cumple el plazo para que las centrales de trabajadores<\/b>\u00a0y los gremios se pongan de acuerdo en el reajuste del salario m\u00ednimo para 2023 que se discute desde la semana pasada en la mesa de concertaci\u00f3n de pol\u00edticas\u00a0<b>laborales y salariales.<\/b><\/p>\n<p>Y aunque las dos partes no han llegado a una cifra conjunta, en la jornada de ayer avanzaron en\u00a0<b>la mesa en varios acuerdos complementarios a la negociaci\u00f3n del m\u00ednimo.<br \/>\n<\/b><br \/>\nEn primer lugar, se alcanz\u00f3 un acuerdo en relaci\u00f3n con l<b>a desindexaci\u00f3n de bienes y servicios\u00a0<\/b>que est\u00e1n ligados al salario m\u00ednimo.<\/p>\n<p>Desde el Gobierno ya se tienen identificadas 204 categor\u00edas, en su mayor\u00eda ligadas al sector transporte, con 42 elementos; pero tambi\u00e9n en<b>\u00a0sectores como hacienda, laboral, educaci\u00f3n, agricultura, vivienda y TIC, entre otros.<\/b><\/p>\n<p id=\"p575639-m755-3-756\" class=\"parrafo\">Seg\u00fan confirm\u00f3 por el<b>\u00a0lado de los empresarios el presidente de Fenalco<\/b>, Jaime Alberto Cabal, eliminar esos \u00edtems se har\u00eda a trav\u00e9s de decretos o de proyectos de ley. \u201c<i>Algunos requieren leyes, lo que hemos hablado es que seguramente se van a involucrar en el Plan Nacional de Desarrollo\u201d,<\/i>\u00a0indic\u00f3.<\/p>\n<p id=\"p575639-m761-4-762\" class=\"parrafo\">Un segundo compromiso se relaciona con las tarifas de energ\u00eda y tomar medidas para que estas no contin\u00faen increment\u00e1ndose en la medida que lo vienen haciendo, tambi\u00e9n se habl\u00f3 de revisar as tasas de usura, y\u00a0<b>los precios de medicamentos.<\/b><\/p>\n<p><i>\u201cHaremos una solicitud formalmente al ministerio de Hacienda para bajar la tasa de usura, recalculando la f\u00f3rmula que hoy se aplica, para que los cr\u00e9ditos de las tarjetas y de consumo que hoy est\u00e1n en 40% bajen para el a\u00f1o entrante considerablemente\u201d,<\/i>\u00a0dijo Cabal.<\/p>\n<p id=\"p575639-m767-5-768\" class=\"parrafo\">Desde el lado de los sindicatos, Francisco Malt\u00e9s, presidente de la Central Unitaria de Trabajadores (CUT),\u00a0<b>expres\u00f3 su reconocimiento al Gobierno por recoger las propuestas<\/b>\u00a0que present\u00f3 el Comando Nacional Unitario para mantener el poder adquisitivo de los colombianos.<\/p>\n<p><i>\u201cLas propuestas referentes al control del precio del kilovatio de energ\u00eda, a la tasa de usura, los precios de los medicamentos, que est\u00e1n desbordados, y el desatar varios servicios del salario m\u00ednimo, lo que reducir\u00e1 su precio\u201d,<\/i>\u00a0dijo Malt\u00e9s.<\/p>\n<p id=\"p575639-m773-6-774\" class=\"parrafo\">Por su parte, la ministra de Trabajo,\u00a0<b>Gloria In\u00e9s Ram\u00edrez, confirm\u00f3 que la mesa de concertaci\u00f3n continuar\u00e1 hoy desde las 8:00 a.m.<\/b>\u00a0y reiter\u00f3 que la mesa viene trabajando en la construcci\u00f3n de una cifra del incremento del salario m\u00ednimo de manera unificada.<\/p>\n<p><i>\u201cEstamos trabajando para construir las medidas necesarias que permitan que los colombianos y colombianas tengan no solo la cifra, sino las acciones que permitan garantizar el valor adquisitivo del salario m\u00ednimo\u201d,\u00a0<\/i>dijo Ram\u00edrez.<\/p>\n<p>La negociaci\u00f3n en este momento parte de 13,77%, si se suma el \u00faltimo dato disponible de inflaci\u00f3n m\u00e1s la cifra de productividad (1,24%), y tiene como techo el 20% propuesto por los empresarios.<\/p>\n<p>Tomado de: PORTAFOLIO<\/p>","protected":false},"excerpt":{"rendered":"<p>Este jueves 15 de diciembre se cumple el plazo para que las centrales de trabajadores\u00a0y los gremios se pongan de acuerdo en el reajuste del salario m\u00ednimo para 2023 que se discute desde la semana pasada en la mesa de concertaci\u00f3n de pol\u00edticas\u00a0laborales y salariales. Y aunque las dos partes no han llegado a una<\/p>","protected":false},"author":1,"featured_media":10282,"comment_status":"closed","ping_status":"closed","sticky":false,"template":"","format":"standard","meta":{"footnotes":""},"categories":[342,181],"tags":[],"class_list":["post-10281","post","type-post","status-publish","format-standard","has-post-thumbnail","hentry","category-news","category-noticias"],"views":117,"_links":{"self":[{"href":"https:\/\/www.amchambaq.com\/en\/wp-json\/wp\/v2\/posts\/10281","targetHints":{"allow":["GET"]}}],"collection":[{"href":"https:\/\/www.amchambaq.com\/en\/wp-json\/wp\/v2\/posts"}],"about":[{"href":"https:\/\/www.amchambaq.com\/en\/wp-json\/wp\/v2\/types\/post"}],"author":[{"embeddable":true,"href":"https:\/\/www.amchambaq.com\/en\/wp-json\/wp\/v2\/users\/1"}],"replies":[{"embeddable":true,"href":"https:\/\/www.amchambaq.com\/en\/wp-json\/wp\/v2\/comments?post=10281"}],"version-history":[{"count":1,"href":"https:\/\/www.amchambaq.com\/en\/wp-json\/wp\/v2\/posts\/10281\/revisions"}],"predecessor-version":[{"id":10283,"href":"https:\/\/www.amchambaq.com\/en\/wp-json\/wp\/v2\/posts\/10281\/revisions\/10283"}],"wp:featuredmedia":[{"embeddable":true,"href":"https:\/\/www.amchambaq.com\/en\/wp-json\/wp\/v2\/media\/10282"}],"wp:attachment":[{"href":"https:\/\/www.amchambaq.com\/en\/wp-json\/wp\/v2\/media?parent=10281"}],"wp:term":[{"taxonomy":"category","embeddable":true,"href":"https:\/\/www.amchambaq.com\/en\/wp-json\/wp\/v2\/categories?post=10281"},{"taxonomy":"post_tag","embeddable":true,"href":"https:\/\/www.amchambaq.com\/en\/wp-json\/wp\/v2\/tags?post=10281"}],"curies":[{"name":"wp","href":"https:\/\/api.w.org\/{rel}","templated":true}]}}