{"id":10275,"date":"2022-12-14T08:52:25","date_gmt":"2022-12-14T13:52:25","guid":{"rendered":"https:\/\/www.amchambaq.com\/?p=10275"},"modified":"2022-12-14T08:52:25","modified_gmt":"2022-12-14T13:52:25","slug":"compra-de-tierras-para-la-reforma-agraria-comienza-en-la-costa-caribe","status":"publish","type":"post","link":"https:\/\/www.amchambaq.com\/en\/compra-de-tierras-para-la-reforma-agraria-comienza-en-la-costa-caribe\/","title":{"rendered":"Compra de tierras para la reforma agraria comienza en la Costa Caribe"},"content":{"rendered":"<p>El proceso de\u00a0<strong>compra de tierras<\/strong>\u00a0que han sido ofertadas por la Federaci\u00f3n Nacional de Ganaderos,\u00a0<strong>Fedeg\u00e1n<\/strong>, en el marco de la\u00a0<strong>reforma agraria\u00a0<\/strong>comenzar\u00e1 en la<strong>\u00a0regi\u00f3n Caribe\u00a0<\/strong>y en el\u00a0<strong>Magdalena Medio<\/strong>.<\/p>\n<p>La ministra de agricultura, Cecilia L\u00f3pez, dijo que en estas dos zonas del pa\u00eds se concentrar\u00e1 la operaci\u00f3n del catastro multiprop\u00f3sito.<\/p>\n<p>\u201cHemos recibido ofertas de Fedeg\u00e1n por 242.000 hect\u00e1reas en diferentes regiones, pero las compras se limitar\u00e1n a aquellas que est\u00e1n en el mapa de tierra productiva, que est\u00e1 subutilizada y donde los campesinos van a generar una din\u00e1mica y social muy importante con los proyectos productivos que vamos a dise\u00f1ar. El presidente Gustavo Petro ha sido muy claro: la reforma agraria es una prioridad&#8221;, explic\u00f3 la ministra.<\/p>\n<div class=\"field-item odd\">\n<div class=\"entity entity-paragraphs-item paragraphs-item-descripcion\">\n<div class=\"content\">\n<div class=\"field field-name-field-descripcion field-type-text-long field-label-hidden\">\n<div class=\"field-items\">\n<div class=\"field-item even\">\n<p>En cuanto a los recursos para la comprar estos predios, L\u00f3pez Monta\u00f1o sostuvo que junto con el ministro de Hacienda, Jos\u00e9 Antonio Ocampo, hay un compromiso para buscar el mecanismo de financiaci\u00f3n m\u00e1s id\u00f3neo para destinar los recursos.<\/p>\n<\/div>\n<\/div>\n<\/div>\n<\/div>\n<\/div>\n<\/div>\n<div class=\"field-item even\">\n<div id=\"relacionado-body\">\n<div class=\"box-title\">\n<p>&#8220;La tierra tiene que ser valorada por su capacidad productiva, que no sea inundable, que no exista sombra sobre su origen y propiedad. Adem\u00e1s, tendremos en cuenta que las compras se har\u00e1n dentro de la frontera agr\u00edcola actual, no en la altillanura&#8221;, dijo la ministra.<\/p>\n<p>Con este componente de la reforma agraria se busca recuperar la capacidad productiva que pueden generar familias\u00a0 de campesinos, ind\u00edgenas y afrodescendientes en el pa\u00eds.<\/p>\n<p>Tomado de: EL HERALDO<\/p>\n<\/div>\n<\/div>\n<\/div>","protected":false},"excerpt":{"rendered":"<p>El proceso de\u00a0compra de tierras\u00a0que han sido ofertadas por la Federaci\u00f3n Nacional de Ganaderos,\u00a0Fedeg\u00e1n, en el marco de la\u00a0reforma agraria\u00a0comenzar\u00e1 en la\u00a0regi\u00f3n Caribe\u00a0y en el\u00a0Magdalena Medio. La ministra de agricultura, Cecilia L\u00f3pez, dijo que en estas dos zonas del pa\u00eds se concentrar\u00e1 la operaci\u00f3n del catastro multiprop\u00f3sito. \u201cHemos recibido ofertas de Fedeg\u00e1n por 242.000 hect\u00e1reas<\/p>","protected":false},"author":1,"featured_media":10276,"comment_status":"closed","ping_status":"closed","sticky":false,"template":"","format":"standard","meta":{"footnotes":""},"categories":[342,181],"tags":[],"class_list":["post-10275","post","type-post","status-publish","format-standard","has-post-thumbnail","hentry","category-news","category-noticias"],"views":83,"_links":{"self":[{"href":"https:\/\/www.amchambaq.com\/en\/wp-json\/wp\/v2\/posts\/10275","targetHints":{"allow":["GET"]}}],"collection":[{"href":"https:\/\/www.amchambaq.com\/en\/wp-json\/wp\/v2\/posts"}],"about":[{"href":"https:\/\/www.amchambaq.com\/en\/wp-json\/wp\/v2\/types\/post"}],"author":[{"embeddable":true,"href":"https:\/\/www.amchambaq.com\/en\/wp-json\/wp\/v2\/users\/1"}],"replies":[{"embeddable":true,"href":"https:\/\/www.amchambaq.com\/en\/wp-json\/wp\/v2\/comments?post=10275"}],"version-history":[{"count":1,"href":"https:\/\/www.amchambaq.com\/en\/wp-json\/wp\/v2\/posts\/10275\/revisions"}],"predecessor-version":[{"id":10277,"href":"https:\/\/www.amchambaq.com\/en\/wp-json\/wp\/v2\/posts\/10275\/revisions\/10277"}],"wp:featuredmedia":[{"embeddable":true,"href":"https:\/\/www.amchambaq.com\/en\/wp-json\/wp\/v2\/media\/10276"}],"wp:attachment":[{"href":"https:\/\/www.amchambaq.com\/en\/wp-json\/wp\/v2\/media?parent=10275"}],"wp:term":[{"taxonomy":"category","embeddable":true,"href":"https:\/\/www.amchambaq.com\/en\/wp-json\/wp\/v2\/categories?post=10275"},{"taxonomy":"post_tag","embeddable":true,"href":"https:\/\/www.amchambaq.com\/en\/wp-json\/wp\/v2\/tags?post=10275"}],"curies":[{"name":"wp","href":"https:\/\/api.w.org\/{rel}","templated":true}]}}